{"id":8931,"date":"2023-07-08T13:20:07","date_gmt":"2023-07-08T13:20:07","guid":{"rendered":"https:\/\/kraios.app\/news\/yasam\/2023\/07\/08\/salgin-doneminde-koye-yerlesen-matematik-ogretmeni-ciftci-oldu\/"},"modified":"2023-07-08T13:20:07","modified_gmt":"2023-07-08T13:20:07","slug":"salgin-doneminde-koye-yerlesen-matematik-ogretmeni-ciftci-oldu","status":"publish","type":"post","link":"https:\/\/kraios.app\/news\/yasam\/2023\/07\/08\/salgin-doneminde-koye-yerlesen-matematik-ogretmeni-ciftci-oldu\/","title":{"rendered":"Salg\u0131n d\u00f6neminde k\u00f6ye yerle\u015fen matematik \u00f6\u011fretmeni, \u00e7ift\u00e7i oldu"},"content":{"rendered":"<p><\/p>\n<div>\n<p>S\u00fcleyman Demirel \u00dcniversitesi mezunu Eser (45), \u00f6zel kurulu\u015flarda yakla\u015f\u0131k 8 y\u0131l matematik \u00f6\u011fretmenli\u011fi yapmas\u0131n\u0131n ard\u0131ndan Kovid-19 d\u00f6neminde e\u015finin ailesinin ya\u015fad\u0131\u011f\u0131 Konakl\u0131 k\u00f6y\u00fcne yerle\u015fti.<\/p>\n<p>K\u00f6ydeki 15 d\u00f6n\u00fcml\u00fck arazilerinde \u00fcretim ad\u0131na neler yapabilece\u011fini d\u00fc\u015f\u00fcnen Eser, Halk E\u011fitimi Merkezi ile K\u00fc\u00e7\u00fck ve Orta \u00d6l\u00e7ekli \u0130\u015fletmeleri Geli\u015ftirme ve Destekleme \u0130daresi Ba\u015fkanl\u0131\u011f\u0131 (KOSGEB) destekleriyle a\u00e7\u0131lan lavanta yeti\u015ftiricili\u011fi ve ar\u0131c\u0131l\u0131k kurslar\u0131na kat\u0131ld\u0131.<\/p>\n<p><img decoding=\"async\" alt=\"\" src=\"https:\/\/www.aa.com.tr\/uploads\/userFiles\/54a427bf-71c5-4e63-a83d-6196709e92a3\/009_2023%2F006_2023%2F22_Temmuz%2F09%2F20230708_2_59413268_90789501.jpg\"\/><\/p>\n<p>E\u011fitimlerin ard\u0131ndan arazisinin 5 d\u00f6n\u00fcm\u00fcnde olu\u015fturdu\u011fu lavanta bah\u00e7esinden yapt\u0131\u011f\u0131 hasad\u0131 D\u00fczce \u00dcniversitesi T\u0131bbi ve Aromatik Bitki Yeti\u015ftiricili\u011fi alan\u0131ndaki \u00e7al\u0131\u015fmalar\u0131nda de\u011ferlendiren Eser, D\u00fczce Valili\u011fince kurulan Kad\u0131n Eme\u011fi Merkezi&#8217;ndeki d\u00fckkan\u0131nda da \u00fcr\u00fcnlerini satma imkan\u0131 buluyor.<\/p>\n<p>Eser, \u00f6\u011fretmenlik kariyerine tercih etti\u011fi \u00e7ift\u00e7ilik ser\u00fcveninin yan\u0131nda e\u011fitim ald\u0131\u011f\u0131 ar\u0131c\u0131l\u0131k alan\u0131na da ad\u0131m atarak, bah\u00e7esinin yan\u0131na kurdu\u011fu kovanlardaki ar\u0131lar\u0131yla lavanta bal\u0131 \u00fcretmeye ba\u015flad\u0131.<\/p>\n<p><img decoding=\"async\" alt=\"\" src=\"https:\/\/www.aa.com.tr\/uploads\/userFiles\/54a427bf-71c5-4e63-a83d-6196709e92a3\/009_2023%2F006_2023%2F22_Temmuz%2F09%2F20230708_2_59413268_90789502.jpg\"\/><\/p>\n<h3>Lavanta ve bal\u0131n ard\u0131ndan salep yeti\u015ftiricili\u011fine ba\u015flayacak<\/h3>\n<p>Eser, AA muhabirine, 3 y\u0131ld\u0131r \u00e7ift\u00e7ilik yapt\u0131\u011f\u0131n\u0131, lavanta ekimine ilk etapta hobi olarak ba\u015flad\u0131\u011f\u0131n\u0131 ancak daha sonra tutkuya d\u00f6n\u00fc\u015ft\u00fc\u011f\u00fcn\u00fc s\u00f6yledi.<\/p>\n<p>Lavantan\u0131n ya\u011f ve suyunu elde ettikten sonra yan \u00fcr\u00fcnler yapmaya da ba\u015flad\u0131\u011f\u0131n\u0131 anlatan Eser, &#8220;\u0130lk y\u0131l dikimin hemen ard\u0131ndan ar\u0131c\u0131lar\u0131n, &#8216;Ar\u0131lar lavantay\u0131 daha iyi a\u015f\u0131lar&#8217; tavsiyesiyle k\u00fc\u00e7\u00fck \u00e7apl\u0131 ar\u0131c\u0131l\u0131\u011fa ba\u015flad\u0131m. Ar\u0131lar lavantalar\u0131, lavantalar da ar\u0131lar\u0131 besledi ve burada ekolojik sistem olu\u015ftu.&#8221; dedi.<\/p>\n<p><img decoding=\"async\" alt=\"\" src=\"https:\/\/www.aa.com.tr\/uploads\/userFiles\/54a427bf-71c5-4e63-a83d-6196709e92a3\/009_2023%2F006_2023%2F22_Temmuz%2F09%2F20230708_2_59413268_90789503.jpg\"\/><\/p>\n<p>Eser, ge\u00e7en 3 y\u0131l i\u00e7erisinde kendini geli\u015ftirerek hem ekim alan\u0131n\u0131 hem de kovan say\u0131s\u0131n\u0131 art\u0131rd\u0131\u011f\u0131n\u0131 aktararak, lavanta \u00fczerine her \u015feyi yapmaya \u00e7al\u0131\u015ft\u0131\u011f\u0131n\u0131 ifade etti.<\/p>\n<p>&#8220;E\u011fitime her ya\u015fta devam ediyorum.&#8221;diyen Eser, devletin a\u00e7t\u0131\u011f\u0131 b\u00fct\u00fcn e\u011fitim programlar\u0131na kat\u0131ld\u0131\u011f\u0131n\u0131, KOSGEB \u0130leri Giri\u015fimcilik Sertifikas\u0131 ald\u0131\u011f\u0131n\u0131 kaydetti.<\/p>\n<p>Eser, bu y\u0131l ticari i\u015fletmeye d\u00f6n\u00fc\u015fmeyi ve salep yeti\u015ftiricili\u011fine girmek istedi\u011fini anlatarak, &#8220;Lavanta bah\u00e7emizin arkas\u0131nda 5 d\u00f6n\u00fcm bo\u015f arazimiz var, ekimini yapaca\u011f\u0131z. Tar\u0131m Bakanl\u0131\u011f\u0131ndan destek alaca\u011f\u0131z.&#8221; diye konu\u015ftu.<\/p>\n<p><img decoding=\"async\" alt=\"\" src=\"https:\/\/www.aa.com.tr\/uploads\/userFiles\/54a427bf-71c5-4e63-a83d-6196709e92a3\/009_2023%2F006_2023%2F22_Temmuz%2F09%2F20230708_2_59413268_90789504.jpg\"\/><\/p>\n<h3>&#8220;Kad\u0131n isterse her \u015feyi yapar ama aile deste\u011fi gerekiyor&#8221;<\/h3>\n<p>\u00c7ift\u00e7ilik yapma karar\u0131ndan memnuniyet duydu\u011funu dile getiren Eser, \u015f\u00f6yle devam etti:<\/p>\n<p>&#8220;Bundan 10 y\u0131l \u00f6ncesine d\u00f6nsem \u00f6\u011fretmenlik yapmazd\u0131m herhalde. Toprakla ilgilenirdim. \u0130nan\u0131lmaz mutluyum, e\u015fim de \u00e7ok mutlu. &#8216;Toprakla u\u011fra\u015fmak insan\u0131 din\u00e7 tutar&#8217; derler. Tek s\u0131k\u0131nt\u0131 zaman\u0131m\u0131z yetmiyor. Toprakla u\u011fra\u015fmak ve k\u00f6ye d\u00f6nmek i\u00e7in emeklili\u011fi bekleyenlere diyorum ki hayat\u0131ndan memnun olmayan herkes k\u00f6y\u00fcne geri d\u00f6ns\u00fcn. Toprakla u\u011fra\u015fs\u0131n.&#8221;<\/p>\n<p><img decoding=\"async\" alt=\"\" src=\"https:\/\/www.aa.com.tr\/uploads\/userFiles\/54a427bf-71c5-4e63-a83d-6196709e92a3\/009_2023%2F006_2023%2F22_Temmuz%2F09%2F20230708_2_59413268_90789505.jpg\"\/><\/p>\n<p>Eser, e\u015fini k\u00f6ye d\u00f6nmek i\u00e7in kendisinin ikna etti\u011finden bahsederek, e\u015finin \u00e7ok g\u00fc\u00e7l\u00fc destek sa\u011flad\u0131\u011f\u0131n\u0131 vurgulad\u0131.<\/p>\n<p>Kad\u0131n Eme\u011fi Merkezi&#8217;nde bir\u00e7ok kad\u0131n giri\u015fimcinin bulundu\u011funa dikkati \u00e7eken Eser, \u015funlar\u0131 s\u00f6yledi:<\/p>\n<p>&#8220;Kad\u0131n isterse her \u015feyi yapar. &#8216;Her ba\u015far\u0131l\u0131 erke\u011fin arkas\u0131nda bir kad\u0131n vard\u0131r&#8217; derler ama bence her ba\u015far\u0131l\u0131 kad\u0131n\u0131n arkas\u0131nda da bir erkek var ve bunun i\u00e7in de e\u015f deste\u011fi mutlaka gerekiyor. Ben bu konuda ger\u00e7ekten \u015fansl\u0131y\u0131m. Kad\u0131n isterse her \u015feyi yapar ama aile deste\u011fi de olmas\u0131 gerekiyor.&#8221;<\/p>\n<p>                            <span class=\"detay-foto-editor\">&#13;<br \/>\n                                <a href=\"https:\/\/www.aa.com.tr\/tr\/p\/abonelik-talep-formu\/1001\" target=\"_blank\" style=\"font-size:12px; color:#444; text-decoration:none;\" rel=\"noopener\">&#13;<br \/>\n                                    Anadolu Ajans\u0131 web sitesinde, AA Haber Ak\u0131\u015f Sistemi (HAS) \u00fczerinden abonelere sunulan haberler, \u00f6zetlenerek yay\u0131mlanmaktad\u0131r. <b style=\"color:#1897F7\">Abonelik i\u00e7in l\u00fctfen ileti\u015fime ge\u00e7iniz.<\/b>&#13;<br \/>\n                                <\/a>&#13;<br \/>\n                            <\/span>\n                        <\/div>\n<p><script>\n\t  window.fbAsyncInit = function() {\n\t\tFB.init({\n\t\t  appId: '1855843514662870',\n\t\t  status : true, \/\/ check login status\n\t\t  cookie : true, \/\/ enable cookies to allow the server to access the session\n\t\t  xfbml  : true  \/\/ parse XFBML\n\t\t});\n\t  };<\/p>\n<p>\t  (function() {\n\t\tvar e = document.createElement('script');\n\t\te.src=\"https:\/\/connect.facebook.net\/tr_TR\/all.js\";\n\t\te.async = true;\n\t\tdocument.getElementById('fb-root').appendChild(e);\n\t  }());\n    <\/script><\/p>\n","protected":false},"excerpt":{"rendered":"<p>S\u00fcleyman Demirel \u00dcniversitesi mezunu Eser (45), \u00f6zel kurulu\u015flarda yakla\u015f\u0131k 8 y\u0131l matematik \u00f6\u011fretmenli\u011fi yapmas\u0131n\u0131n ard\u0131ndan Kovid-19 d\u00f6neminde e\u015finin ailesinin ya\u015fad\u0131\u011f\u0131 Konakl\u0131 k\u00f6y\u00fcne yerle\u015fti. K\u00f6ydeki 15 d\u00f6n\u00fcml\u00fck arazilerinde \u00fcretim ad\u0131na neler yapabilece\u011fini d\u00fc\u015f\u00fcnen Eser, Halk E\u011fitimi Merkezi ile K\u00fc\u00e7\u00fck ve Orta \u00d6l\u00e7ekli \u0130\u015fletmeleri Geli\u015ftirme ve Destekleme \u0130daresi Ba\u015fkanl\u0131\u011f\u0131 (KOSGEB) destekleriyle a\u00e7\u0131lan lavanta yeti\u015ftiricili\u011fi ve ar\u0131c\u0131l\u0131k kurslar\u0131na [&hellip;]<\/p>\n","protected":false},"author":1,"featured_media":8932,"comment_status":"","ping_status":"","sticky":false,"template":"","format":"standard","meta":[],"categories":[50],"tags":[],"_links":{"self":[{"href":"https:\/\/kraios.app\/news\/wp-json\/wp\/v2\/posts\/8931"}],"collection":[{"href":"https:\/\/kraios.app\/news\/wp-json\/wp\/v2\/posts"}],"about":[{"href":"https:\/\/kraios.app\/news\/wp-json\/wp\/v2\/types\/post"}],"author":[{"embeddable":true,"href":"https:\/\/kraios.app\/news\/wp-json\/wp\/v2\/users\/1"}],"replies":[{"embeddable":true,"href":"https:\/\/kraios.app\/news\/wp-json\/wp\/v2\/comments?post=8931"}],"version-history":[{"count":0,"href":"https:\/\/kraios.app\/news\/wp-json\/wp\/v2\/posts\/8931\/revisions"}],"wp:featuredmedia":[{"embeddable":true,"href":"https:\/\/kraios.app\/news\/wp-json\/wp\/v2\/media\/8932"}],"wp:attachment":[{"href":"https:\/\/kraios.app\/news\/wp-json\/wp\/v2\/media?parent=8931"}],"wp:term":[{"taxonomy":"category","embeddable":true,"href":"https:\/\/kraios.app\/news\/wp-json\/wp\/v2\/categories?post=8931"},{"taxonomy":"post_tag","embeddable":true,"href":"https:\/\/kraios.app\/news\/wp-json\/wp\/v2\/tags?post=8931"}],"curies":[{"name":"wp","href":"https:\/\/api.w.org\/{rel}","templated":true}]}}