{"id":8910,"date":"2023-07-08T09:45:39","date_gmt":"2023-07-08T09:45:39","guid":{"rendered":"https:\/\/kraios.app\/news\/yasam\/2023\/07\/08\/hayali-olan-universiteden-82-yasinda-mezun-oldu\/"},"modified":"2023-07-08T09:45:39","modified_gmt":"2023-07-08T09:45:39","slug":"hayali-olan-universiteden-82-yasinda-mezun-oldu","status":"publish","type":"post","link":"https:\/\/kraios.app\/news\/yasam\/2023\/07\/08\/hayali-olan-universiteden-82-yasinda-mezun-oldu\/","title":{"rendered":"Hayali olan \u00fcniversiteden 82 ya\u015f\u0131nda mezun oldu"},"content":{"rendered":"<p><\/p>\n<div>\n<p>\u0130stanbul \u00dcniversitesi Fen Fak\u00fcltesi Biyoloji B\u00f6l\u00fcm\u00fcnden mezun olan Balka\u015f, 1973-1997 y\u0131llar\u0131nda \u0130stanbul ve Kastamonu&#8217;da biyoloji \u00f6\u011fretmenli\u011fi yapt\u0131. Resme b\u00fcy\u00fck ilgi duyan Balka\u015f, bu alanda duydu\u011fu e\u011fitim iste\u011fine \u00e7e\u015fitli sebeplerden ula\u015famad\u0131.<\/p>\n<p>Emeklili\u011finin ard\u0131ndan Kastamonu&#8217;nun Ara\u00e7 il\u00e7esindeki k\u00f6y\u00fcnde ya\u015famaya ba\u015flayan Balka\u015f, evinin balkonunda resimler yaparak hobisini s\u00fcrd\u00fcrd\u00fc.<\/p>\n<p><img decoding=\"async\" alt=\"\" src=\"https:\/\/www.aa.com.tr\/uploads\/userFiles\/54a427bf-71c5-4e63-a83d-6196709e92a3\/009_2023%2F006_2023%2F22_Temmuz%2F18%2F20230708_2_59412834_90787592.jpg\"\/><\/p>\n<p>Teknik ve bilgi olarak kendisini yetersiz hisseden Balka\u015f, 2018&#8217;de girdi\u011fi \u00fcniversite s\u0131nav\u0131nda yeterli puan\u0131 almas\u0131n\u0131n ard\u0131ndan Kastamonu \u00dcniversitesi G\u00fczel Sanatlar ve Tasar\u0131m Fak\u00fcltesi Resim B\u00f6l\u00fcm\u00fc \u00f6zel yetenek s\u0131nav\u0131n\u0131 kazand\u0131.<\/p>\n<p>Balka\u015f, e\u011fitimine devam etti\u011fi s\u0131rada \u00e7e\u015fitli rahats\u0131zl\u0131klar ve ameliyatlar ge\u00e7irmesine ra\u011fmen fak\u00fclteyi \u00fc\u00e7\u00fcnc\u00fcl\u00fckle bitirmeyi ba\u015fard\u0131.<\/p>\n<p><img decoding=\"async\" alt=\"\" src=\"https:\/\/www.aa.com.tr\/uploads\/userFiles\/54a427bf-71c5-4e63-a83d-6196709e92a3\/009_2023%2F006_2023%2F22_Temmuz%2F18%2F20230708_2_59412834_90787593.jpg\"\/><\/p>\n<h3>&#8220;Bilgisiz bir \u015fey olmuyor; gen\u00e7ler gen\u00e7liklerinin k\u0131ymetini bilsin&#8221;<\/h3>\n<p>Kastamonu \u00dcniversitesinin mezuniyet t\u00f6reninde kep f\u0131rlatan Balka\u015f, gazetecilere, 82 ya\u015f\u0131nda istedi\u011fi b\u00f6l\u00fcmden mezun oldu\u011funu belirterek, &#8220;\u00dcniversiteye girmeden \u00f6nce de resim yap\u0131yordum. Bunun bilgisini \u00f6\u011frenmek istedim. Bilgisiz bir \u015fey olmuyor. Gen\u00e7ler gen\u00e7liklerinin k\u0131ymetini bilsinler.&#8221; ifadesini kulland\u0131.<\/p>\n<p>Evinin balkonunda resim yapmay\u0131 s\u00fcrd\u00fcrece\u011fini dile getiren Balka\u015f, &#8220;Okuman\u0131n ya\u015f\u0131 yok ama gen\u00e7lerin her \u015feyi gen\u00e7likte yapmas\u0131 laz\u0131m. Bu i\u015fler benim ya\u015f\u0131ma gelince zor. Ben zorland\u0131m, hastaland\u0131m.&#8221; dedi.<\/p>\n<p><img decoding=\"async\" alt=\"\" src=\"https:\/\/www.aa.com.tr\/uploads\/userFiles\/54a427bf-71c5-4e63-a83d-6196709e92a3\/009_2023%2F006_2023%2F22_Temmuz%2F18%2F20230708_2_59412834_90787595.jpg\"\/><\/p>\n<h3>Fatma G\u00fcl \u00c7ohadar da 61 ya\u015f\u0131nda \u00fcniversiteyi fak\u00fclte birincisi olarak bitirdi<\/h3>\n<p>\u0130nsan ve Toplum Bilimleri Fak\u00fcltesi Felsefe B\u00f6l\u00fcm\u00fcn\u00fc bitiren ve fak\u00fclte birincisi olan 61 ya\u015f\u0131ndaki Fatma G\u00fcl \u00c7ohadar ise gen\u00e7li\u011finde okuma f\u0131rsat\u0131 bulamad\u0131\u011f\u0131n\u0131 s\u00f6yledi.<\/p>\n<p>B\u00f6l\u00fcm\u00fcn\u00fc b\u00fcy\u00fck zevkle okudu\u011funu vurgulayan \u00c7ohadar, &#8220;\u015eimdi bitti diye \u00e7ok \u00fcz\u00fcl\u00fcyorum. \u00c7\u00fcnk\u00fc hayat bir okul, bizler o okulun ebedi \u00f6\u011frencileriyiz.&#8221; diye konu\u015ftu.<\/p>\n<p>Gen\u00e7lere tavsiyede bulunan \u00c7ohadar, &#8220;Ellerinde f\u0131rsat varken okusunlar sonuna kadar. Sonra ya\u015flan\u0131nca ukde kal\u0131yor insan\u0131n i\u00e7inde ama o ukdenin \u00f6l\u00fcme kadar gitmesine izin vermemek gerekti\u011fine inan\u0131yorum. Ka\u00e7 ya\u015f\u0131nda olursak olal\u0131m, bir f\u0131rsat\u0131 buldu\u011fumuz zaman okumam\u0131z\u0131 bitirebiliriz.&#8221; diye konu\u015ftu.<\/p>\n<p>\u00c7ohadar, pedagojik formasyon ald\u0131\u011f\u0131n\u0131, y\u00fcksek lisans ve doktora yapmay\u0131 d\u00fc\u015f\u00fcnd\u00fc\u011f\u00fcn\u00fc s\u00f6zlerine ekledi.<\/p>\n<p>                            <span class=\"detay-foto-editor\">&#13;<br \/>\n                                <a href=\"https:\/\/www.aa.com.tr\/tr\/p\/abonelik-talep-formu\/1001\" target=\"_blank\" style=\"font-size:12px; color:#444; text-decoration:none;\" rel=\"noopener\">&#13;<br \/>\n                                    Anadolu Ajans\u0131 web sitesinde, AA Haber Ak\u0131\u015f Sistemi (HAS) \u00fczerinden abonelere sunulan haberler, \u00f6zetlenerek yay\u0131mlanmaktad\u0131r. <b style=\"color:#1897F7\">Abonelik i\u00e7in l\u00fctfen ileti\u015fime ge\u00e7iniz.<\/b>&#13;<br \/>\n                                <\/a>&#13;<br \/>\n                            <\/span>\n                        <\/div>\n<p><script>\n\t  window.fbAsyncInit = function() {\n\t\tFB.init({\n\t\t  appId: '1855843514662870',\n\t\t  status : true, \/\/ check login status\n\t\t  cookie : true, \/\/ enable cookies to allow the server to access the session\n\t\t  xfbml  : true  \/\/ parse XFBML\n\t\t});\n\t  };<\/p>\n<p>\t  (function() {\n\t\tvar e = document.createElement('script');\n\t\te.src=\"https:\/\/connect.facebook.net\/tr_TR\/all.js\";\n\t\te.async = true;\n\t\tdocument.getElementById('fb-root').appendChild(e);\n\t  }());\n    <\/script><\/p>\n","protected":false},"excerpt":{"rendered":"<p>\u0130stanbul \u00dcniversitesi Fen Fak\u00fcltesi Biyoloji B\u00f6l\u00fcm\u00fcnden mezun olan Balka\u015f, 1973-1997 y\u0131llar\u0131nda \u0130stanbul ve Kastamonu&#8217;da biyoloji \u00f6\u011fretmenli\u011fi yapt\u0131. Resme b\u00fcy\u00fck ilgi duyan Balka\u015f, bu alanda duydu\u011fu e\u011fitim iste\u011fine \u00e7e\u015fitli sebeplerden ula\u015famad\u0131. Emeklili\u011finin ard\u0131ndan Kastamonu&#8217;nun Ara\u00e7 il\u00e7esindeki k\u00f6y\u00fcnde ya\u015famaya ba\u015flayan Balka\u015f, evinin balkonunda resimler yaparak hobisini s\u00fcrd\u00fcrd\u00fc. Teknik ve bilgi olarak kendisini yetersiz hisseden Balka\u015f, 2018&#8217;de girdi\u011fi [&hellip;]<\/p>\n","protected":false},"author":1,"featured_media":8911,"comment_status":"","ping_status":"","sticky":false,"template":"","format":"standard","meta":[],"categories":[50],"tags":[],"_links":{"self":[{"href":"https:\/\/kraios.app\/news\/wp-json\/wp\/v2\/posts\/8910"}],"collection":[{"href":"https:\/\/kraios.app\/news\/wp-json\/wp\/v2\/posts"}],"about":[{"href":"https:\/\/kraios.app\/news\/wp-json\/wp\/v2\/types\/post"}],"author":[{"embeddable":true,"href":"https:\/\/kraios.app\/news\/wp-json\/wp\/v2\/users\/1"}],"replies":[{"embeddable":true,"href":"https:\/\/kraios.app\/news\/wp-json\/wp\/v2\/comments?post=8910"}],"version-history":[{"count":0,"href":"https:\/\/kraios.app\/news\/wp-json\/wp\/v2\/posts\/8910\/revisions"}],"wp:featuredmedia":[{"embeddable":true,"href":"https:\/\/kraios.app\/news\/wp-json\/wp\/v2\/media\/8911"}],"wp:attachment":[{"href":"https:\/\/kraios.app\/news\/wp-json\/wp\/v2\/media?parent=8910"}],"wp:term":[{"taxonomy":"category","embeddable":true,"href":"https:\/\/kraios.app\/news\/wp-json\/wp\/v2\/categories?post=8910"},{"taxonomy":"post_tag","embeddable":true,"href":"https:\/\/kraios.app\/news\/wp-json\/wp\/v2\/tags?post=8910"}],"curies":[{"name":"wp","href":"https:\/\/api.w.org\/{rel}","templated":true}]}}