{"id":8908,"date":"2023-07-08T09:20:08","date_gmt":"2023-07-08T09:20:08","guid":{"rendered":"https:\/\/kraios.app\/news\/gundem\/2023\/07\/08\/5gye-gecis-icin-yol-haritasi-olusturuluyor\/"},"modified":"2023-07-08T09:20:08","modified_gmt":"2023-07-08T09:20:08","slug":"5gye-gecis-icin-yol-haritasi-olusturuluyor","status":"publish","type":"post","link":"https:\/\/kraios.app\/news\/gundem\/2023\/07\/08\/5gye-gecis-icin-yol-haritasi-olusturuluyor\/","title":{"rendered":"5G&#8217;ye ge\u00e7i\u015f i\u00e7in yol haritas\u0131 olu\u015fturuluyor"},"content":{"rendered":"<p><\/p>\n<div>\n<p>Uralo\u011flu AA muhabirine yapt\u0131\u011f\u0131 a\u00e7\u0131klamada, 5G teknolojisinin \u00fclkenin haberle\u015fme \u015febekelerinde yerini almaya ba\u015flamas\u0131 i\u00e7in Bakanl\u0131k ve Bilgi Teknolojileri ve \u0130leti\u015fim Kurumu (BTK) taraf\u0131ndan \u00f6nemli \u00e7al\u0131\u015fmalar y\u00fcr\u00fct\u00fcld\u00fc\u011f\u00fcn\u00fc, i\u015fletmeciler ve ilgili teknoloji firmalar\u0131yla yak\u0131n i\u015fbirli\u011fi i\u00e7inde \u00e7al\u0131\u015fmalara devam edildi\u011fini bildirdi.<\/p>\n<p><img decoding=\"async\" alt=\"\" src=\"https:\/\/www.aa.com.tr\/uploads\/userFiles\/54a427bf-71c5-4e63-a83d-6196709e92a3\/009_2023%2F006_2023%2F22_Temmuz%2F19%2F20230708_2_59412662_90786784.jpg\"\/><\/p>\n<p>Yerli \u00fcr\u00fcn kullan\u0131m\u0131n\u0131n yan\u0131 s\u0131ra 5G ve \u00f6tesi teknolojilere y\u00f6nelik kritik bile\u015fenlerin millile\u015ftirilmesinin temel \u00f6ncelikleri oldu\u011funa dikkati \u00e7eken Uralo\u011flu, &#8220;Bu kapsamda 4,5G baz istasyonu geli\u015ftirme projesi olan ULAK projemiz \u00fclkemizin y\u00fcksek teknoloji \u00fcr\u00fcn geli\u015ftirme \u00e7al\u0131\u015fmalar\u0131 kapsam\u0131nda \u00f6nemli bir ad\u0131m\u0131 te\u015fkil etmektedir. 2013&#8217;te ba\u015flat\u0131lan ULAK projesi \u00f6zelinde bir\u00e7ok \u00e7al\u0131\u015fma yap\u0131lm\u0131\u015f ve bu projeye ba\u015f\u0131ndan itibaren Bakanl\u0131\u011f\u0131m\u0131z ve BTK taraf\u0131ndan gereken destekler verilmi\u015f ve verilmeye devam edilmektedir. Burada operat\u00f6rlerimizin de ULAK projesinin geli\u015fim s\u00fcrecinde \u00f6nemli katk\u0131lar\u0131 olmu\u015ftur. Geldi\u011fimiz noktada, 4,5G ULAK baz istasyonlar\u0131m\u0131z yakla\u015f\u0131k 2 bin 447 sahada aktif olarak kullan\u0131lmaktad\u0131r.&#8221; diye konu\u015ftu.<\/p>\n<p>Uralo\u011flu, Bakanl\u0131k ve BTK koordinasyonunda 5G \u015febekesinin hemen hemen t\u00fcm yaz\u0131l\u0131m ve donan\u0131m bile\u015fenlerinde \u00fclkenin m\u00fchendislik g\u00fcc\u00fc ve el eme\u011finin yer almas\u0131 amac\u0131yla y\u00fcr\u00fct\u00fclen \u00e7al\u0131\u015fmalara T\u00dcB\u0130TAK gibi ilgili Kurumlar taraf\u0131ndan da destekler verildi\u011fini vurgulad\u0131.<\/p>\n<h3>End\u00fcstriyel alanlar 5G kapsamas\u0131nda olacak<\/h3>\n<p>Ula\u015ft\u0131rma, Denizcilik ve Haberle\u015fme Ara\u015ft\u0131rmalar\u0131 Merkezi Ba\u015fkanl\u0131\u011f\u0131 taraf\u0131ndan 5G teknolojilerini geli\u015ftirmeyi hedefleyen firmalar\u0131 desteklemek amac\u0131yla ba\u015flat\u0131lan projenin son de\u011ferlendirmelerinin yap\u0131ld\u0131\u011f\u0131n\u0131n alt\u0131n\u0131 \u00e7izen Uralo\u011flu, \u015f\u00f6yle konu\u015ftu:<\/p>\n<p>&#8220;K\u0131sa bir s\u00fcre i\u00e7erisinde projeyi tamamlamay\u0131, 2024 y\u0131l\u0131nda 5G&#8217;ye ge\u00e7i\u015f plan\u0131n\u0131 kamuoyu ile payla\u015f\u0131lmay\u0131 hedefliyoruz. 5G yol haritas\u0131nda \u00f6nceli\u011fimiz yerli ve milli \u00fcr\u00fcnlerin kullan\u0131lmas\u0131 olacakt\u0131r. Bu nedenle 5G altyap\u0131m\u0131z\u0131n kritik \u015febeke unsurlar\u0131n\u0131n BTK taraf\u0131ndan tan\u0131mlanan &#8216;milli haberle\u015fme \u00fcr\u00fcn\u00fc&#8217; niteli\u011finde olmas\u0131 i\u00e7in \u00e7al\u0131\u015fmalar\u0131m\u0131z\u0131 yapaca\u011f\u0131z. 5G&#8217;de kullan\u0131labilecek frekanslar\u0131n, sekt\u00f6r\u00fcm\u00fcz\u00fcn ve vatanda\u015flar\u0131m\u0131z\u0131n ihtiyac\u0131 olduk\u00e7a kullan\u0131ma a\u00e7\u0131lmas\u0131n\u0131 sa\u011flayaca\u011f\u0131z. Di\u011fer bir deyi\u015fle, mevcut frekanslar\u0131n tamam\u0131n\u0131n ilk etapta sekt\u00f6re a\u00e7\u0131lmas\u0131 de\u011fil, kamu kayna\u011f\u0131 olan frekans\u0131 do\u011fru zamanda ve ihtiyac\u0131 kar\u015f\u0131layacak \u015fekilde verilmesini planl\u0131yoruz. Hizmet g\u00f6t\u00fcr\u00fclecek alanlarda kapsama y\u00fck\u00fcml\u00fcl\u00fcklerinin 2G, 3G ve 4,5G&#8217;deki n\u00fcfus a\u011f\u0131rl\u0131kl\u0131 kapsama y\u00fck\u00fcml\u00fc\u011f\u00fcnden farkl\u0131 olarak, end\u00fcstriyel alanlar\u0131 belirli \u00f6l\u00e7\u00fcde kapsamas\u0131n\u0131n zorunlu tutulmas\u0131 y\u00f6n\u00fcnde planlamalar\u0131m\u0131z var. Elektronik haberle\u015fme sekt\u00f6r\u00fcnde baz istasyonlar\u0131n\u0131n kurulumu, planlamas\u0131 \u00f6zel bir ihtisas gerektirdi\u011finden, 5G&#8217;de end\u00fcstriyel alanlar\u0131n ihtiyac\u0131 mobil operat\u00f6rlerimiz vas\u0131tas\u0131 ile kar\u015f\u0131lanacakt\u0131r.&#8221;<\/p>\n<h3>5G teknolojileri mobil i\u015fletmeciler \u00fczerinden test ediliyor<\/h3>\n<p>AA muhabirinin Bakanl\u0131ktan ald\u0131\u011f\u0131 bilgilere g\u00f6re, T\u00fcrkiye&#8217;de 5G teknolojileri \u00f6zellikle mobil i\u015fletmeciler taraf\u0131ndan test ediliyor, Bu kapsamda, Ankara&#8217;da bir hastanede ger\u00e7ekle\u015ftirilen ameliyat, cerrahlar\u0131n kulland\u0131\u011f\u0131 5G ba\u011flant\u0131l\u0131 ak\u0131ll\u0131 g\u00f6zl\u00fck sayesinde, \u00e7ok d\u00fc\u015f\u00fck gecikmeli ve y\u00fcksek kaliteli g\u00f6r\u00fcnt\u00fc aktar\u0131m\u0131yla farkl\u0131 illerdeki doktorlara anl\u0131k olarak aktar\u0131ld\u0131.<\/p>\n<p>Halihaz\u0131rda \u00fclkede bir mobil i\u015fletmecisiyle bir beyaz e\u015fya \u00fcreticisi mevcut 4,5G \u015febekesi \u00fczerinden fabrika otomasyonu konusunda bir proje \u00fczerinde \u00e7al\u0131\u015f\u0131yor. Proje kapsam\u0131nda, fabrikadaki hareketli nesnelerin kamera ile anl\u0131k olarak izlenmesi, say\u0131m\u0131, \u00fcretimde kullan\u0131lan sac kal\u0131nl\u0131klar\u0131n\u0131n, saclarda \u00e7izik olup olmad\u0131\u011f\u0131n\u0131n tespiti, hata tespiti gibi faaliyetlerin g\u00fcn\u00fcm\u00fczde 4,5G ile ba\u015flayarak ilerleyen d\u00f6nemde de 5G \u00fczerinden ger\u00e7ekle\u015ftirilmesi hedefleniyor.<\/p>\n<p>Uluslararas\u0131 bir proje niteli\u011finde olan ve Avrupa Birli\u011fi fonlar\u0131yla da desteklenen di\u011fer bir proje kapsam\u0131nda da Yunanistan&#8217;dan T\u00fcrkiye&#8217;ye veya T\u00fcrkiye&#8217;den Yunanistan&#8217;a ge\u00e7ecek nakliye ara\u00e7lar\u0131nda, t\u0131rlarda otonom s\u00fcr\u00fc\u015f denemesi ger\u00e7ekle\u015ftiriliyor.<\/p>\n<h3>Yerli \u00fcretim ekosistemi geli\u015ftiriliyor<\/h3>\n<p>Elektronik haberle\u015fme sekt\u00f6r\u00fcnde AG-GE \u00e7al\u0131\u015fmalar\u0131n\u0131n geli\u015fmesi, KOB\u0130&#8217;lerin pazar paylar\u0131n\u0131n artmas\u0131, yerli \u00fcretim ekosisteminin desteklenmesi ve yerli \u00fcr\u00fcn kullan\u0131m\u0131n\u0131n te\u015fvik edilmesi ama\u00e7lar\u0131yla BTK taraf\u0131ndan i\u015fletmecilere birtak\u0131m y\u00fck\u00fcml\u00fcl\u00fckler getirildi.<\/p>\n<p>Sekt\u00f6rde mobil i\u015fletmecilerin 4,5G \u015febeke altyap\u0131lar\u0131nda kullan\u0131lan \u00fcr\u00fcnlere ili\u015fkin yerlilik oran\u0131 2021&#8217;de yakla\u015f\u0131k y\u00fczde 33 seviyesinde ger\u00e7ekle\u015fti, bilgi teknolojileri sekt\u00f6r\u00fcn\u00fcn hizmet ve yaz\u0131l\u0131m alt sekt\u00f6rlerinde yerli \u00fcretim pay\u0131 ise y\u00fczde 75&#8217;leri buldu. Bu oranlar\u0131n art\u0131r\u0131lmas\u0131na y\u00f6nelik \u00e7al\u0131\u015fmalar s\u00fcrd\u00fcr\u00fcl\u00fcyor.<\/p>\n<p>\u00d6te yandan i\u00e7 pazar b\u00fcy\u00fckl\u00fc\u011f\u00fcne bak\u0131ld\u0131\u011f\u0131nda 4,5G yetkilendirmesi kapsam\u0131nda mevcut durumda i\u015fletmeciler taraf\u0131ndan y\u0131ll\u0131k yakla\u015f\u0131k 2 milyar liral\u0131k donan\u0131m ve yaz\u0131l\u0131m yat\u0131r\u0131m\u0131 yap\u0131ld\u0131\u011f\u0131, 5G ile bu rakam\u0131n daha da y\u00fckselece\u011fi tahmin ediliyor.<\/p>\n<p>5G \u015febekelerinde belirli \u00fcr\u00fcnlerin milli haberle\u015fme \u00fcr\u00fcn\u00fc tan\u0131m\u0131na uygun olarak geli\u015ftirilen \u00fcr\u00fcnlerden kullan\u0131lmas\u0131na y\u00f6nelik d\u00fczenlemelerin hayata ge\u00e7irilmesi planlan\u0131yor.<\/p>\n<p>                            <span class=\"detay-foto-editor\">&#13;<br \/>\n                                <a href=\"https:\/\/www.aa.com.tr\/tr\/p\/abonelik-talep-formu\/1001\" target=\"_blank\" style=\"font-size:12px; color:#444; text-decoration:none;\" rel=\"noopener\">&#13;<br \/>\n                                    Anadolu Ajans\u0131 web sitesinde, AA Haber Ak\u0131\u015f Sistemi (HAS) \u00fczerinden abonelere sunulan haberler, \u00f6zetlenerek yay\u0131mlanmaktad\u0131r. <b style=\"color:#1897F7\">Abonelik i\u00e7in l\u00fctfen ileti\u015fime ge\u00e7iniz.<\/b>&#13;<br \/>\n                                <\/a>&#13;<br \/>\n                            <\/span>\n                        <\/div>\n<p><script>\n\t  window.fbAsyncInit = function() {\n\t\tFB.init({\n\t\t  appId: '1855843514662870',\n\t\t  status : true, \/\/ check login status\n\t\t  cookie : true, \/\/ enable cookies to allow the server to access the session\n\t\t  xfbml  : true  \/\/ parse XFBML\n\t\t});\n\t  };<\/p>\n<p>\t  (function() {\n\t\tvar e = document.createElement('script');\n\t\te.src=\"https:\/\/connect.facebook.net\/tr_TR\/all.js\";\n\t\te.async = true;\n\t\tdocument.getElementById('fb-root').appendChild(e);\n\t  }());\n    <\/script><\/p>\n","protected":false},"excerpt":{"rendered":"<p>Uralo\u011flu AA muhabirine yapt\u0131\u011f\u0131 a\u00e7\u0131klamada, 5G teknolojisinin \u00fclkenin haberle\u015fme \u015febekelerinde yerini almaya ba\u015flamas\u0131 i\u00e7in Bakanl\u0131k ve Bilgi Teknolojileri ve \u0130leti\u015fim Kurumu (BTK) taraf\u0131ndan \u00f6nemli \u00e7al\u0131\u015fmalar y\u00fcr\u00fct\u00fcld\u00fc\u011f\u00fcn\u00fc, i\u015fletmeciler ve ilgili teknoloji firmalar\u0131yla yak\u0131n i\u015fbirli\u011fi i\u00e7inde \u00e7al\u0131\u015fmalara devam edildi\u011fini bildirdi. Yerli \u00fcr\u00fcn kullan\u0131m\u0131n\u0131n yan\u0131 s\u0131ra 5G ve \u00f6tesi teknolojilere y\u00f6nelik kritik bile\u015fenlerin millile\u015ftirilmesinin temel \u00f6ncelikleri oldu\u011funa dikkati [&hellip;]<\/p>\n","protected":false},"author":1,"featured_media":8909,"comment_status":"","ping_status":"","sticky":false,"template":"","format":"standard","meta":[],"categories":[1],"tags":[],"_links":{"self":[{"href":"https:\/\/kraios.app\/news\/wp-json\/wp\/v2\/posts\/8908"}],"collection":[{"href":"https:\/\/kraios.app\/news\/wp-json\/wp\/v2\/posts"}],"about":[{"href":"https:\/\/kraios.app\/news\/wp-json\/wp\/v2\/types\/post"}],"author":[{"embeddable":true,"href":"https:\/\/kraios.app\/news\/wp-json\/wp\/v2\/users\/1"}],"replies":[{"embeddable":true,"href":"https:\/\/kraios.app\/news\/wp-json\/wp\/v2\/comments?post=8908"}],"version-history":[{"count":0,"href":"https:\/\/kraios.app\/news\/wp-json\/wp\/v2\/posts\/8908\/revisions"}],"wp:featuredmedia":[{"embeddable":true,"href":"https:\/\/kraios.app\/news\/wp-json\/wp\/v2\/media\/8909"}],"wp:attachment":[{"href":"https:\/\/kraios.app\/news\/wp-json\/wp\/v2\/media?parent=8908"}],"wp:term":[{"taxonomy":"category","embeddable":true,"href":"https:\/\/kraios.app\/news\/wp-json\/wp\/v2\/categories?post=8908"},{"taxonomy":"post_tag","embeddable":true,"href":"https:\/\/kraios.app\/news\/wp-json\/wp\/v2\/tags?post=8908"}],"curies":[{"name":"wp","href":"https:\/\/api.w.org\/{rel}","templated":true}]}}