{"id":8900,"date":"2023-07-08T04:20:04","date_gmt":"2023-07-08T04:20:04","guid":{"rendered":"https:\/\/kraios.app\/news\/yasam\/2023\/07\/08\/sanliurfada-dogaya-salinan-30-kelaynak-kusundan-4une-goc-yolunu-takip-icin-gprs-takildi\/"},"modified":"2023-07-08T04:20:04","modified_gmt":"2023-07-08T04:20:04","slug":"sanliurfada-dogaya-salinan-30-kelaynak-kusundan-4une-goc-yolunu-takip-icin-gprs-takildi","status":"publish","type":"post","link":"https:\/\/kraios.app\/news\/yasam\/2023\/07\/08\/sanliurfada-dogaya-salinan-30-kelaynak-kusundan-4une-goc-yolunu-takip-icin-gprs-takildi\/","title":{"rendered":"\u015eanl\u0131urfa&#8217;da do\u011faya sal\u0131nan 30 kelaynak ku\u015fundan 4&#8217;\u00fcne g\u00f6\u00e7 yolunu takip i\u00e7in GPRS tak\u0131ld\u0131"},"content":{"rendered":"<p><\/p>\n<div>\n<p>B\u00f6lge halk\u0131 taraf\u0131ndan &#8220;bereketin sembol\u00fc&#8221; olarak nitelendirilen, d\u00fcnyada pop\u00fclasyonu Fas ve T\u00fcrkiye&#8217;de bulunan kelaynaklar, F\u0131rat Nehri kenar\u0131ndaki Do\u011fa Koruma ve Milli Parklar 3. B\u00f6lge M\u00fcd\u00fcrl\u00fc\u011f\u00fcne ba\u011fl\u0131 Birecik \u015eefli\u011fi Kelaynak \u00dcreme \u0130stasyonu\u2019nda koruma alt\u0131nda tutuluyor. Bu y\u0131l d\u00fcnyaya gelen 57 yavruyla beraber istasyondaki kelaynak say\u0131s\u0131 334&#8217;e ula\u015ft\u0131.<\/p>\n<p><img decoding=\"async\" alt=\"\" src=\"https:\/\/www.aa.com.tr\/uploads\/userFiles\/54a427bf-71c5-4e63-a83d-6196709e92a3\/009_2023%2F006_2023%2F23_Temmuz%2F09%2F20230707_2_59398683_90752164.jpg\"\/><\/p>\n<p>Do\u011fa Koruma ve Milli Parklar Genel M\u00fcd\u00fcrl\u00fc\u011f\u00fc ile D\u00fcnya Do\u011fay\u0131 Koruma Vakf\u0131 (WWF) ve Ortado\u011fu Ornitoloji Derne\u011fi (OSME) i\u015fbirli\u011fiyle temin edilen g\u00fcne\u015f enerjisi ile \u00e7al\u0131\u015fan 4 GPRS, sal\u0131nan kelaynaklardan 4&#8217;\u00fcne tak\u0131ld\u0131. Ku\u015flar\u0131n g\u00f6\u00e7 yolunu unutmamalar\u0131 ve yolun izlenmesi amac\u0131yla bu y\u0131l 30 kelaynak, veteriner kontrol\u00fcnden ge\u00e7irilerek ayaklar\u0131 numaraland\u0131r\u0131l\u0131p kanat ve gaga boylar\u0131 \u00f6l\u00e7\u00fcld\u00fckten sonra GPRS cihaz\u0131 ba\u011flan\u0131p do\u011faya b\u0131rak\u0131ld\u0131. GPRS tak\u0131lan ku\u015flardan ya\u015f\u00e7a b\u00fcy\u00fck olana \u015eanl\u0131urfa, gen\u00e7lere ise Birecik, Halfeti ve F\u0131rat isimleri verildi.<\/p>\n<p>30 kelaynak, g\u00f6\u00e7 etmeleri i\u00e7in Birecik semalar\u0131na b\u0131rak\u0131ld\u0131.<\/p>\n<p><img decoding=\"async\" alt=\"\" src=\"https:\/\/www.aa.com.tr\/uploads\/userFiles\/54a427bf-71c5-4e63-a83d-6196709e92a3\/009_2023%2F006_2023%2F23_Temmuz%2F09%2F20230707_2_59398683_90752166.jpg\"\/><\/p>\n<h3>G\u00f6\u00e7 g\u00fczergahlar\u0131 takip edilecek<\/h3>\n<p>Do\u011fa Koruma ve Milli Parklar 3. B\u00f6lge M\u00fcd\u00fcr\u00fc Hac\u0131 Ahmet \u00c7i\u00e7ek, kelaynaklar\u0131 \u015fubat ay\u0131nda \u00fcremeleri i\u00e7in do\u011faya b\u0131rakt\u0131klar\u0131n\u0131 belirterek, ku\u015flar\u0131n Birecik semalar\u0131nda s\u00fcz\u00fclerek rahat bir \u015fekilde beslenme imkan\u0131 bulduklar\u0131n\u0131 s\u00f6yledi.<\/p>\n<p><img decoding=\"async\" alt=\"\" src=\"https:\/\/www.aa.com.tr\/uploads\/userFiles\/54a427bf-71c5-4e63-a83d-6196709e92a3\/009_2023%2F006_2023%2F23_Temmuz%2F09%2F20230707_2_59398683_90752170.jpg\"\/><\/p>\n<p>Bu y\u0131l yeni yavrular\u0131n \u00e7\u0131kmas\u0131yla kelaynak say\u0131s\u0131n\u0131n artt\u0131\u011f\u0131n\u0131 aktaran \u00c7i\u00e7ek, &#8220;Haziran ay\u0131n\u0131n ortas\u0131na geldi\u011fimizde toplamda 334 kelayna\u011f\u0131m\u0131z\u0131 tekrardan kafes alt\u0131na ald\u0131k. Bu y\u0131l 57 kelayna\u011f\u0131m\u0131z d\u00fcnyaya geldi. Bug\u00fcn g\u00f6\u00e7e salmak \u00fczere 30 kelayna\u011f\u0131m\u0131z\u0131 b\u0131rakaca\u011f\u0131z. 4 kelayna\u011f\u0131m\u0131z\u0131 i\u00e7lerinden se\u00e7tik. Bunlara \u015eanl\u0131urfa, Birecik, Halfeti ve F\u0131rat ismini koyduk. G\u00f6\u00e7e b\u0131rakaca\u011f\u0131z, g\u00f6\u00e7 yolunu takip edece\u011fiz. Gitti\u011fi g\u00fczergah\u0131n\u0131 orada yapt\u0131\u011f\u0131 hareketleri izlemeye \u00e7al\u0131\u015faca\u011f\u0131z. Bunu d\u00fcnyaya duyurdu\u011fumuzda da \u015eanl\u0131urfa&#8217;n\u0131n ismi Birecik&#8217;in ismi, Halfeti ve F\u0131rat&#8217;\u0131n ismiyle an\u0131lacaklar. Bu GPS&#8217;leri takmak suretiyle g\u00f6\u00e7 yollar\u0131n\u0131 g\u00f6rm\u00fc\u015f olaca\u011f\u0131z. Bunu da Do\u011fa Koruma Milli Parklar Genel M\u00fcd\u00fcrl\u00fc\u011f\u00fcm\u00fczle birlikte D\u00fcnya Do\u011fal Hayat\u0131 Koruma Vakf\u0131, Orta Do\u011fu Ornitoloji Derne\u011fi&#8217;nin destekleriyle sa\u011flam\u0131\u015f olduk. \u0130n\u015fallah g\u00fczel bir sonu\u00e7 alaca\u011f\u0131z. Bu sonucun \u00fclkemiz i\u00e7in de kelaynaklar\u0131m\u0131z i\u00e7in de hay\u0131rlara vesile olmas\u0131n\u0131 temenni ediyorum.&#8221; dedi.<\/p>\n<p><img decoding=\"async\" alt=\"\" src=\"https:\/\/www.aa.com.tr\/uploads\/userFiles\/54a427bf-71c5-4e63-a83d-6196709e92a3\/009_2023%2F006_2023%2F23_Temmuz%2F09%2F20230707_2_59398683_90752171.jpg\"\/><\/p>\n<p>\u00c7i\u00e7ek, 2021 y\u0131l\u0131nda 15, 2022 y\u0131l\u0131nda ise 30 kelayna\u011f\u0131 g\u00f6\u00e7 etmeleri i\u00e7in b\u0131rakt\u0131klar\u0131n\u0131 hat\u0131rlatarak, GPRS ile art\u0131k ku\u015flar\u0131n takibinin daha iyi yap\u0131laca\u011f\u0131n\u0131 kaydetti. <\/p>\n<p>Birecik Kaymakam\u0131 Kadir Duman ise 2 yeti\u015fkin ve 9 yavruyla ba\u015flayan \u00fcretim istasyonunun bug\u00fcn 334 yavruya ula\u015ft\u0131\u011f\u0131n\u0131 s\u00f6yledi.<\/p>\n<p><img decoding=\"async\" alt=\"\" src=\"https:\/\/www.aa.com.tr\/uploads\/userFiles\/54a427bf-71c5-4e63-a83d-6196709e92a3\/009_2023%2F006_2023%2F23_Temmuz%2F09%2F20230707_2_59398683_90752173.jpg\"\/><\/p>\n<p>Bu emekleri i\u00e7in Do\u011fa Koruma ve Milli Parklar ekipleriyle il\u00e7e halk\u0131na te\u015fekk\u00fcr eden Duman, &#8220;30 kelayna\u011f\u0131m\u0131z\u0131 daha g\u00f6\u00e7 yoluna b\u0131rakaca\u011f\u0131z. Ayn\u0131 zamanda 4 tane GPRS takaca\u011f\u0131z, Bu sayede de ku\u015flar nerede duruyor, hangi g\u00fczergahtan ge\u00e7iyor, an ve an takip edece\u011fiz. En b\u00fcy\u00fck mutlulu\u011fumuz da bu ku\u015flar\u0131n geri d\u00f6n\u00fc\u015f\u00fcn\u00fc de \u015fubat ay\u0131nda kar\u015f\u0131lar\u0131z. Eskiden Birecikliler kelaynaklar\u0131n geli\u015fini davulla, zurnayla b\u00fcy\u00fck bir co\u015fkuyla kutlarm\u0131\u015f, yine tekrar o g\u00fcnlere d\u00f6nece\u011fimizi de umut ediyoruz. Birecik semalar\u0131n\u0131n tekrar kenaylaklarla kapland\u0131\u011f\u0131 g\u00fcnleri de g\u00f6rmemiz uzak de\u011fil.&#8221; dedi.<\/p>\n<p>                            <span class=\"detay-foto-editor\">&#13;<br \/>\n                                <a href=\"https:\/\/www.aa.com.tr\/tr\/p\/abonelik-talep-formu\/1001\" target=\"_blank\" style=\"font-size:12px; color:#444; text-decoration:none;\" rel=\"noopener\">&#13;<br \/>\n                                    Anadolu Ajans\u0131 web sitesinde, AA Haber Ak\u0131\u015f Sistemi (HAS) \u00fczerinden abonelere sunulan haberler, \u00f6zetlenerek yay\u0131mlanmaktad\u0131r. <b style=\"color:#1897F7\">Abonelik i\u00e7in l\u00fctfen ileti\u015fime ge\u00e7iniz.<\/b>&#13;<br \/>\n                                <\/a>&#13;<br \/>\n                            <\/span>\n                        <\/div>\n<p><script>\n\t  window.fbAsyncInit = function() {\n\t\tFB.init({\n\t\t  appId: '1855843514662870',\n\t\t  status : true, \/\/ check login status\n\t\t  cookie : true, \/\/ enable cookies to allow the server to access the session\n\t\t  xfbml  : true  \/\/ parse XFBML\n\t\t});\n\t  };<\/p>\n<p>\t  (function() {\n\t\tvar e = document.createElement('script');\n\t\te.src=\"https:\/\/connect.facebook.net\/tr_TR\/all.js\";\n\t\te.async = true;\n\t\tdocument.getElementById('fb-root').appendChild(e);\n\t  }());\n    <\/script><\/p>\n","protected":false},"excerpt":{"rendered":"<p>B\u00f6lge halk\u0131 taraf\u0131ndan &#8220;bereketin sembol\u00fc&#8221; olarak nitelendirilen, d\u00fcnyada pop\u00fclasyonu Fas ve T\u00fcrkiye&#8217;de bulunan kelaynaklar, F\u0131rat Nehri kenar\u0131ndaki Do\u011fa Koruma ve Milli Parklar 3. B\u00f6lge M\u00fcd\u00fcrl\u00fc\u011f\u00fcne ba\u011fl\u0131 Birecik \u015eefli\u011fi Kelaynak \u00dcreme \u0130stasyonu\u2019nda koruma alt\u0131nda tutuluyor. Bu y\u0131l d\u00fcnyaya gelen 57 yavruyla beraber istasyondaki kelaynak say\u0131s\u0131 334&#8217;e ula\u015ft\u0131. Do\u011fa Koruma ve Milli Parklar Genel M\u00fcd\u00fcrl\u00fc\u011f\u00fc ile D\u00fcnya [&hellip;]<\/p>\n","protected":false},"author":1,"featured_media":8901,"comment_status":"","ping_status":"","sticky":false,"template":"","format":"standard","meta":[],"categories":[50],"tags":[],"_links":{"self":[{"href":"https:\/\/kraios.app\/news\/wp-json\/wp\/v2\/posts\/8900"}],"collection":[{"href":"https:\/\/kraios.app\/news\/wp-json\/wp\/v2\/posts"}],"about":[{"href":"https:\/\/kraios.app\/news\/wp-json\/wp\/v2\/types\/post"}],"author":[{"embeddable":true,"href":"https:\/\/kraios.app\/news\/wp-json\/wp\/v2\/users\/1"}],"replies":[{"embeddable":true,"href":"https:\/\/kraios.app\/news\/wp-json\/wp\/v2\/comments?post=8900"}],"version-history":[{"count":0,"href":"https:\/\/kraios.app\/news\/wp-json\/wp\/v2\/posts\/8900\/revisions"}],"wp:featuredmedia":[{"embeddable":true,"href":"https:\/\/kraios.app\/news\/wp-json\/wp\/v2\/media\/8901"}],"wp:attachment":[{"href":"https:\/\/kraios.app\/news\/wp-json\/wp\/v2\/media?parent=8900"}],"wp:term":[{"taxonomy":"category","embeddable":true,"href":"https:\/\/kraios.app\/news\/wp-json\/wp\/v2\/categories?post=8900"},{"taxonomy":"post_tag","embeddable":true,"href":"https:\/\/kraios.app\/news\/wp-json\/wp\/v2\/tags?post=8900"}],"curies":[{"name":"wp","href":"https:\/\/api.w.org\/{rel}","templated":true}]}}