{"id":8762,"date":"2023-07-06T12:37:35","date_gmt":"2023-07-06T12:37:35","guid":{"rendered":"https:\/\/kraios.app\/news\/yasam\/2023\/07\/06\/iranin-gulistan-eyaletinde-ciftciler-ikinci-urun-olarak-celtik-ekiyor\/"},"modified":"2023-07-06T12:37:35","modified_gmt":"2023-07-06T12:37:35","slug":"iranin-gulistan-eyaletinde-ciftciler-ikinci-urun-olarak-celtik-ekiyor","status":"publish","type":"post","link":"https:\/\/kraios.app\/news\/yasam\/2023\/07\/06\/iranin-gulistan-eyaletinde-ciftciler-ikinci-urun-olarak-celtik-ekiyor\/","title":{"rendered":"\u0130ran&#8217;\u0131n G\u00fclistan eyaletinde \u00e7ift\u00e7iler ikinci \u00fcr\u00fcn olarak \u00e7eltik ekiyor"},"content":{"rendered":"<p><\/p>\n<div>\n<p>Y\u00fcksek da\u011flara kurulu Hirkani Ormanlar\u0131\u2019n\u0131n ete\u011finden ba\u015flay\u0131p Hazar Denizi\u2019nin k\u0131y\u0131lar\u0131na kadar uzanan geni\u015f ovada \u00e7ift\u00e7ilik yapan b\u00f6lge halk\u0131, bu\u011fday, arpa ve patates hasad\u0131n\u0131n tamamlanmas\u0131n\u0131n ard\u0131ndan tarlalar\u0131n\u0131 ikinci hasat i\u00e7in haz\u0131rlaman\u0131n tela\u015f\u0131n\u0131 ya\u015f\u0131yor.<\/p>\n<p>Uzun s\u00fcre dibinin sulu olas\u0131 gereken \u00e7elti\u011fin ekiminden \u00f6nce ovadaki tarlalar\u0131n\u0131 d\u00fcz hale getiren \u00e7ift\u00e7iler olu\u015fturduklar\u0131 havuz benzeri alanlar\u0131 suyla dolduruyor.<\/p>\n<p><img decoding=\"async\" alt=\"\" src=\"https:\/\/www.aa.com.tr\/uploads\/userFiles\/96f91bbd-282f-4a24-a12c-1b1092cfeb3b\/009_2023%2F06_2023%2F26_Temmuz%2F22%2F20230704_2_59351441_90652607.jpg\"\/><\/p>\n<p>Daha \u00f6nce ba\u015fka alanda yeti\u015ftirilmi\u015f \u00e7eltik fidelerini zemini \u00e7amur haline gelen tarlalara ta\u015f\u0131yan erkekler geri hizmetleri yaparken kad\u0131nlar hummal\u0131 bir \u00e7al\u0131\u015fmayla ekimi ger\u00e7ekle\u015ftiriyor.<\/p>\n<p>G\u00fcn do\u011fumundan \u00f6nce \u00e7eltik tarlalar\u0131na gelen kad\u0131nlar \u00f6\u011fleyin g\u00fcne\u015f \u0131\u015f\u0131nlar\u0131 dik a\u00e7\u0131yla d\u00fc\u015fene kadar tane tane \u00e7eltik fidesi ekiyor.<\/p>\n<p>Dinlenme vakitleri d\u0131\u015f\u0131nda g\u00fcn\u00fcn bu d\u00f6neminin neredeyse tamam\u0131n\u0131 suyun i\u00e7inde iki b\u00fckl\u00fcm ge\u00e7iren kad\u0131nlar zahmetli olmas\u0131na ra\u011fmen \u00e7al\u0131\u015farak ev ekonomilerine katk\u0131da bulunuyor.<\/p>\n<p><img decoding=\"async\" alt=\"\" src=\"https:\/\/www.aa.com.tr\/uploads\/userFiles\/96f91bbd-282f-4a24-a12c-1b1092cfeb3b\/009_2023%2F06_2023%2F26_Temmuz%2F22%2F20230704_2_59351441_90652608.jpg\"\/><\/p>\n<h3>\u00c7ift\u00e7iler ikinci \u00fcr\u00fcn\u00fc ekebildikleri i\u00e7in kendilerini \u015fansl\u0131 g\u00f6r\u00fcyor<\/h3>\n<p>Patates hasad\u0131n\u0131n ard\u0131ndan tarlas\u0131na \u00e7eltik ektiren Ali R\u0131za Seferi, AA muhabirine yapt\u0131\u011f\u0131 a\u00e7\u0131klamada, \u00fclkedeki kurakl\u0131\u011fa ra\u011fmen ikinci \u00fcr\u00fcn\u00fc ekebildikleri i\u00e7in \u015fansl\u0131 olduklar\u0131n\u0131 s\u00f6yledi.<\/p>\n<p>\u0130ran&#8217;\u0131n kurakl\u0131k ve su k\u0131tl\u0131\u011f\u0131yla m\u00fccadele etti\u011fini, baz\u0131 b\u00f6lgelerde deniz suyunun ar\u0131t\u0131larak kullan\u0131ld\u0131\u011f\u0131n\u0131 ifade eden Seferi, G\u00fcrgan&#8217;da su sorunu ya\u015famad\u0131klar\u0131 i\u00e7in mutlu olduklar\u0131n\u0131 dile getirdi.<\/p>\n<p><img decoding=\"async\" alt=\"\" src=\"https:\/\/www.aa.com.tr\/uploads\/userFiles\/96f91bbd-282f-4a24-a12c-1b1092cfeb3b\/009_2023%2F06_2023%2F26_Temmuz%2F22%2F20230704_2_59351441_90652609.jpg\"\/><\/p>\n<p>Seferi, patateste verimin iyi oldu\u011funu ancak fiyat\u0131n y\u00fczlerini g\u00fcld\u00fcrmedi\u011fini, dolay\u0131s\u0131yla umutlar\u0131n\u0131 \u00e7elti\u011fe ba\u011flad\u0131klar\u0131n\u0131 belirtti.<\/p>\n<p>Tarlan\u0131n zeminini g\u00fcnler s\u00fcren \u00e7al\u0131\u015fmayla \u00e7eltik ekimine m\u00fcsait hale getirdiklerini s\u00f6yleyen Seferi, &#8220;\u0130lk \u00fcr\u00fcnden sonra 90 g\u00fcn s\u00fcrecek ikinci \u00fcr\u00fcn i\u00e7in emek vermeye devam edece\u011fiz. Umudumuz pirin\u00e7 fiyatlar\u0131n\u0131n iyi bir seviyede olmas\u0131.&#8221; dedi.<\/p>\n<p><img decoding=\"async\" alt=\"\" src=\"https:\/\/www.aa.com.tr\/uploads\/userFiles\/96f91bbd-282f-4a24-a12c-1b1092cfeb3b\/009_2023%2F06_2023%2F26_Temmuz%2F22%2F20230704_2_59351441_90652611.jpg\"\/><\/p>\n<h3>Kad\u0131nlar hem tarlada hem evde \u00e7al\u0131\u015f\u0131yor<\/h3>\n<p>Tarlada \u00e7al\u0131\u015fan kad\u0131n i\u015f\u00e7ilerden Fatma Muhammedizade ise erkeklerin \u015fu an ilk \u00fcr\u00fcn\u00fcn hasad\u0131n\u0131 almakla me\u015fgul olduklar\u0131n\u0131, zaman ge\u00e7meden \u00e7eltik ekiminin ger\u00e7ekle\u015fmesi i\u00e7in kad\u0131nlar\u0131n da ekim i\u015fiyle u\u011fra\u015ft\u0131\u011f\u0131n\u0131 s\u00f6yledi.<\/p>\n<p>Muhammedizade, &#8220;Tarlalarda \u00e7al\u0131\u015farak hem ev ekonomisine katk\u0131da bulunuyoruz hem de halk\u0131n sofras\u0131na gidebilecek \u00fcr\u00fcn yeti\u015ftirilmesini sa\u011fl\u0131yoruz.\u201d diye konu\u015ftu.<\/p>\n<p><img decoding=\"async\" alt=\"\" src=\"https:\/\/www.aa.com.tr\/uploads\/userFiles\/96f91bbd-282f-4a24-a12c-1b1092cfeb3b\/009_2023%2F06_2023%2F26_Temmuz%2F22%2F20230704_2_59351441_90652631.jpg\"\/><\/p>\n<p>\u0130\u015flerinin zahmetli oldu\u011funu dile getiren Muhammedizade, &#8220;G\u00fcne\u015f do\u011fmadan tarlaya geliyoruz. \u00d6\u011fle saatlerine kadar ekim yap\u0131p daha sonra evimize gidiyoruz. Bu i\u015fin yan\u0131nda ev i\u015fleri de var tabii. Eve gidip biraz dinlendikten sonra o i\u015fleri de yap\u0131yoruz.&#8221; dedi.<\/p>\n<p>Muhammedizade, hayat ko\u015fullar\u0131n\u0131n zor oldu\u011funu bu nedenle hem i\u015f g\u00fcc\u00fc hem de gelir anlam\u0131nda kad\u0131nlar\u0131n deste\u011finin \u015fart oldu\u011funu s\u00f6zlerine ekledi.<\/p>\n<p>                            <span class=\"detay-foto-editor\">&#13;<br \/>\n                                <a href=\"https:\/\/www.aa.com.tr\/tr\/p\/abonelik-talep-formu\/1001\" target=\"_blank\" style=\"font-size:12px; color:#444; text-decoration:none;\" rel=\"noopener\">&#13;<br \/>\n                                    Anadolu Ajans\u0131 web sitesinde, AA Haber Ak\u0131\u015f Sistemi (HAS) \u00fczerinden abonelere sunulan haberler, \u00f6zetlenerek yay\u0131mlanmaktad\u0131r. <b style=\"color:#1897F7\">Abonelik i\u00e7in l\u00fctfen ileti\u015fime ge\u00e7iniz.<\/b>&#13;<br \/>\n                                <\/a>&#13;<br \/>\n                            <\/span>\n                        <\/div>\n<p><script>\n\t  window.fbAsyncInit = function() {\n\t\tFB.init({\n\t\t  appId: '1855843514662870',\n\t\t  status : true, \/\/ check login status\n\t\t  cookie : true, \/\/ enable cookies to allow the server to access the session\n\t\t  xfbml  : true  \/\/ parse XFBML\n\t\t});\n\t  };<\/p>\n<p>\t  (function() {\n\t\tvar e = document.createElement('script');\n\t\te.src=\"https:\/\/connect.facebook.net\/tr_TR\/all.js\";\n\t\te.async = true;\n\t\tdocument.getElementById('fb-root').appendChild(e);\n\t  }());\n    <\/script><\/p>\n","protected":false},"excerpt":{"rendered":"<p>Y\u00fcksek da\u011flara kurulu Hirkani Ormanlar\u0131\u2019n\u0131n ete\u011finden ba\u015flay\u0131p Hazar Denizi\u2019nin k\u0131y\u0131lar\u0131na kadar uzanan geni\u015f ovada \u00e7ift\u00e7ilik yapan b\u00f6lge halk\u0131, bu\u011fday, arpa ve patates hasad\u0131n\u0131n tamamlanmas\u0131n\u0131n ard\u0131ndan tarlalar\u0131n\u0131 ikinci hasat i\u00e7in haz\u0131rlaman\u0131n tela\u015f\u0131n\u0131 ya\u015f\u0131yor. Uzun s\u00fcre dibinin sulu olas\u0131 gereken \u00e7elti\u011fin ekiminden \u00f6nce ovadaki tarlalar\u0131n\u0131 d\u00fcz hale getiren \u00e7ift\u00e7iler olu\u015fturduklar\u0131 havuz benzeri alanlar\u0131 suyla dolduruyor. Daha \u00f6nce [&hellip;]<\/p>\n","protected":false},"author":1,"featured_media":8763,"comment_status":"","ping_status":"","sticky":false,"template":"","format":"standard","meta":[],"categories":[50],"tags":[],"_links":{"self":[{"href":"https:\/\/kraios.app\/news\/wp-json\/wp\/v2\/posts\/8762"}],"collection":[{"href":"https:\/\/kraios.app\/news\/wp-json\/wp\/v2\/posts"}],"about":[{"href":"https:\/\/kraios.app\/news\/wp-json\/wp\/v2\/types\/post"}],"author":[{"embeddable":true,"href":"https:\/\/kraios.app\/news\/wp-json\/wp\/v2\/users\/1"}],"replies":[{"embeddable":true,"href":"https:\/\/kraios.app\/news\/wp-json\/wp\/v2\/comments?post=8762"}],"version-history":[{"count":0,"href":"https:\/\/kraios.app\/news\/wp-json\/wp\/v2\/posts\/8762\/revisions"}],"wp:featuredmedia":[{"embeddable":true,"href":"https:\/\/kraios.app\/news\/wp-json\/wp\/v2\/media\/8763"}],"wp:attachment":[{"href":"https:\/\/kraios.app\/news\/wp-json\/wp\/v2\/media?parent=8762"}],"wp:term":[{"taxonomy":"category","embeddable":true,"href":"https:\/\/kraios.app\/news\/wp-json\/wp\/v2\/categories?post=8762"},{"taxonomy":"post_tag","embeddable":true,"href":"https:\/\/kraios.app\/news\/wp-json\/wp\/v2\/tags?post=8762"}],"curies":[{"name":"wp","href":"https:\/\/api.w.org\/{rel}","templated":true}]}}