{"id":8746,"date":"2023-07-06T10:20:04","date_gmt":"2023-07-06T10:20:04","guid":{"rendered":"https:\/\/kraios.app\/news\/yasam\/2023\/07\/06\/kadin-girisimcilerin-kurdugu-lavanta-tarlalari-sinop-turizmine-renk-katacak\/"},"modified":"2023-07-06T10:20:04","modified_gmt":"2023-07-06T10:20:04","slug":"kadin-girisimcilerin-kurdugu-lavanta-tarlalari-sinop-turizmine-renk-katacak","status":"publish","type":"post","link":"https:\/\/kraios.app\/news\/yasam\/2023\/07\/06\/kadin-girisimcilerin-kurdugu-lavanta-tarlalari-sinop-turizmine-renk-katacak\/","title":{"rendered":"Kad\u0131n giri\u015fimcilerin kurdu\u011fu lavanta tarlalar\u0131 Sinop turizmine renk katacak"},"content":{"rendered":"<p><\/p>\n<div>\n<p>Kentte ilk kez 2020&#8217;de kad\u0131n giri\u015fimci Filiz \u00d6zdemir taraf\u0131ndan olu\u015fturulan lavanta tarlalar\u0131n\u0131n say\u0131s\u0131, her ge\u00e7en y\u0131l art\u0131\u015f g\u00f6steriyor.<\/p>\n<p>Kad\u0131n giri\u015fimcilerce kentteki farkl\u0131 k\u00f6ylerde olu\u015fturulan ve baz\u0131lar\u0131 \u00e7i\u00e7ek a\u00e7an lavanta tarlalar\u0131, g\u00f6z al\u0131c\u0131 mor rengiyle misafirlerini a\u011f\u0131rlamaya ba\u015flad\u0131. <\/p>\n<p>Turizme a\u00e7\u0131lan tarlalar\u0131 ziyaret edenler, haz\u0131rlanan \u00f6zel dekorlar \u00f6n\u00fcnde hat\u0131ra foto\u011fraf\u0131 \u00e7ektiriyor. Tarlalar, yaz aylar\u0131n\u0131n gelmesiyle \u00e7ok say\u0131da gelin ve damat aday\u0131na da ev sahipli\u011fi yap\u0131yor. <\/p>\n<p>Lavanta tarlalar\u0131n\u0131n, temiz denizi, uzun sahilleri ve tarihi yap\u0131lar\u0131yla her y\u0131l binlerce ziyaret\u00e7iyi a\u011f\u0131rlayan Sinop&#8217;un turizmine alternatif alan olarak katk\u0131 sunmas\u0131 hedefleniyor.<\/p>\n<p><img decoding=\"async\" alt=\"\" src=\"https:\/\/www.aa.com.tr\/uploads\/userFiles\/c9f1ae26-3cf3-4ab4-9d72-230dedd01a4c\/20230706_2_59384047_90723861.jpg\"\/><\/p>\n<p>Lavanta \u00fcreticisi Filiz \u00d6zdemir, AA muhabirine, 2019&#8217;da tatil i\u00e7in geldi\u011fi memleketinde bir arkada\u015f\u0131n\u0131n \u00f6nerisi \u00fczerine lavanta tarlas\u0131 olu\u015fturmaya karar verdi\u011fini s\u00f6yledi. <\/p>\n<p>\u0130l Tar\u0131m ve Orman M\u00fcd\u00fcrl\u00fc\u011f\u00fcnce projesinin onaylanmas\u0131 \u00fczerine ald\u0131\u011f\u0131 hibe ile tarlaya ilk dikimi 2020&#8217;de ger\u00e7ekle\u015ftirdiklerini belirten \u00d6zdemir, lavantalar\u0131n ziyaret\u00e7ilerine g\u00f6rsel \u015f\u00f6len sunmaya ba\u015flad\u0131\u011f\u0131n\u0131 ifade etti.<\/p>\n<p>Kendisine ait tarlan\u0131n ziyaret edilmeye ba\u015fland\u0131\u011f\u0131n\u0131 anlatan \u00d6zdemir, &#8220;Buras\u0131 turizme a\u00e7\u0131lm\u0131\u015f durumda. Di\u011fer arkada\u015flar\u0131m\u0131z ile yakla\u015f\u0131k 30 d\u00f6n\u00fcm bah\u00e7emiz olacak. \u0130\u00e7inde bulundu\u011fumuz tarlam\u0131z\u0131 da 20 d\u00f6n\u00fcm arazi \u00fczerine kurduk.&#8221; dedi.<\/p>\n<p><img decoding=\"async\" alt=\"\" src=\"https:\/\/www.aa.com.tr\/uploads\/userFiles\/c9f1ae26-3cf3-4ab4-9d72-230dedd01a4c\/20230706_2_59384047_90723864.jpg\"\/><\/p>\n<p>\u00d6zdemir, yeni a\u00e7\u0131l\u0131\u015f yapmalar\u0131na ra\u011fmen insanlar\u0131n g\u00f6sterdi\u011fi ilginin kendilerini mutlu etti\u011fini dile getirerek, &#8220;\u0130lgi \u00e7ok g\u00fczel. \u00d6zellikle bayan giri\u015fimci oldu\u011fum i\u00e7in daha \u00e7ok te\u015fekk\u00fcr ve tebrik al\u0131yorum. Sinop&#8217;ta b\u00f6yle bir \u015feyin ilk olmas\u0131 \u00e7ok ses getirdi. Bayan gruplar\u0131m\u0131z geliyor, onlar \u00e7ok mutlu oluyor. Onun haricinde ba\u015fka illerden gelen \u00e7ok. Bu i\u015fi yapmak, fikir almak isteyenler \u00e7ok fazla. \u0130lk olmas\u0131ndan \u00f6t\u00fcr\u00fc di\u011fer iki arkada\u015f\u0131m da lavanta yeti\u015ftirmeye ba\u015flad\u0131. \u0130nan\u0131yorum ki bu say\u0131 \u00e7o\u011falacak.&#8221; diye konu\u015ftu.<\/p>\n<p><img decoding=\"async\" alt=\"\" src=\"https:\/\/www.aa.com.tr\/uploads\/userFiles\/c9f1ae26-3cf3-4ab4-9d72-230dedd01a4c\/20230706_2_59384047_90723859.jpg\"\/><\/p>\n<h3>&#8220;Sinop&#8217;u mavi ve mor olarak \u00fclkemize tan\u0131tmak istiyoruz&#8221;<\/h3>\n<p>Lavanta \u00fcreticisi Janset \u015eanl\u0131 ise Filiz \u00d6zdemir&#8217;den ald\u0131\u011f\u0131 bilgi \u0131\u015f\u0131\u011f\u0131nda iki lavanta tarlas\u0131 kurdu\u011funa belirterek, &#8220;Tarladaki lavantalar hen\u00fcz b\u00fcy\u00fcme a\u015famas\u0131nda. \u0130n\u015fallah biz de bir g\u00fcn Filiz han\u0131m\u0131n ba\u015far\u0131s\u0131na ula\u015faca\u011f\u0131z. Sinop&#8217;u mavi ve mor olarak \u00fclkemize tan\u0131tmak istiyoruz.&#8221; ifadesini kulland\u0131. \u200b\u200b\u200b\u200b\u200b\u200b\u200b<\/p>\n<p>Neriman \u00c7\u00f6p\u00e7\u00fc de \u00d6zdemir&#8217;in lavanta konusunda kendilerine \u00f6rnek te\u015fkil etti\u011fini vurgulayarak, &#8220;Kendisi ile tan\u0131\u015fmam\u0131z\u0131n ard\u0131ndan ben de bir tarla kiralayarak lavanta ekimi yapt\u0131m. \u0130n\u015fallah g\u00fczel sonu\u00e7lar elde edece\u011fiz.&#8221; diye konu\u015ftu.<\/p>\n<p>                            <span class=\"detay-foto-editor\">&#13;<br \/>\n                                <a href=\"https:\/\/www.aa.com.tr\/tr\/p\/abonelik-talep-formu\/1001\" target=\"_blank\" style=\"font-size:12px; color:#444; text-decoration:none;\" rel=\"noopener\">&#13;<br \/>\n                                    Anadolu Ajans\u0131 web sitesinde, AA Haber Ak\u0131\u015f Sistemi (HAS) \u00fczerinden abonelere sunulan haberler, \u00f6zetlenerek yay\u0131mlanmaktad\u0131r. <b style=\"color:#1897F7\">Abonelik i\u00e7in l\u00fctfen ileti\u015fime ge\u00e7iniz.<\/b>&#13;<br \/>\n                                <\/a>&#13;<br \/>\n                            <\/span>\n                        <\/div>\n<p><script>\n\t  window.fbAsyncInit = function() {\n\t\tFB.init({\n\t\t  appId: '1855843514662870',\n\t\t  status : true, \/\/ check login status\n\t\t  cookie : true, \/\/ enable cookies to allow the server to access the session\n\t\t  xfbml  : true  \/\/ parse XFBML\n\t\t});\n\t  };<\/p>\n<p>\t  (function() {\n\t\tvar e = document.createElement('script');\n\t\te.src=\"https:\/\/connect.facebook.net\/tr_TR\/all.js\";\n\t\te.async = true;\n\t\tdocument.getElementById('fb-root').appendChild(e);\n\t  }());\n    <\/script><\/p>\n","protected":false},"excerpt":{"rendered":"<p>Kentte ilk kez 2020&#8217;de kad\u0131n giri\u015fimci Filiz \u00d6zdemir taraf\u0131ndan olu\u015fturulan lavanta tarlalar\u0131n\u0131n say\u0131s\u0131, her ge\u00e7en y\u0131l art\u0131\u015f g\u00f6steriyor. Kad\u0131n giri\u015fimcilerce kentteki farkl\u0131 k\u00f6ylerde olu\u015fturulan ve baz\u0131lar\u0131 \u00e7i\u00e7ek a\u00e7an lavanta tarlalar\u0131, g\u00f6z al\u0131c\u0131 mor rengiyle misafirlerini a\u011f\u0131rlamaya ba\u015flad\u0131. Turizme a\u00e7\u0131lan tarlalar\u0131 ziyaret edenler, haz\u0131rlanan \u00f6zel dekorlar \u00f6n\u00fcnde hat\u0131ra foto\u011fraf\u0131 \u00e7ektiriyor. Tarlalar, yaz aylar\u0131n\u0131n gelmesiyle \u00e7ok say\u0131da [&hellip;]<\/p>\n","protected":false},"author":1,"featured_media":8747,"comment_status":"","ping_status":"","sticky":false,"template":"","format":"standard","meta":[],"categories":[50],"tags":[],"_links":{"self":[{"href":"https:\/\/kraios.app\/news\/wp-json\/wp\/v2\/posts\/8746"}],"collection":[{"href":"https:\/\/kraios.app\/news\/wp-json\/wp\/v2\/posts"}],"about":[{"href":"https:\/\/kraios.app\/news\/wp-json\/wp\/v2\/types\/post"}],"author":[{"embeddable":true,"href":"https:\/\/kraios.app\/news\/wp-json\/wp\/v2\/users\/1"}],"replies":[{"embeddable":true,"href":"https:\/\/kraios.app\/news\/wp-json\/wp\/v2\/comments?post=8746"}],"version-history":[{"count":0,"href":"https:\/\/kraios.app\/news\/wp-json\/wp\/v2\/posts\/8746\/revisions"}],"wp:featuredmedia":[{"embeddable":true,"href":"https:\/\/kraios.app\/news\/wp-json\/wp\/v2\/media\/8747"}],"wp:attachment":[{"href":"https:\/\/kraios.app\/news\/wp-json\/wp\/v2\/media?parent=8746"}],"wp:term":[{"taxonomy":"category","embeddable":true,"href":"https:\/\/kraios.app\/news\/wp-json\/wp\/v2\/categories?post=8746"},{"taxonomy":"post_tag","embeddable":true,"href":"https:\/\/kraios.app\/news\/wp-json\/wp\/v2\/tags?post=8746"}],"curies":[{"name":"wp","href":"https:\/\/api.w.org\/{rel}","templated":true}]}}