{"id":8729,"date":"2023-07-06T06:20:05","date_gmt":"2023-07-06T06:20:05","guid":{"rendered":"https:\/\/kraios.app\/news\/gundem\/2023\/07\/06\/turkiye-ve-dunya-gundemi-9\/"},"modified":"2023-07-06T06:20:05","modified_gmt":"2023-07-06T06:20:05","slug":"turkiye-ve-dunya-gundemi-9","status":"publish","type":"post","link":"https:\/\/kraios.app\/news\/gundem\/2023\/07\/06\/turkiye-ve-dunya-gundemi-9\/","title":{"rendered":"T\u00fcrkiye ve d\u00fcnya g\u00fcndemi"},"content":{"rendered":"<p><\/p>\n<div>\n<p>1- Cumhurba\u015fkan\u0131 ve AK Parti Genel Ba\u015fkan\u0131 Recep Tayyip Erdo\u011fan, partisinin genel merkezinde Geni\u015fletilmi\u015f \u0130l Ba\u015fkanlar\u0131 Toplant\u0131s\u0131&#8217;na kat\u0131lacak.<\/p>\n<p>(Ankara\/14.30) (Foto\u011frafl\u0131-G\u00f6r\u00fcnt\u00fcl\u00fc)<\/p>\n<p>YASAMA Y\u00dcR\u00dcTME S\u0130YASET<\/p>\n<p>1- TBMM Genel Kurulunda, uluslararas\u0131 anla\u015fmalar\u0131n onaylanmas\u0131na ili\u015fkin kanun teklifleri g\u00f6r\u00fc\u015f\u00fclecek.<\/p>\n<p>(TBMM\/14.00) (Foto\u011frafl\u0131-G\u00f6r\u00fcnt\u00fcl\u00fc)<\/p>\n<p>2- CHP Genel Ba\u015fkan Yard\u0131mc\u0131s\u0131 Lale Karab\u0131y\u0131k, parti genel merkezinde bas\u0131n toplant\u0131s\u0131 d\u00fczenleyecek.<\/p>\n<p>(Ankara\/11.00) (Foto\u011frafl\u0131-G\u00f6r\u00fcnt\u00fcl\u00fc)<\/p>\n<p>EKONOM\u0130 F\u0130NANS<\/p>\n<p>1- T\u00fcrkiye Cumhuriyet Merkez Bankas\u0131, haftal\u0131k para ve banka istatistikleri ile haziran ay\u0131na ili\u015fkin reel efektif d\u00f6viz kurunu a\u00e7\u0131klayacak.<\/p>\n<p>(Ankara\/14.30)<\/p>\n<p>2- T\u00fcrkiye \u0130statistik Kurumu, &#8220;D\u00fcnya N\u00fcfus G\u00fcn\u00fc, 2023&#8221; haber b\u00fcltenini yay\u0131mlayacak.<\/p>\n<p>(Ankara\/10.00)<\/p>\n<p>D\u00dcNYA D\u0130PLOMAS\u0130<\/p>\n<p>1- D\u0131\u015fi\u015fleri Bakan\u0131 Hakan Fidan, T\u00fcrkiye-\u0130sve\u00e7-Finlandiya aras\u0131nda \u0130sve\u00e7&#8217;in NATO&#8217;ya \u00fcyelik ba\u015fvurusu hakk\u0131nda NATO karargah\u0131nda yap\u0131lacak toplant\u0131ya T\u00fcrkiye&#8217;yi temsilen kat\u0131lacak.<\/p>\n<p>(Br\u00fcksel) (Foto\u011frafl\u0131-G\u00f6r\u00fcnt\u00fcl\u00fc)<\/p>\n<p>2- Fransa&#8217;da polisin bir genci vurmas\u0131yla patlak veren ve devam eden protestolar ile yank\u0131lar\u0131 takip ediliyor.<\/p>\n<p>(Paris) (Foto\u011frafl\u0131-G\u00f6r\u00fcnt\u00fcl\u00fc)<\/p>\n<p>SPOR<\/p>\n<p>1- Trabzonspor Kul\u00fcb\u00fc Ba\u015fkan\u0131 Ertu\u011frul Do\u011fan, d\u00fczenleyece\u011fi bas\u0131n toplant\u0131s\u0131nda g\u00fcndeme ili\u015fkin a\u00e7\u0131klamalarda bulunacak.<\/p>\n<p>(\u0130stanbul\/14.00) (Foto\u011frafl\u0131-G\u00f6r\u00fcnt\u00fcl\u00fc)<\/p>\n<p>2- Medipol Ba\u015fak\u015fehir, 2023-2024 sezonu haz\u0131rl\u0131klar\u0131na tesislerinde ba\u015flayacak.<\/p>\n<p>(\u0130stanbul\/18.30) (Foto\u011frafl\u0131-G\u00f6r\u00fcnt\u00fcl\u00fc)<\/p>\n<p>3- Be\u015fikta\u015f, 2023-2024 sezonu haz\u0131rl\u0131klar\u0131n\u0131 s\u00fcrd\u00fcrecek. Ak\u015fam antrenman\u0131 \u00f6ncesi iki futbolcu bas\u0131n mensuplar\u0131n\u0131n sorular\u0131n\u0131 cevaplayacak.<\/p>\n<p>(\u0130stanbul\/17.40\/18.00) (Foto\u011frafl\u0131-G\u00f6r\u00fcnt\u00fcl\u00fc)<\/p>\n<p>4- Basketbol FIBA 18 Ya\u015f Alt\u0131 K\u0131zlar Avrupa \u015eampiyonas\u0131&#8217;nda T\u00fcrkiye \u00e7eyrek finalde \u0130spanya ile kar\u015f\u0131la\u015facak.<\/p>\n<p>(Konya\/19.00) (Foto\u011frafl\u0131)<\/p>\n<p>5- Teniste sezonun \u00fc\u00e7\u00fcnc\u00fc grand slam turnuvas\u0131 Wimbledon&#8217;a teklerde ikinci tur m\u00fccadelesiyle devam edilecek.<\/p>\n<p>(Londra) (Foto\u011frafl\u0131)<\/p>\n<p>6- Fransa Bisiklet Turu, Tarbes-Cauterets Cambasque aras\u0131ndaki 6. etap yar\u0131\u015f\u0131yla s\u00fcrecek. (Foto\u011frafl\u0131)<\/p>\n<p>                            <span class=\"detay-foto-editor\">&#13;<br \/>\n                                <a href=\"https:\/\/www.aa.com.tr\/tr\/p\/abonelik-talep-formu\/1001\" target=\"_blank\" style=\"font-size:12px; color:#444; text-decoration:none;\" rel=\"noopener\">&#13;<br \/>\n                                    Anadolu Ajans\u0131 web sitesinde, AA Haber Ak\u0131\u015f Sistemi (HAS) \u00fczerinden abonelere sunulan haberler, \u00f6zetlenerek yay\u0131mlanmaktad\u0131r. <b style=\"color:#1897F7\">Abonelik i\u00e7in l\u00fctfen ileti\u015fime ge\u00e7iniz.<\/b>&#13;<br \/>\n                                <\/a>&#13;<br \/>\n                            <\/span>\n                        <\/div>\n<p><script>\n\t  window.fbAsyncInit = function() {\n\t\tFB.init({\n\t\t  appId: '1855843514662870',\n\t\t  status : true, \/\/ check login status\n\t\t  cookie : true, \/\/ enable cookies to allow the server to access the session\n\t\t  xfbml  : true  \/\/ parse XFBML\n\t\t});\n\t  };<\/p>\n<p>\t  (function() {\n\t\tvar e = document.createElement('script');\n\t\te.src=\"https:\/\/connect.facebook.net\/tr_TR\/all.js\";\n\t\te.async = true;\n\t\tdocument.getElementById('fb-root').appendChild(e);\n\t  }());\n    <\/script><\/p>\n","protected":false},"excerpt":{"rendered":"<p>1- Cumhurba\u015fkan\u0131 ve AK Parti Genel Ba\u015fkan\u0131 Recep Tayyip Erdo\u011fan, partisinin genel merkezinde Geni\u015fletilmi\u015f \u0130l Ba\u015fkanlar\u0131 Toplant\u0131s\u0131&#8217;na kat\u0131lacak. (Ankara\/14.30) (Foto\u011frafl\u0131-G\u00f6r\u00fcnt\u00fcl\u00fc) YASAMA Y\u00dcR\u00dcTME S\u0130YASET 1- TBMM Genel Kurulunda, uluslararas\u0131 anla\u015fmalar\u0131n onaylanmas\u0131na ili\u015fkin kanun teklifleri g\u00f6r\u00fc\u015f\u00fclecek. (TBMM\/14.00) (Foto\u011frafl\u0131-G\u00f6r\u00fcnt\u00fcl\u00fc) 2- CHP Genel Ba\u015fkan Yard\u0131mc\u0131s\u0131 Lale Karab\u0131y\u0131k, parti genel merkezinde bas\u0131n toplant\u0131s\u0131 d\u00fczenleyecek. (Ankara\/11.00) (Foto\u011frafl\u0131-G\u00f6r\u00fcnt\u00fcl\u00fc) EKONOM\u0130 F\u0130NANS 1- T\u00fcrkiye [&hellip;]<\/p>\n","protected":false},"author":1,"featured_media":8730,"comment_status":"","ping_status":"","sticky":false,"template":"","format":"standard","meta":[],"categories":[1],"tags":[],"_links":{"self":[{"href":"https:\/\/kraios.app\/news\/wp-json\/wp\/v2\/posts\/8729"}],"collection":[{"href":"https:\/\/kraios.app\/news\/wp-json\/wp\/v2\/posts"}],"about":[{"href":"https:\/\/kraios.app\/news\/wp-json\/wp\/v2\/types\/post"}],"author":[{"embeddable":true,"href":"https:\/\/kraios.app\/news\/wp-json\/wp\/v2\/users\/1"}],"replies":[{"embeddable":true,"href":"https:\/\/kraios.app\/news\/wp-json\/wp\/v2\/comments?post=8729"}],"version-history":[{"count":0,"href":"https:\/\/kraios.app\/news\/wp-json\/wp\/v2\/posts\/8729\/revisions"}],"wp:featuredmedia":[{"embeddable":true,"href":"https:\/\/kraios.app\/news\/wp-json\/wp\/v2\/media\/8730"}],"wp:attachment":[{"href":"https:\/\/kraios.app\/news\/wp-json\/wp\/v2\/media?parent=8729"}],"wp:term":[{"taxonomy":"category","embeddable":true,"href":"https:\/\/kraios.app\/news\/wp-json\/wp\/v2\/categories?post=8729"},{"taxonomy":"post_tag","embeddable":true,"href":"https:\/\/kraios.app\/news\/wp-json\/wp\/v2\/tags?post=8729"}],"curies":[{"name":"wp","href":"https:\/\/api.w.org\/{rel}","templated":true}]}}