{"id":8715,"date":"2023-07-06T00:27:14","date_gmt":"2023-07-06T00:27:14","guid":{"rendered":"https:\/\/kraios.app\/news\/gundem\/2023\/07\/06\/abd-ukraynadaki-nukleer-santraldeki-kosullari-yakindan-takip-ediyor\/"},"modified":"2023-07-06T00:27:14","modified_gmt":"2023-07-06T00:27:14","slug":"abd-ukraynadaki-nukleer-santraldeki-kosullari-yakindan-takip-ediyor","status":"publish","type":"post","link":"https:\/\/kraios.app\/news\/gundem\/2023\/07\/06\/abd-ukraynadaki-nukleer-santraldeki-kosullari-yakindan-takip-ediyor\/","title":{"rendered":"ABD, Ukrayna&#8217;daki n\u00fckleer santraldeki ko\u015fullar\u0131 yak\u0131ndan takip ediyor"},"content":{"rendered":"<p><\/p>\n<div>\n<p><strong>Beyaz Saray <\/strong>S\u00f6zc\u00fcs\u00fc Karine Jean-Pierre, Rusya ile Ukrayna&#8217;n\u0131n <strong>Zaporijya N\u00fckleer Santrali <\/strong>ile ilgili kar\u015f\u0131l\u0131kl\u0131 ithamlarda bulunmas\u0131yla ilgili, santraldeki ko\u015fullar\u0131 bir s\u00fcredir yak\u0131ndan izlediklerini ve santralin yak\u0131n\u0131nda sava\u015f olmamas\u0131 gerekti\u011fini s\u00f6yledi.<\/p>\n<p>Jean-Pierre, g\u00fcnl\u00fck bas\u0131n toplant\u0131s\u0131nda sorular\u0131 yan\u0131tlad\u0131.<\/p>\n<p>Ukrayna&#8217;n\u0131n NATO \u00fcyeli\u011fiyle ilgili, NATO&#8217;nun a\u00e7\u0131k kap\u0131 politikas\u0131na ba\u011fl\u0131 olduklar\u0131na ancak bu konudaki bir karar\u0131n ittifak \u00fcyeleriyle birlikte al\u0131nabilece\u011fine i\u015faret etti.<\/p>\n<p>NATO m\u00fcttefikleri ile Ukrayna&#8217;n\u0131n Avrupa-Atlantik entegrasyonu hedefini toplu olarak nas\u0131l destekleyebileceklerini g\u00f6r\u00fc\u015ft\u00fcklerini aktaran Jean-Pierre, &#8220;Ba\u015fkan (Biden) bir\u00e7ok kez bunu s\u00f6yledi. Ukrayna, ittifaka kat\u0131lmadan \u00f6nce herhangi bir NATO \u00fclkesiyle ayn\u0131 standartlar\u0131 kar\u015f\u0131lamak i\u00e7in reformlar yapmak zorunda.&#8221; dedi.<\/p>\n<p>Jean-Pierre, Biden&#8217;\u0131n, Ukrayna&#8217;n\u0131n bunu yapabilece\u011fini d\u00fc\u015f\u00fcnd\u00fc\u011f\u00fcn\u00fc bildirdi.<\/p>\n<p>Ukrayna Devlet Ba\u015fkan\u0131 Volodimir Zelenskiy&#8217;nin Rus ordusunun Zaporijya N\u00fckleer Santrali&#8217;ndeki baz\u0131 g\u00fc\u00e7 \u00fcnitelerinin \u00e7at\u0131s\u0131na patlay\u0131c\u0131ya benzeyen maddeler yerle\u015ftirdi\u011fine ili\u015fkin a\u00e7\u0131klamalar\u0131 da Jean-Pierre&#8217;e soruldu.<\/p>\n<p>Santraldeki durumu yak\u0131ndan takip etmeye devam ettiklerini belirten Jean-Pierre, Rus askerinin n\u00fckleer santrali kontrol etmeye devam etmesinin &#8220;tehlikeli oldu\u011fu&#8221; de\u011ferlendirmesinde bulundu.<\/p>\n<p>Jean-Pierre, n\u00fckleer santralin yak\u0131n\u0131nda herhangi bir \u00e7at\u0131\u015fma olmamas\u0131 gerekti\u011fini vurgulad\u0131.<\/p>\n<p>Santralle ilgili \u00e7\u0131kan son haberlerle ilgili ise Jean-Pierre, payla\u015facak yeni bir bilgileri olmad\u0131\u011f\u0131n\u0131 bildirdi.<\/p>\n<h3>\u0130sve\u00e7&#8217;in NATO&#8217;ya \u00fcyeli\u011fi<\/h3>\n<p>T\u00fcrkiye ile Macaristan&#8217;\u0131 \u0130sve\u00e7&#8217;in NATO&#8217;ya m\u00fcmk\u00fcn olan en k\u0131sa s\u00fcrede \u00fcyeli\u011fi konusunda te\u015fvik ettiklerini s\u00f6yleyen Jean-Pierre, \u0130sve\u00e7&#8217;in \u00dc\u00e7l\u00fc Mutabakat kapsam\u0131ndaki y\u00fck\u00fcml\u00fcl\u00fcklerini yerine getirdi\u011fini savundu.<\/p>\n<p>Jean-Pierre, &#8220;\u0130sve\u00e7, NATO&#8217;nun de\u011ferlerini payla\u015fan, ittifak\u0131 g\u00fc\u00e7lendirecek ve Avrupa g\u00fcvenli\u011fine katk\u0131da bulunacak g\u00fc\u00e7l\u00fc ve yetenekli bir savunma orta\u011f\u0131d\u0131r.&#8221; de\u011ferlendirmesinde bulundu.<\/p>\n<p>\u0130sve\u00e7&#8217;in ba\u015fkenti Stockholm&#8217;de ge\u00e7en hafta Kur&#8217;an-\u0131 Kerim&#8217;in yak\u0131lmas\u0131yla ilgili ise Jean-Pierre, &#8220;Kur&#8217;an&#8217;\u0131n yak\u0131lmas\u0131, hepinizin bildi\u011fi \u00fczere Ba\u015fkan&#8217;\u0131n da kesinlikle kat\u0131laca\u011f\u0131 gibi, hayal k\u0131r\u0131kl\u0131\u011f\u0131na u\u011frat\u0131c\u0131.&#8221; dedi.<\/p>\n<h3>ABD&#8217;den \u0130srail&#8217;e destek<\/h3>\n<p>\u0130srail g\u00fc\u00e7lerinin i\u015fgal alt\u0131ndaki Bat\u0131 \u015eeria&#8217;n\u0131n kuzeyindeki Cenin kentine d\u00fczenledi\u011fi bask\u0131n ve sald\u0131r\u0131lara ili\u015fkin bir soruya Jean-Pierre, &#8220;\u0130srail&#8217;in g\u00fcvenli\u011fini ve halk\u0131n\u0131 Hamas&#8217;a, Filistinli \u0130slami Cihad&#8217;a ve di\u011fer ter\u00f6rist gruplara kar\u015f\u0131 savunma hakk\u0131n\u0131 kesinlikle destekliyoruz.&#8221; yan\u0131t\u0131n\u0131 verdi.<\/p>\n<p>Jean-Pierre, di\u011fer yandan, sivillerin korunmas\u0131 i\u00e7in m\u00fcmk\u00fcn olan t\u00fcm ad\u0131mlar\u0131 atman\u0131n ve sivil n\u00fcfusa elektrik, su gibi kritik hizmetlerin sa\u011flanmas\u0131n\u0131n \u00f6nemli oldu\u011funu kaydetti.<\/p>\n<p>\u0130srail&#8217;in &#8220;yak\u0131n bir m\u00fcttefik ve ortak&#8221; oldu\u011funu s\u00f6yleyen Jean-Pierre, bu kapsamda \u0130srailli yetkililerle d\u00fczenli temas halinde olduklar\u0131n\u0131 bildirdi.<\/p>\n<p>                            <span class=\"detay-foto-editor\">&#13;<br \/>\n                                <a href=\"https:\/\/www.aa.com.tr\/tr\/p\/abonelik-talep-formu\/1001\" target=\"_blank\" style=\"font-size:12px; color:#444; text-decoration:none;\" rel=\"noopener\">&#13;<br \/>\n                                    Anadolu Ajans\u0131 web sitesinde, AA Haber Ak\u0131\u015f Sistemi (HAS) \u00fczerinden abonelere sunulan haberler, \u00f6zetlenerek yay\u0131mlanmaktad\u0131r. <b style=\"color:#1897F7\">Abonelik i\u00e7in l\u00fctfen ileti\u015fime ge\u00e7iniz.<\/b>&#13;<br \/>\n                                <\/a>&#13;<br \/>\n                            <\/span>\n                        <\/div>\n<p><script>\n\t  window.fbAsyncInit = function() {\n\t\tFB.init({\n\t\t  appId: '1855843514662870',\n\t\t  status : true, \/\/ check login status\n\t\t  cookie : true, \/\/ enable cookies to allow the server to access the session\n\t\t  xfbml  : true  \/\/ parse XFBML\n\t\t});\n\t  };<\/p>\n<p>\t  (function() {\n\t\tvar e = document.createElement('script');\n\t\te.src=\"https:\/\/connect.facebook.net\/tr_TR\/all.js\";\n\t\te.async = true;\n\t\tdocument.getElementById('fb-root').appendChild(e);\n\t  }());\n    <\/script><\/p>\n","protected":false},"excerpt":{"rendered":"<p>Beyaz Saray S\u00f6zc\u00fcs\u00fc Karine Jean-Pierre, Rusya ile Ukrayna&#8217;n\u0131n Zaporijya N\u00fckleer Santrali ile ilgili kar\u015f\u0131l\u0131kl\u0131 ithamlarda bulunmas\u0131yla ilgili, santraldeki ko\u015fullar\u0131 bir s\u00fcredir yak\u0131ndan izlediklerini ve santralin yak\u0131n\u0131nda sava\u015f olmamas\u0131 gerekti\u011fini s\u00f6yledi. Jean-Pierre, g\u00fcnl\u00fck bas\u0131n toplant\u0131s\u0131nda sorular\u0131 yan\u0131tlad\u0131. Ukrayna&#8217;n\u0131n NATO \u00fcyeli\u011fiyle ilgili, NATO&#8217;nun a\u00e7\u0131k kap\u0131 politikas\u0131na ba\u011fl\u0131 olduklar\u0131na ancak bu konudaki bir karar\u0131n ittifak \u00fcyeleriyle birlikte al\u0131nabilece\u011fine [&hellip;]<\/p>\n","protected":false},"author":1,"featured_media":8716,"comment_status":"","ping_status":"","sticky":false,"template":"","format":"standard","meta":[],"categories":[1],"tags":[],"_links":{"self":[{"href":"https:\/\/kraios.app\/news\/wp-json\/wp\/v2\/posts\/8715"}],"collection":[{"href":"https:\/\/kraios.app\/news\/wp-json\/wp\/v2\/posts"}],"about":[{"href":"https:\/\/kraios.app\/news\/wp-json\/wp\/v2\/types\/post"}],"author":[{"embeddable":true,"href":"https:\/\/kraios.app\/news\/wp-json\/wp\/v2\/users\/1"}],"replies":[{"embeddable":true,"href":"https:\/\/kraios.app\/news\/wp-json\/wp\/v2\/comments?post=8715"}],"version-history":[{"count":0,"href":"https:\/\/kraios.app\/news\/wp-json\/wp\/v2\/posts\/8715\/revisions"}],"wp:featuredmedia":[{"embeddable":true,"href":"https:\/\/kraios.app\/news\/wp-json\/wp\/v2\/media\/8716"}],"wp:attachment":[{"href":"https:\/\/kraios.app\/news\/wp-json\/wp\/v2\/media?parent=8715"}],"wp:term":[{"taxonomy":"category","embeddable":true,"href":"https:\/\/kraios.app\/news\/wp-json\/wp\/v2\/categories?post=8715"},{"taxonomy":"post_tag","embeddable":true,"href":"https:\/\/kraios.app\/news\/wp-json\/wp\/v2\/tags?post=8715"}],"curies":[{"name":"wp","href":"https:\/\/api.w.org\/{rel}","templated":true}]}}