{"id":8665,"date":"2023-07-05T04:20:06","date_gmt":"2023-07-05T04:20:06","guid":{"rendered":"https:\/\/kraios.app\/news\/gundem\/2023\/07\/05\/fransadaki-protestolarda-hafta-sonu-1-kisinin-plastik-mermiyle-olduruldugu-aciklandi\/"},"modified":"2023-07-05T04:20:06","modified_gmt":"2023-07-05T04:20:06","slug":"fransadaki-protestolarda-hafta-sonu-1-kisinin-plastik-mermiyle-olduruldugu-aciklandi","status":"publish","type":"post","link":"https:\/\/kraios.app\/news\/gundem\/2023\/07\/05\/fransadaki-protestolarda-hafta-sonu-1-kisinin-plastik-mermiyle-olduruldugu-aciklandi\/","title":{"rendered":"Fransa&#039;daki protestolarda hafta sonu 1 ki\u015finin plastik mermiyle \u00f6ld\u00fcr\u00fcld\u00fc\u011f\u00fc a\u00e7\u0131kland\u0131"},"content":{"rendered":"<p>Fransa&#8217;da gen\u00e7 s\u00fcr\u00fcc\u00fcn\u00fcn polis kur\u015funuyla \u00f6ld\u00fcr\u00fclmesinin ard\u0131ndan \u00e7\u0131kan protestolarda hafta sonu bir ki\u015finin g\u00f6\u011fs\u00fcne plastik mermi isabet etmesi sonucu \u00f6ld\u00fc\u011f\u00fc belirtildi.<\/p>\n","protected":false},"excerpt":{"rendered":"<p>Fransa&#8217;da gen\u00e7 s\u00fcr\u00fcc\u00fcn\u00fcn polis kur\u015funuyla \u00f6ld\u00fcr\u00fclmesinin ard\u0131ndan \u00e7\u0131kan protestolarda hafta sonu bir ki\u015finin g\u00f6\u011fs\u00fcne plastik mermi isabet etmesi sonucu \u00f6ld\u00fc\u011f\u00fc belirtildi.<\/p>\n","protected":false},"author":1,"featured_media":8666,"comment_status":"","ping_status":"","sticky":false,"template":"","format":"standard","meta":[],"categories":[1],"tags":[],"_links":{"self":[{"href":"https:\/\/kraios.app\/news\/wp-json\/wp\/v2\/posts\/8665"}],"collection":[{"href":"https:\/\/kraios.app\/news\/wp-json\/wp\/v2\/posts"}],"about":[{"href":"https:\/\/kraios.app\/news\/wp-json\/wp\/v2\/types\/post"}],"author":[{"embeddable":true,"href":"https:\/\/kraios.app\/news\/wp-json\/wp\/v2\/users\/1"}],"replies":[{"embeddable":true,"href":"https:\/\/kraios.app\/news\/wp-json\/wp\/v2\/comments?post=8665"}],"version-history":[{"count":0,"href":"https:\/\/kraios.app\/news\/wp-json\/wp\/v2\/posts\/8665\/revisions"}],"wp:featuredmedia":[{"embeddable":true,"href":"https:\/\/kraios.app\/news\/wp-json\/wp\/v2\/media\/8666"}],"wp:attachment":[{"href":"https:\/\/kraios.app\/news\/wp-json\/wp\/v2\/media?parent=8665"}],"wp:term":[{"taxonomy":"category","embeddable":true,"href":"https:\/\/kraios.app\/news\/wp-json\/wp\/v2\/categories?post=8665"},{"taxonomy":"post_tag","embeddable":true,"href":"https:\/\/kraios.app\/news\/wp-json\/wp\/v2\/tags?post=8665"}],"curies":[{"name":"wp","href":"https:\/\/api.w.org\/{rel}","templated":true}]}}