{"id":8654,"date":"2023-07-04T22:20:05","date_gmt":"2023-07-04T22:20:05","guid":{"rendered":"https:\/\/kraios.app\/news\/gundem\/2023\/07\/04\/stockholmde-kuran-i-kerim-yakilmasi-urdundeki-isvec-buyukelciligi-onunde-protesto-edildi\/"},"modified":"2023-07-04T22:20:05","modified_gmt":"2023-07-04T22:20:05","slug":"stockholmde-kuran-i-kerim-yakilmasi-urdundeki-isvec-buyukelciligi-onunde-protesto-edildi","status":"publish","type":"post","link":"https:\/\/kraios.app\/news\/gundem\/2023\/07\/04\/stockholmde-kuran-i-kerim-yakilmasi-urdundeki-isvec-buyukelciligi-onunde-protesto-edildi\/","title":{"rendered":"Stockholm\u2019de Kur&#039;an-\u0131 Kerim yak\u0131lmas\u0131, \u00dcrd\u00fcn&#039;deki \u0130sve\u00e7 B\u00fcy\u00fckel\u00e7ili\u011fi \u00f6n\u00fcnde protesto edildi"},"content":{"rendered":"<p>\u00dcrd\u00fcn&#8217;\u00fcn ba\u015fkenti Amman&#8217;da, \u0130sve\u00e7 B\u00fcy\u00fckel\u00e7ili\u011fi \u00f6n\u00fcnde \u00e7ok say\u0131da ki\u015fi Stockholm&#8217;de Kur&#8217;an-\u0131 Kerim yak\u0131lmas\u0131n\u0131 protesto etti.<\/p>\n","protected":false},"excerpt":{"rendered":"<p>\u00dcrd\u00fcn&#8217;\u00fcn ba\u015fkenti Amman&#8217;da, \u0130sve\u00e7 B\u00fcy\u00fckel\u00e7ili\u011fi \u00f6n\u00fcnde \u00e7ok say\u0131da ki\u015fi Stockholm&#8217;de Kur&#8217;an-\u0131 Kerim yak\u0131lmas\u0131n\u0131 protesto etti.<\/p>\n","protected":false},"author":1,"featured_media":8655,"comment_status":"","ping_status":"","sticky":false,"template":"","format":"standard","meta":[],"categories":[1],"tags":[],"_links":{"self":[{"href":"https:\/\/kraios.app\/news\/wp-json\/wp\/v2\/posts\/8654"}],"collection":[{"href":"https:\/\/kraios.app\/news\/wp-json\/wp\/v2\/posts"}],"about":[{"href":"https:\/\/kraios.app\/news\/wp-json\/wp\/v2\/types\/post"}],"author":[{"embeddable":true,"href":"https:\/\/kraios.app\/news\/wp-json\/wp\/v2\/users\/1"}],"replies":[{"embeddable":true,"href":"https:\/\/kraios.app\/news\/wp-json\/wp\/v2\/comments?post=8654"}],"version-history":[{"count":0,"href":"https:\/\/kraios.app\/news\/wp-json\/wp\/v2\/posts\/8654\/revisions"}],"wp:featuredmedia":[{"embeddable":true,"href":"https:\/\/kraios.app\/news\/wp-json\/wp\/v2\/media\/8655"}],"wp:attachment":[{"href":"https:\/\/kraios.app\/news\/wp-json\/wp\/v2\/media?parent=8654"}],"wp:term":[{"taxonomy":"category","embeddable":true,"href":"https:\/\/kraios.app\/news\/wp-json\/wp\/v2\/categories?post=8654"},{"taxonomy":"post_tag","embeddable":true,"href":"https:\/\/kraios.app\/news\/wp-json\/wp\/v2\/tags?post=8654"}],"curies":[{"name":"wp","href":"https:\/\/api.w.org\/{rel}","templated":true}]}}