{"id":8624,"date":"2023-07-04T08:20:05","date_gmt":"2023-07-04T08:20:05","guid":{"rendered":"https:\/\/kraios.app\/news\/spor\/2023\/07\/04\/yaz-doneminde-spor-okullari-genc-ve-cocuklarin-hizmetinde\/"},"modified":"2023-07-04T08:20:05","modified_gmt":"2023-07-04T08:20:05","slug":"yaz-doneminde-spor-okullari-genc-ve-cocuklarin-hizmetinde","status":"publish","type":"post","link":"https:\/\/kraios.app\/news\/spor\/2023\/07\/04\/yaz-doneminde-spor-okullari-genc-ve-cocuklarin-hizmetinde\/","title":{"rendered":"Yaz d\u00f6neminde spor okullar\u0131 gen\u00e7 ve \u00e7ocuklar\u0131n hizmetinde"},"content":{"rendered":"<p><\/p>\n<div>\n<p>Spor okullar\u0131n\u0131n faaliyetlerine kat\u0131lmak isteyenler, Gen\u00e7lik ve Spor \u0130l M\u00fcd\u00fcrl\u00fcklerinin internet sitelerinden \u00fccretsiz kay\u0131t yapt\u0131rabiliyor. Temmuzun ilk haftas\u0131ndan ba\u015flay\u0131p eyl\u00fcl ay\u0131n\u0131n ilk haftas\u0131na dek s\u00fcrecek yaz spor okullar\u0131na t\u00fcm illerde ge\u00e7en y\u0131llarda oldu\u011fu gibi yine b\u00fcy\u00fck ilgi bekleniyor.<\/p>\n<p>Gen\u00e7lik ve Spor \u0130l M\u00fcd\u00fcrl\u00fcklerinin organizasyonuyla \u0130l Spor Merkezleri ve Engelliler Spor Merkezleri&#8217;nde ger\u00e7ekle\u015ftirilen yaz spor okullar\u0131nda, 5-18 ya\u015f grubundaki \u00e7ocuk ve gen\u00e7ler, illere g\u00f6re de\u011fi\u015fen 60&#8217;\u0131n \u00fczerinde bran\u015ftan istedikleri faaliyetlere kat\u0131labilecek.<\/p>\n<p>Sporu sevdirmenin, spor kul\u00fcplerine sporcu kayna\u011f\u0131 olu\u015fturman\u0131n, toplumda spor k\u00fclt\u00fcr\u00fcn\u00fc g\u00fc\u00e7lendirmenin ve sporun daha geni\u015f kitlelere yay\u0131lmas\u0131n\u0131n ama\u00e7land\u0131\u011f\u0131 yaz spor okullar\u0131nda, de\u011ferlendirmeler sonucunda ba\u015far\u0131l\u0131 olan ve gelecek vadedenler spor kul\u00fcplerine y\u00f6nlendirilerek profesyonel spor ya\u015famlar\u0131na ilk ad\u0131mlar\u0131n\u0131 at\u0131yor.<\/p>\n<h3>Ge\u00e7en y\u0131l en \u00e7ok y\u00fczme tercih edildi<\/h3>\n<p>GSB&#8217;den edinilen bilgiye g\u00f6re, ge\u00e7en y\u0131l 62 bran\u015fta a\u00e7\u0131lan spor okullar\u0131ndan 1 milyon 476 bin 547 ki\u015fiyle en \u00e7ok y\u00fczme tercih edildi.<\/p>\n<p>Y\u00fczme bran\u015f\u0131n\u0131, 252 bin 104 ki\u015fiyle voleybol, 197 bin 495 ki\u015fiyle basketbol, 183 bin 784 ki\u015fiyle atletizm ve 166 bin 357 ki\u015fiyle cimnastik takip etti.<\/p>\n<h3>Engelli bireyler, sosyalle\u015fme imkan\u0131 buldu<\/h3>\n<p>GSB Spor Okullar\u0131ndan ayr\u0131ca engelli \u00e7ocuklar da faydalan\u0131yor. Aileler \u00e7ocuklar\u0131n\u0131n sosyalle\u015fmesi ve hayata daha olumlu bakabilmesi i\u00e7in GSB Spor Okullar\u0131na y\u00f6nlendiriyor.<\/p>\n<p>D\u00f6rt engelli federasyonundan ge\u00e7en y\u0131l GSB Spor Okullar\u0131n\u0131 3 bin 832 ki\u015fiyle T\u00fcrkiye \u00d6zel Sporcular Spor Federasyonuna ba\u011fl\u0131 sporculardan tercih etti.<\/p>\n<p>T\u00fcrkiye \u00d6zel Sporcular Spor Federasyonunu, 2650 ki\u015fiyle T\u00fcrkiye Bedensel Engelliler Spor Federasyonu, 2491 ki\u015fiyle T\u00fcrkiye \u0130\u015fitme Engelliler Spor Federasyonu ve 2436 ki\u015fiyle T\u00fcrkiye G\u00f6rme Engelliler Spor Federasyonu takip etti.<\/p>\n<h3>Bakan Bak, a\u00e7\u0131l\u0131\u015f\u0131n\u0131 yapacak<\/h3>\n<p>Gen\u00e7lik ve Spor Bakan\u0131 Osman A\u015fk\u0131n Bak, GSB Yaz Spor Okullar\u0131n\u0131n Burhan Felek Spor Kompleksi&#8217;ndeki a\u00e7\u0131l\u0131\u015f\u0131n\u0131 yapacak.<\/p>\n<p>Bak, ayr\u0131ca Sar\u0131yer Rumelifeneri&#8217;ndeki \u0130stanbul Marmarac\u0131k Gen\u00e7lik Kamp\u0131&#8217;nda d\u00fczenlenecek Gen\u00e7lik Kamplar\u0131 a\u00e7\u0131l\u0131\u015f\u0131na da i\u015ftirak edecek.<\/p>\n<h3>Kul\u00fcpler de yaz spor okullar\u0131 d\u00fczenliyor<\/h3>\n<p>Yaz d\u00f6neminde Gen\u00e7lik ve Spor Bakanl\u0131\u011f\u0131n\u0131n yan\u0131 s\u0131ra illerdeki kul\u00fcpler de \u00e7e\u015fitli bran\u015flarda yaz spor okullar\u0131 faaliyetleri y\u00fcr\u00fct\u00fcyor.<\/p>\n<p>Kul\u00fcplerin \u00fccretli olarak ger\u00e7ekle\u015ftirdikleri tam veya yar\u0131m g\u00fcn etkinlikli \u00e7e\u015fitli d\u00f6nemler halinde sunulan spor okullar\u0131nda y\u00fczme, basketbol, voleybol, cimnastik, masa tenisi, badminton gibi bran\u015flar a\u011f\u0131rl\u0131kl\u0131 olarak yer al\u0131yor.<\/p>\n<p>Kul\u00fcp organizasyonlar\u0131nda gen\u00e7ler, sadece tek bran\u015fta spor okullar\u0131n\u0131 da tercih edebiliyor.<\/p>\n<p>                            <span class=\"detay-foto-editor\">&#13;<br \/>\n                                <a href=\"https:\/\/www.aa.com.tr\/tr\/p\/abonelik-talep-formu\/1001\" target=\"_blank\" style=\"font-size:12px; color:#444; text-decoration:none;\" rel=\"noopener\">&#13;<br \/>\n                                    Anadolu Ajans\u0131 web sitesinde, AA Haber Ak\u0131\u015f Sistemi (HAS) \u00fczerinden abonelere sunulan haberler, \u00f6zetlenerek yay\u0131mlanmaktad\u0131r. <b style=\"color:#1897F7\">Abonelik i\u00e7in l\u00fctfen ileti\u015fime ge\u00e7iniz.<\/b>&#13;<br \/>\n                                <\/a>&#13;<br \/>\n                            <\/span>\n                        <\/div>\n<p><script>\n\t  window.fbAsyncInit = function() {\n\t\tFB.init({\n\t\t  appId: '1855843514662870',\n\t\t  status : true, \/\/ check login status\n\t\t  cookie : true, \/\/ enable cookies to allow the server to access the session\n\t\t  xfbml  : true  \/\/ parse XFBML\n\t\t});\n\t  };<\/p>\n<p>\t  (function() {\n\t\tvar e = document.createElement('script');\n\t\te.src=\"https:\/\/connect.facebook.net\/tr_TR\/all.js\";\n\t\te.async = true;\n\t\tdocument.getElementById('fb-root').appendChild(e);\n\t  }());\n    <\/script><\/p>\n","protected":false},"excerpt":{"rendered":"<p>Spor okullar\u0131n\u0131n faaliyetlerine kat\u0131lmak isteyenler, Gen\u00e7lik ve Spor \u0130l M\u00fcd\u00fcrl\u00fcklerinin internet sitelerinden \u00fccretsiz kay\u0131t yapt\u0131rabiliyor. Temmuzun ilk haftas\u0131ndan ba\u015flay\u0131p eyl\u00fcl ay\u0131n\u0131n ilk haftas\u0131na dek s\u00fcrecek yaz spor okullar\u0131na t\u00fcm illerde ge\u00e7en y\u0131llarda oldu\u011fu gibi yine b\u00fcy\u00fck ilgi bekleniyor. Gen\u00e7lik ve Spor \u0130l M\u00fcd\u00fcrl\u00fcklerinin organizasyonuyla \u0130l Spor Merkezleri ve Engelliler Spor Merkezleri&#8217;nde ger\u00e7ekle\u015ftirilen yaz spor okullar\u0131nda, [&hellip;]<\/p>\n","protected":false},"author":1,"featured_media":8625,"comment_status":"","ping_status":"","sticky":false,"template":"","format":"standard","meta":[],"categories":[48],"tags":[],"_links":{"self":[{"href":"https:\/\/kraios.app\/news\/wp-json\/wp\/v2\/posts\/8624"}],"collection":[{"href":"https:\/\/kraios.app\/news\/wp-json\/wp\/v2\/posts"}],"about":[{"href":"https:\/\/kraios.app\/news\/wp-json\/wp\/v2\/types\/post"}],"author":[{"embeddable":true,"href":"https:\/\/kraios.app\/news\/wp-json\/wp\/v2\/users\/1"}],"replies":[{"embeddable":true,"href":"https:\/\/kraios.app\/news\/wp-json\/wp\/v2\/comments?post=8624"}],"version-history":[{"count":0,"href":"https:\/\/kraios.app\/news\/wp-json\/wp\/v2\/posts\/8624\/revisions"}],"wp:featuredmedia":[{"embeddable":true,"href":"https:\/\/kraios.app\/news\/wp-json\/wp\/v2\/media\/8625"}],"wp:attachment":[{"href":"https:\/\/kraios.app\/news\/wp-json\/wp\/v2\/media?parent=8624"}],"wp:term":[{"taxonomy":"category","embeddable":true,"href":"https:\/\/kraios.app\/news\/wp-json\/wp\/v2\/categories?post=8624"},{"taxonomy":"post_tag","embeddable":true,"href":"https:\/\/kraios.app\/news\/wp-json\/wp\/v2\/tags?post=8624"}],"curies":[{"name":"wp","href":"https:\/\/api.w.org\/{rel}","templated":true}]}}