{"id":8612,"date":"2023-07-04T04:20:04","date_gmt":"2023-07-04T04:20:04","guid":{"rendered":"https:\/\/kraios.app\/news\/spor\/2023\/07\/04\/suudi-arabistan-ekibi-al-ittifakta-steven-gerrard-donemi\/"},"modified":"2023-07-04T04:20:04","modified_gmt":"2023-07-04T04:20:04","slug":"suudi-arabistan-ekibi-al-ittifakta-steven-gerrard-donemi","status":"publish","type":"post","link":"https:\/\/kraios.app\/news\/spor\/2023\/07\/04\/suudi-arabistan-ekibi-al-ittifakta-steven-gerrard-donemi\/","title":{"rendered":"Suudi Arabistan ekibi Al-Ittifak&#039;ta Steven Gerrard d\u00f6nemi"},"content":{"rendered":"<p>Suudi Arabistan Birinci Futbol Ligi tak\u0131mlar\u0131ndan Al-Ittifak, teknik direkt\u00f6rl\u00fck g\u00f6revine \u0130ngiliz Steven Gerrard&#8217;\u0131n getirildi\u011fini a\u00e7\u0131klad\u0131.<\/p>\n","protected":false},"excerpt":{"rendered":"<p>Suudi Arabistan Birinci Futbol Ligi tak\u0131mlar\u0131ndan Al-Ittifak, teknik direkt\u00f6rl\u00fck g\u00f6revine \u0130ngiliz Steven Gerrard&#8217;\u0131n getirildi\u011fini a\u00e7\u0131klad\u0131.<\/p>\n","protected":false},"author":1,"featured_media":8613,"comment_status":"","ping_status":"","sticky":false,"template":"","format":"standard","meta":[],"categories":[48],"tags":[],"_links":{"self":[{"href":"https:\/\/kraios.app\/news\/wp-json\/wp\/v2\/posts\/8612"}],"collection":[{"href":"https:\/\/kraios.app\/news\/wp-json\/wp\/v2\/posts"}],"about":[{"href":"https:\/\/kraios.app\/news\/wp-json\/wp\/v2\/types\/post"}],"author":[{"embeddable":true,"href":"https:\/\/kraios.app\/news\/wp-json\/wp\/v2\/users\/1"}],"replies":[{"embeddable":true,"href":"https:\/\/kraios.app\/news\/wp-json\/wp\/v2\/comments?post=8612"}],"version-history":[{"count":0,"href":"https:\/\/kraios.app\/news\/wp-json\/wp\/v2\/posts\/8612\/revisions"}],"wp:featuredmedia":[{"embeddable":true,"href":"https:\/\/kraios.app\/news\/wp-json\/wp\/v2\/media\/8613"}],"wp:attachment":[{"href":"https:\/\/kraios.app\/news\/wp-json\/wp\/v2\/media?parent=8612"}],"wp:term":[{"taxonomy":"category","embeddable":true,"href":"https:\/\/kraios.app\/news\/wp-json\/wp\/v2\/categories?post=8612"},{"taxonomy":"post_tag","embeddable":true,"href":"https:\/\/kraios.app\/news\/wp-json\/wp\/v2\/tags?post=8612"}],"curies":[{"name":"wp","href":"https:\/\/api.w.org\/{rel}","templated":true}]}}