{"id":8608,"date":"2023-07-04T01:20:08","date_gmt":"2023-07-04T01:20:08","guid":{"rendered":"https:\/\/kraios.app\/news\/gundem\/2023\/07\/04\/fransadaki-gosterilerin-6-gecesinde-gozaltilar-suruyor\/"},"modified":"2023-07-04T01:20:08","modified_gmt":"2023-07-04T01:20:08","slug":"fransadaki-gosterilerin-6-gecesinde-gozaltilar-suruyor","status":"publish","type":"post","link":"https:\/\/kraios.app\/news\/gundem\/2023\/07\/04\/fransadaki-gosterilerin-6-gecesinde-gozaltilar-suruyor\/","title":{"rendered":"Fransa&#039;daki g\u00f6sterilerin 6. gecesinde g\u00f6zalt\u0131lar s\u00fcr\u00fcyor"},"content":{"rendered":"<p>Fransa&#8217;da gen\u00e7 s\u00fcr\u00fcc\u00fcn\u00fcn polis taraf\u0131ndan \u00f6ld\u00fcr\u00fclmesinin ard\u0131ndan ba\u015flayan g\u00f6sterilerin 6. gecesinde de polisin eylemcilere m\u00fcdahalesi devam ediyor.<\/p>\n","protected":false},"excerpt":{"rendered":"<p>Fransa&#8217;da gen\u00e7 s\u00fcr\u00fcc\u00fcn\u00fcn polis taraf\u0131ndan \u00f6ld\u00fcr\u00fclmesinin ard\u0131ndan ba\u015flayan g\u00f6sterilerin 6. gecesinde de polisin eylemcilere m\u00fcdahalesi devam ediyor.<\/p>\n","protected":false},"author":1,"featured_media":8609,"comment_status":"","ping_status":"","sticky":false,"template":"","format":"standard","meta":[],"categories":[1],"tags":[],"_links":{"self":[{"href":"https:\/\/kraios.app\/news\/wp-json\/wp\/v2\/posts\/8608"}],"collection":[{"href":"https:\/\/kraios.app\/news\/wp-json\/wp\/v2\/posts"}],"about":[{"href":"https:\/\/kraios.app\/news\/wp-json\/wp\/v2\/types\/post"}],"author":[{"embeddable":true,"href":"https:\/\/kraios.app\/news\/wp-json\/wp\/v2\/users\/1"}],"replies":[{"embeddable":true,"href":"https:\/\/kraios.app\/news\/wp-json\/wp\/v2\/comments?post=8608"}],"version-history":[{"count":0,"href":"https:\/\/kraios.app\/news\/wp-json\/wp\/v2\/posts\/8608\/revisions"}],"wp:featuredmedia":[{"embeddable":true,"href":"https:\/\/kraios.app\/news\/wp-json\/wp\/v2\/media\/8609"}],"wp:attachment":[{"href":"https:\/\/kraios.app\/news\/wp-json\/wp\/v2\/media?parent=8608"}],"wp:term":[{"taxonomy":"category","embeddable":true,"href":"https:\/\/kraios.app\/news\/wp-json\/wp\/v2\/categories?post=8608"},{"taxonomy":"post_tag","embeddable":true,"href":"https:\/\/kraios.app\/news\/wp-json\/wp\/v2\/tags?post=8608"}],"curies":[{"name":"wp","href":"https:\/\/api.w.org\/{rel}","templated":true}]}}