{"id":8585,"date":"2023-07-03T16:28:24","date_gmt":"2023-07-03T16:28:24","guid":{"rendered":"https:\/\/kraios.app\/news\/spor\/2023\/07\/03\/alanyaspordan-3-yeni-transfer\/"},"modified":"2023-07-03T16:28:24","modified_gmt":"2023-07-03T16:28:24","slug":"alanyaspordan-3-yeni-transfer","status":"publish","type":"post","link":"https:\/\/kraios.app\/news\/spor\/2023\/07\/03\/alanyaspordan-3-yeni-transfer\/","title":{"rendered":"Alanyaspor&#8217;dan 3 yeni transfer"},"content":{"rendered":"<p><\/p>\n<div>\n<p>Alanyaspor, Brezilya&#8217;n\u0131n Santos kul\u00fcb\u00fcnden savunma oyuncusu Eduardo Bauermann ile 2 y\u0131ll\u0131k,\u00a0Ceara kul\u00fcb\u00fcnden \u00f6n libero Richard Coelho ile 2 y\u0131ll\u0131k ve\u00a0Palmeiras kul\u00fcb\u00fcnden 26 ya\u015f\u0131ndaki\u00a0sa\u011f kanat oyuncusu Carlos Eduard ile 3 y\u0131ll\u0131k s\u00f6zle\u015fme imzalad\u0131. Cengiz Aydo\u011fan Spor Tesisleri&#8217;nde d\u00fczenlenen imza t\u00f6reninde kul\u00fcp ba\u015fkan\u0131 Hasan \u00c7avu\u015fo\u011flu da yer ald\u0131.<\/p>\n<p>\u00c7avu\u015fo\u011flu, yeni sezon i\u00e7in \u00e7al\u0131\u015fmalara ba\u015flad\u0131klar\u0131n\u0131 s\u00f6yledi.<\/p>\n<p>Ge\u00e7en sezon kadrodaki oyuncular\u0131n\u0131n bir\u00e7o\u011funun kiral\u0131k oldu\u011funu anlatan \u00c7avu\u015fo\u011flu, &#8220;Yeni bir olu\u015fum i\u00e7erisindeyiz. Transfere ba\u015flad\u0131k. Pe\u015f pe\u015fe transferler yapaca\u011f\u0131z. Siz de tan\u0131kl\u0131k edeceksiniz. \u0130lk transferimiz Brezilya Serie A tak\u0131mlar\u0131ndan Santos&#8217;un kaptan\u0131 Bauermann. Kendisi tecr\u00fcbeli ve takip etti\u011fimiz bir oyuncuydu. \u0130n\u015fallah bu transferin hem Alanyaspor i\u00e7in hem de kendisi i\u00e7in hay\u0131rl\u0131 olaca\u011f\u0131n\u0131 d\u00fc\u015f\u00fcn\u00fcyoruz.&#8221; diye konu\u015ftu.<\/p>\n<p>Carlos Eduardo&#8217;nun Alanyaspor i\u00e7in \u00e7ok iyi \u015feyler yapaca\u011f\u0131na inand\u0131\u011f\u0131n\u0131 dile getiren \u00c7avu\u015fo\u011flu, &#8220;Carlos, izleyip takip etti\u011fimiz bir futbolcuydu. Hem Corendon Alanyaspor hem de Carlos i\u00e7in hay\u0131rl\u0131 olsun. &#8216;Aram\u0131za ho\u015f geldin Carlos&#8217; diyoruz.&#8221; ifadelerini kulland\u0131.<\/p>\n<p>Richard Coelho&#8217;yu daha \u00f6nceden takip ettiklerini belirten \u00c7avu\u015fo\u011flu, deneyimli oyuncunun tak\u0131ma katk\u0131 sa\u011flayaca\u011f\u0131na inand\u0131klar\u0131n\u0131 kaydetti.<\/p>\n<p>Ge\u00e7en sezon transferde biraz ge\u00e7 kald\u0131klar\u0131n\u0131 ve bu nedenle uyumsuzluklar ya\u015fad\u0131klar\u0131n\u0131 dile getiren \u00c7avu\u015fo\u011flu, bundan dolay\u0131 bu y\u0131l transferlere erken ba\u015flad\u0131klar\u0131n\u0131 aktard\u0131.<\/p>\n<p>Bu sezon tak\u0131m\u0131n ana kadrosunun kamp d\u00f6nemine kadar tamamlanmas\u0131n\u0131 istediklerini anlatan \u00c7avu\u015fo\u011flu, ge\u00e7en sezon ya\u015fad\u0131klar\u0131 problemleri bu y\u0131l ya\u015famak istemediklerini ifade etti.<\/p>\n<p>Brezilyal\u0131 futbolcu Bauermann, Alanyaspor&#8217;a geldi\u011fi i\u00e7in mutlu oldu\u011funu belirtti.<\/p>\n<p>Kendisine destek olanlara te\u015fekk\u00fcr eden Bauermann, &#8220;Motive olmu\u015f durumday\u0131m. S\u00fcper Lig&#8217;i de biliyorum. Takip ediyordum.&#8221; ifadelerini kulland\u0131.<\/p>\n<p>Brezilyal\u0131 sa\u011f kanat oyuncusu Carlos Eduardo da Alanyaspor&#8217;a ciddi katk\u0131da bulunaca\u011f\u0131na inand\u0131\u011f\u0131n\u0131 belirtti.<\/p>\n<p>Hem kendisinin hem de Alanyaspor&#8217;un hedefleri i\u00e7in \u00e7ok \u00e7al\u0131\u015faca\u011f\u0131n\u0131 aktaran Carlos Eduardo, &#8220;Taraftarlar\u0131n, beni saha i\u00e7erisinde g\u00f6rmelerini istiyorum. Agresif bir oyuncuyum. Beni seveceklerini ve onlar\u0131 mutlu edece\u011fimi d\u00fc\u015f\u00fcn\u00fcyorum.&#8221; diye konu\u015ftu.<\/p>\n<p>Richard Coelho ise Alanyaspor&#8217;da oldu\u011fu i\u00e7in mutluluk duydu\u011funu belirtti.<\/p>\n<p>Kendisine g\u00fcvendi\u011fini aktaran Brezilyal\u0131 futbolcu, &#8220;Bu tak\u0131mla ba\u015far\u0131l\u0131 olaca\u011f\u0131m\u0131za inan\u0131yorum. Tak\u0131ma her alanda katk\u0131 sa\u011flayaca\u011f\u0131m\u0131 da d\u00fc\u015f\u00fcn\u00fcyorum. Bu forma alt\u0131nda elimden gelen her \u015feyi yapaca\u011f\u0131m. Sahada b\u00fct\u00fcn g\u00fcc\u00fcmle tak\u0131m arkada\u015flar\u0131ma katk\u0131 verece\u011fim.&#8221; diye konu\u015ftu.<\/p>\n<p>                            <span class=\"detay-foto-editor\">&#13;<br \/>\n                                <a href=\"https:\/\/www.aa.com.tr\/tr\/p\/abonelik-talep-formu\/1001\" target=\"_blank\" style=\"font-size:12px; color:#444; text-decoration:none;\" rel=\"noopener\">&#13;<br \/>\n                                    Anadolu Ajans\u0131 web sitesinde, AA Haber Ak\u0131\u015f Sistemi (HAS) \u00fczerinden abonelere sunulan haberler, \u00f6zetlenerek yay\u0131mlanmaktad\u0131r. <b style=\"color:#1897F7\">Abonelik i\u00e7in l\u00fctfen ileti\u015fime ge\u00e7iniz.<\/b>&#13;<br \/>\n                                <\/a>&#13;<br \/>\n                            <\/span>\n                        <\/div>\n<p><script>\n\t  window.fbAsyncInit = function() {\n\t\tFB.init({\n\t\t  appId: '1855843514662870',\n\t\t  status : true, \/\/ check login status\n\t\t  cookie : true, \/\/ enable cookies to allow the server to access the session\n\t\t  xfbml  : true  \/\/ parse XFBML\n\t\t});\n\t  };<\/p>\n<p>\t  (function() {\n\t\tvar e = document.createElement('script');\n\t\te.src=\"https:\/\/connect.facebook.net\/tr_TR\/all.js\";\n\t\te.async = true;\n\t\tdocument.getElementById('fb-root').appendChild(e);\n\t  }());\n    <\/script><\/p>\n","protected":false},"excerpt":{"rendered":"<p>Alanyaspor, Brezilya&#8217;n\u0131n Santos kul\u00fcb\u00fcnden savunma oyuncusu Eduardo Bauermann ile 2 y\u0131ll\u0131k,\u00a0Ceara kul\u00fcb\u00fcnden \u00f6n libero Richard Coelho ile 2 y\u0131ll\u0131k ve\u00a0Palmeiras kul\u00fcb\u00fcnden 26 ya\u015f\u0131ndaki\u00a0sa\u011f kanat oyuncusu Carlos Eduard ile 3 y\u0131ll\u0131k s\u00f6zle\u015fme imzalad\u0131. Cengiz Aydo\u011fan Spor Tesisleri&#8217;nde d\u00fczenlenen imza t\u00f6reninde kul\u00fcp ba\u015fkan\u0131 Hasan \u00c7avu\u015fo\u011flu da yer ald\u0131. \u00c7avu\u015fo\u011flu, yeni sezon i\u00e7in \u00e7al\u0131\u015fmalara ba\u015flad\u0131klar\u0131n\u0131 s\u00f6yledi. Ge\u00e7en sezon [&hellip;]<\/p>\n","protected":false},"author":1,"featured_media":8586,"comment_status":"","ping_status":"","sticky":false,"template":"","format":"standard","meta":[],"categories":[48],"tags":[],"_links":{"self":[{"href":"https:\/\/kraios.app\/news\/wp-json\/wp\/v2\/posts\/8585"}],"collection":[{"href":"https:\/\/kraios.app\/news\/wp-json\/wp\/v2\/posts"}],"about":[{"href":"https:\/\/kraios.app\/news\/wp-json\/wp\/v2\/types\/post"}],"author":[{"embeddable":true,"href":"https:\/\/kraios.app\/news\/wp-json\/wp\/v2\/users\/1"}],"replies":[{"embeddable":true,"href":"https:\/\/kraios.app\/news\/wp-json\/wp\/v2\/comments?post=8585"}],"version-history":[{"count":0,"href":"https:\/\/kraios.app\/news\/wp-json\/wp\/v2\/posts\/8585\/revisions"}],"wp:featuredmedia":[{"embeddable":true,"href":"https:\/\/kraios.app\/news\/wp-json\/wp\/v2\/media\/8586"}],"wp:attachment":[{"href":"https:\/\/kraios.app\/news\/wp-json\/wp\/v2\/media?parent=8585"}],"wp:term":[{"taxonomy":"category","embeddable":true,"href":"https:\/\/kraios.app\/news\/wp-json\/wp\/v2\/categories?post=8585"},{"taxonomy":"post_tag","embeddable":true,"href":"https:\/\/kraios.app\/news\/wp-json\/wp\/v2\/tags?post=8585"}],"curies":[{"name":"wp","href":"https:\/\/api.w.org\/{rel}","templated":true}]}}