{"id":8569,"date":"2023-07-03T12:20:31","date_gmt":"2023-07-03T12:20:31","guid":{"rendered":"https:\/\/kraios.app\/news\/gundem\/2023\/07\/03\/fenerbahce-ismail-kartal-ile-1-yillik-sozlesme-imzalandigini-kapa-bildirdi\/"},"modified":"2023-07-03T12:20:31","modified_gmt":"2023-07-03T12:20:31","slug":"fenerbahce-ismail-kartal-ile-1-yillik-sozlesme-imzalandigini-kapa-bildirdi","status":"publish","type":"post","link":"https:\/\/kraios.app\/news\/gundem\/2023\/07\/03\/fenerbahce-ismail-kartal-ile-1-yillik-sozlesme-imzalandigini-kapa-bildirdi\/","title":{"rendered":"Fenerbah\u00e7e, \u0130smail Kartal ile 1 y\u0131ll\u0131k s\u00f6zle\u015fme imzaland\u0131\u011f\u0131n\u0131 KAP&#039;a bildirdi"},"content":{"rendered":"<p>Fenerbah\u00e7e, \u0130smail Kartal ile 1 y\u0131ll\u0131k s\u00f6zle\u015fme imzaland\u0131\u011f\u0131n\u0131 KAP&#039;a bildirdi<\/p>\n","protected":false},"excerpt":{"rendered":"<p>Fenerbah\u00e7e, \u0130smail Kartal ile 1 y\u0131ll\u0131k s\u00f6zle\u015fme imzaland\u0131\u011f\u0131n\u0131 KAP&#039;a bildirdi<\/p>\n","protected":false},"author":1,"featured_media":8570,"comment_status":"","ping_status":"","sticky":false,"template":"","format":"standard","meta":[],"categories":[1],"tags":[],"_links":{"self":[{"href":"https:\/\/kraios.app\/news\/wp-json\/wp\/v2\/posts\/8569"}],"collection":[{"href":"https:\/\/kraios.app\/news\/wp-json\/wp\/v2\/posts"}],"about":[{"href":"https:\/\/kraios.app\/news\/wp-json\/wp\/v2\/types\/post"}],"author":[{"embeddable":true,"href":"https:\/\/kraios.app\/news\/wp-json\/wp\/v2\/users\/1"}],"replies":[{"embeddable":true,"href":"https:\/\/kraios.app\/news\/wp-json\/wp\/v2\/comments?post=8569"}],"version-history":[{"count":0,"href":"https:\/\/kraios.app\/news\/wp-json\/wp\/v2\/posts\/8569\/revisions"}],"wp:featuredmedia":[{"embeddable":true,"href":"https:\/\/kraios.app\/news\/wp-json\/wp\/v2\/media\/8570"}],"wp:attachment":[{"href":"https:\/\/kraios.app\/news\/wp-json\/wp\/v2\/media?parent=8569"}],"wp:term":[{"taxonomy":"category","embeddable":true,"href":"https:\/\/kraios.app\/news\/wp-json\/wp\/v2\/categories?post=8569"},{"taxonomy":"post_tag","embeddable":true,"href":"https:\/\/kraios.app\/news\/wp-json\/wp\/v2\/tags?post=8569"}],"curies":[{"name":"wp","href":"https:\/\/api.w.org\/{rel}","templated":true}]}}