{"id":8563,"date":"2023-07-03T09:20:04","date_gmt":"2023-07-03T09:20:04","guid":{"rendered":"https:\/\/kraios.app\/news\/spor\/2023\/07\/03\/masalarin-altinda-uyuyarak-basladigi-teniste-cok-sayida-madalya-kazandi\/"},"modified":"2023-07-03T09:20:04","modified_gmt":"2023-07-03T09:20:04","slug":"masalarin-altinda-uyuyarak-basladigi-teniste-cok-sayida-madalya-kazandi","status":"publish","type":"post","link":"https:\/\/kraios.app\/news\/spor\/2023\/07\/03\/masalarin-altinda-uyuyarak-basladigi-teniste-cok-sayida-madalya-kazandi\/","title":{"rendered":"Masalar\u0131n alt\u0131nda uyuyarak ba\u015flad\u0131\u011f\u0131 teniste \u00e7ok say\u0131da madalya kazand\u0131"},"content":{"rendered":"<p><\/p>\n<div>\n<p>Halas\u0131n\u0131n y\u00f6nlendirmesiyle masa tenisine ba\u015flayan 12 ya\u015f\u0131ndaki Kahraman, k\u0131sa s\u00fcrede geli\u015fim sa\u011flayarak mili tak\u0131ma se\u00e7ilmeyi ba\u015fard\u0131. Kendisinden b\u00fcy\u00fck sporcularla m\u00fccadele ederek \u00fcst kategorilerde T\u00fcrkiye \u015fampiyonluklar\u0131 elde eden Kahraman, son olarak 13-18 Haziran aras\u0131nda H\u0131rvatistan&#8217;\u0131n ba\u015fkenti Zagreb&#8217;de d\u00fczenlenen K\u00fc\u00e7\u00fckler 13 Ya\u015f Alt\u0131 Avrupa \u015eampiyonas\u0131&#8217;nda tak\u0131mlar kategorisinde alt\u0131n madalya, ferdi yar\u0131\u015flar da ise bronz madalyaya uzand\u0131.<\/p>\n<p><img decoding=\"async\" alt=\"\" src=\"https:\/\/www.aa.com.tr\/uploads\/userFiles\/96f91bbd-282f-4a24-a12c-1b1092cfeb3b\/009_2023%2F06_2023%2F29_Temmuz%2F32%2F20230703_2_59340501_90627382.jpg\"\/><\/p>\n<p>Kenan Eren Kahraman, AA muhabirine, masa tenisine halas\u0131n\u0131n y\u00f6nlendirmesiyle 5 ya\u015f\u0131nda ba\u015flad\u0131\u011f\u0131n\u0131 s\u00f6yledi. K\u00fc\u00e7\u00fck olmas\u0131 nedeniyle antren\u00f6rlerinin kendisiyle yak\u0131ndan ilgilendi\u011fini belirten Kahraman, &#8220;\u0130lk zamanlar oynayam\u0131yordum, top sektiriyordum. Zamanla bu d\u00fczeye geldim.&#8221; dedi.<\/p>\n<p><img decoding=\"async\" alt=\"\" src=\"https:\/\/www.aa.com.tr\/uploads\/userFiles\/96f91bbd-282f-4a24-a12c-1b1092cfeb3b\/009_2023%2F06_2023%2F29_Temmuz%2F32%2F20230703_2_59340501_90627383.jpg\"\/><\/p>\n<p>T\u00fcrkiye ve Avrupa&#8217;da madalyalar kazand\u0131\u011f\u0131n\u0131, hedefinin olimpiyatlarda m\u00fccadele etmek oldu\u011funu anlatan Kahraman, \u015funlar\u0131 kaydetti:<\/p>\n<p>&#8220;Yakla\u015f\u0131k 4 y\u0131ld\u0131r milli tak\u0131m sporcusuyum. \u0130lk madalyam\u0131 7 ya\u015f\u0131nda T\u00fcrkiye \u015fampiyonas\u0131nda ald\u0131m. Sonras\u0131nda 4 kere T\u00fcrkiye \u015fampiyonu oldum, ikincilik ve \u00fc\u00e7\u00fcnc\u00fcl\u00fcklerim de var. Haziranda Avrupa \u015fampiyonas\u0131nda tak\u0131m olarak birinci, ferdide \u00fc\u00e7\u00fcnc\u00fc oldum. \u015eimdi de Yunanistan&#8217;da d\u00fczenlenecek Balkan \u015eampiyonas\u0131&#8217;na haz\u0131rlan\u0131yorum. Oradan gelince Polonya&#8217;da Avrupa \u015eampiyonas\u0131 var. Oras\u0131 i\u00e7in \u00e7al\u0131\u015fmalara ba\u015flayaca\u011f\u0131m. \u0130n\u015fallah buralarda da g\u00fczel dereceler yapar\u0131m. Bundan sonraki hedefim ise D\u00fcnya \u015eampiyonas\u0131 ve olimpiyatlara kat\u0131lmak.&#8221;<\/p>\n<p><img decoding=\"async\" alt=\"\" src=\"https:\/\/www.aa.com.tr\/uploads\/userFiles\/96f91bbd-282f-4a24-a12c-1b1092cfeb3b\/009_2023%2F06_2023%2F29_Temmuz%2F32%2F20230703_2_59340501_90627384.jpg\"\/><\/p>\n<h3>&#8220;Olimpiyatlara gidece\u011fine inan\u0131yorum&#8221;<\/h3>\n<p>Milli tak\u0131m antren\u00f6r\u00fc Halil Adak da Kenan Eren&#8217;in \u00e7al\u0131\u015fma azmi ve oyun tekni\u011fiyle k\u0131sa s\u00fcrede \u00f6n plana \u00e7\u0131kt\u0131\u011f\u0131na dikkati \u00e7ekti.<\/p>\n<p><img decoding=\"async\" alt=\"\" src=\"https:\/\/www.aa.com.tr\/uploads\/userFiles\/96f91bbd-282f-4a24-a12c-1b1092cfeb3b\/009_2023%2F06_2023%2F29_Temmuz%2F32%2F20230703_2_59340501_90627385.jpg\"\/><\/p>\n<p>Bu s\u00fcre\u00e7te ailesinin sporcuya b\u00fcy\u00fck destek verdi\u011fini ve ba\u015far\u0131lar\u0131n pe\u015f pe\u015fe geldi\u011fini dile getiren Adak, &#8220;Kenan&#8217;\u0131n ilk ba\u015flamas\u0131 \u00e7ok komik asl\u0131nda. \u0130lk ba\u015flarda \u00e7ok yoruluyordu, masalar\u0131n alt\u0131nda uyuyordu ama \u015fimdi o yorgunluklar\u0131n, ge\u00e7mi\u015fte \u00e7ekti\u011fi cefalar\u0131n sefas\u0131n\u0131 s\u00fcrmeye ba\u015flad\u0131. Bu sene k\u00fc\u00e7\u00fckler kategorisinde T\u00fcrkiye \u015fampiyonu oldu, kendi ya\u015f kategorisinin \u00fczerinde y\u0131ld\u0131zlarda da T\u00fcrkiye \u015fampiyonu oldu. Kenan&#8217;\u0131n olimpiyatlara gidece\u011fine inan\u0131yorum.&#8221; diye konu\u015ftu.<\/p>\n<p><img decoding=\"async\" alt=\"\" src=\"https:\/\/www.aa.com.tr\/uploads\/userFiles\/96f91bbd-282f-4a24-a12c-1b1092cfeb3b\/009_2023%2F06_2023%2F29_Temmuz%2F32%2F20230703_2_59340501_90627387.jpg\"\/><\/p>\n<p>Masa Tenisi \u0130l Temsilcisi Kemal Bal\u0131m ise k\u00fc\u00e7\u00fckler kategorisinde olmas\u0131na ra\u011fmen y\u0131ld\u0131zlarda ve gen\u00e7lerde tak\u0131mlarla T\u00fcrkiye \u015fampiyonluklar\u0131 kazand\u0131\u011f\u0131na i\u015faret ederek, &#8220;Kendinden \u00fcst kategorilerde de dereceler elde ediyor. Milli tak\u0131mda da \u00fclkemiz ad\u0131na \u00f6nemli bir sporcu konumuna geldi. Avrupa&#8217;da ald\u0131\u011f\u0131 derece ile de bizi gururland\u0131rd\u0131.&#8221; ifadelerini kulland\u0131.<\/p>\n<p>                            <span class=\"detay-foto-editor\">&#13;<br \/>\n                                <a href=\"https:\/\/www.aa.com.tr\/tr\/p\/abonelik-talep-formu\/1001\" target=\"_blank\" style=\"font-size:12px; color:#444; text-decoration:none;\" rel=\"noopener\">&#13;<br \/>\n                                    Anadolu Ajans\u0131 web sitesinde, AA Haber Ak\u0131\u015f Sistemi (HAS) \u00fczerinden abonelere sunulan haberler, \u00f6zetlenerek yay\u0131mlanmaktad\u0131r. <b style=\"color:#1897F7\">Abonelik i\u00e7in l\u00fctfen ileti\u015fime ge\u00e7iniz.<\/b>&#13;<br \/>\n                                <\/a>&#13;<br \/>\n                            <\/span>\n                        <\/div>\n<p><script>\n\t  window.fbAsyncInit = function() {\n\t\tFB.init({\n\t\t  appId: '1855843514662870',\n\t\t  status : true, \/\/ check login status\n\t\t  cookie : true, \/\/ enable cookies to allow the server to access the session\n\t\t  xfbml  : true  \/\/ parse XFBML\n\t\t});\n\t  };<\/p>\n<p>\t  (function() {\n\t\tvar e = document.createElement('script');\n\t\te.src=\"https:\/\/connect.facebook.net\/tr_TR\/all.js\";\n\t\te.async = true;\n\t\tdocument.getElementById('fb-root').appendChild(e);\n\t  }());\n    <\/script><\/p>\n","protected":false},"excerpt":{"rendered":"<p>Halas\u0131n\u0131n y\u00f6nlendirmesiyle masa tenisine ba\u015flayan 12 ya\u015f\u0131ndaki Kahraman, k\u0131sa s\u00fcrede geli\u015fim sa\u011flayarak mili tak\u0131ma se\u00e7ilmeyi ba\u015fard\u0131. Kendisinden b\u00fcy\u00fck sporcularla m\u00fccadele ederek \u00fcst kategorilerde T\u00fcrkiye \u015fampiyonluklar\u0131 elde eden Kahraman, son olarak 13-18 Haziran aras\u0131nda H\u0131rvatistan&#8217;\u0131n ba\u015fkenti Zagreb&#8217;de d\u00fczenlenen K\u00fc\u00e7\u00fckler 13 Ya\u015f Alt\u0131 Avrupa \u015eampiyonas\u0131&#8217;nda tak\u0131mlar kategorisinde alt\u0131n madalya, ferdi yar\u0131\u015flar da ise bronz madalyaya uzand\u0131. Kenan [&hellip;]<\/p>\n","protected":false},"author":1,"featured_media":8564,"comment_status":"","ping_status":"","sticky":false,"template":"","format":"standard","meta":[],"categories":[48],"tags":[],"_links":{"self":[{"href":"https:\/\/kraios.app\/news\/wp-json\/wp\/v2\/posts\/8563"}],"collection":[{"href":"https:\/\/kraios.app\/news\/wp-json\/wp\/v2\/posts"}],"about":[{"href":"https:\/\/kraios.app\/news\/wp-json\/wp\/v2\/types\/post"}],"author":[{"embeddable":true,"href":"https:\/\/kraios.app\/news\/wp-json\/wp\/v2\/users\/1"}],"replies":[{"embeddable":true,"href":"https:\/\/kraios.app\/news\/wp-json\/wp\/v2\/comments?post=8563"}],"version-history":[{"count":0,"href":"https:\/\/kraios.app\/news\/wp-json\/wp\/v2\/posts\/8563\/revisions"}],"wp:featuredmedia":[{"embeddable":true,"href":"https:\/\/kraios.app\/news\/wp-json\/wp\/v2\/media\/8564"}],"wp:attachment":[{"href":"https:\/\/kraios.app\/news\/wp-json\/wp\/v2\/media?parent=8563"}],"wp:term":[{"taxonomy":"category","embeddable":true,"href":"https:\/\/kraios.app\/news\/wp-json\/wp\/v2\/categories?post=8563"},{"taxonomy":"post_tag","embeddable":true,"href":"https:\/\/kraios.app\/news\/wp-json\/wp\/v2\/tags?post=8563"}],"curies":[{"name":"wp","href":"https:\/\/api.w.org\/{rel}","templated":true}]}}