{"id":8529,"date":"2023-07-03T02:46:01","date_gmt":"2023-07-03T02:46:01","guid":{"rendered":"https:\/\/kraios.app\/news\/spor\/2023\/07\/03\/seydisehir-yagli-gureslerinde-baspehlivan-ismail-koc-oldu\/"},"modified":"2023-07-03T02:46:01","modified_gmt":"2023-07-03T02:46:01","slug":"seydisehir-yagli-gureslerinde-baspehlivan-ismail-koc-oldu","status":"publish","type":"post","link":"https:\/\/kraios.app\/news\/spor\/2023\/07\/03\/seydisehir-yagli-gureslerinde-baspehlivan-ismail-koc-oldu\/","title":{"rendered":"Seydi\u015fehir Ya\u011fl\u0131 G\u00fcre\u015fleri&#039;nde ba\u015fpehlivan \u0130smail Ko\u00e7 oldu"},"content":{"rendered":"<p>Konya&#8217;da Seydi\u015fehir Belediyesi taraf\u0131ndan d\u00fczenlenen &#8220;Ya\u011fl\u0131 Pehlivan G\u00fcre\u015fleri&#8221;nin ba\u015fpehlivan\u0131 \u0130smail Ko\u00e7 oldu.<\/p>\n","protected":false},"excerpt":{"rendered":"<p>Konya&#8217;da Seydi\u015fehir Belediyesi taraf\u0131ndan d\u00fczenlenen &#8220;Ya\u011fl\u0131 Pehlivan G\u00fcre\u015fleri&#8221;nin ba\u015fpehlivan\u0131 \u0130smail Ko\u00e7 oldu.<\/p>\n","protected":false},"author":1,"featured_media":8530,"comment_status":"","ping_status":"","sticky":false,"template":"","format":"standard","meta":[],"categories":[48],"tags":[],"_links":{"self":[{"href":"https:\/\/kraios.app\/news\/wp-json\/wp\/v2\/posts\/8529"}],"collection":[{"href":"https:\/\/kraios.app\/news\/wp-json\/wp\/v2\/posts"}],"about":[{"href":"https:\/\/kraios.app\/news\/wp-json\/wp\/v2\/types\/post"}],"author":[{"embeddable":true,"href":"https:\/\/kraios.app\/news\/wp-json\/wp\/v2\/users\/1"}],"replies":[{"embeddable":true,"href":"https:\/\/kraios.app\/news\/wp-json\/wp\/v2\/comments?post=8529"}],"version-history":[{"count":0,"href":"https:\/\/kraios.app\/news\/wp-json\/wp\/v2\/posts\/8529\/revisions"}],"wp:featuredmedia":[{"embeddable":true,"href":"https:\/\/kraios.app\/news\/wp-json\/wp\/v2\/media\/8530"}],"wp:attachment":[{"href":"https:\/\/kraios.app\/news\/wp-json\/wp\/v2\/media?parent=8529"}],"wp:term":[{"taxonomy":"category","embeddable":true,"href":"https:\/\/kraios.app\/news\/wp-json\/wp\/v2\/categories?post=8529"},{"taxonomy":"post_tag","embeddable":true,"href":"https:\/\/kraios.app\/news\/wp-json\/wp\/v2\/tags?post=8529"}],"curies":[{"name":"wp","href":"https:\/\/api.w.org\/{rel}","templated":true}]}}