{"id":8488,"date":"2023-07-02T11:20:04","date_gmt":"2023-07-02T11:20:04","guid":{"rendered":"https:\/\/kraios.app\/news\/gundem\/2023\/07\/02\/fransadaki-olaylarin-turkiyede-yasanabilecegine-dair-paylasimlara-sorusturma\/"},"modified":"2023-07-02T11:20:04","modified_gmt":"2023-07-02T11:20:04","slug":"fransadaki-olaylarin-turkiyede-yasanabilecegine-dair-paylasimlara-sorusturma","status":"publish","type":"post","link":"https:\/\/kraios.app\/news\/gundem\/2023\/07\/02\/fransadaki-olaylarin-turkiyede-yasanabilecegine-dair-paylasimlara-sorusturma\/","title":{"rendered":"Fransa&#039;daki olaylar\u0131n T\u00fcrkiye&#039;de ya\u015fanabilece\u011fine dair payla\u015f\u0131mlara soru\u015fturma"},"content":{"rendered":"<p>\u0130stanbul Cumhuriyet Ba\u015fsavc\u0131l\u0131\u011f\u0131, Fransa&#8217;da ya\u015fananlara benzer olaylar\u0131n T\u00fcrkiye&#8217;de ya\u015fayan m\u00fclteciler a\u00e7\u0131s\u0131ndan da olabilece\u011fi y\u00f6n\u00fcnde sosyal medyada yap\u0131lan payla\u015f\u0131mlarla ilgili soru\u015fturma ba\u015flatt\u0131.<\/p>\n","protected":false},"excerpt":{"rendered":"<p>\u0130stanbul Cumhuriyet Ba\u015fsavc\u0131l\u0131\u011f\u0131, Fransa&#8217;da ya\u015fananlara benzer olaylar\u0131n T\u00fcrkiye&#8217;de ya\u015fayan m\u00fclteciler a\u00e7\u0131s\u0131ndan da olabilece\u011fi y\u00f6n\u00fcnde sosyal medyada yap\u0131lan payla\u015f\u0131mlarla ilgili soru\u015fturma ba\u015flatt\u0131.<\/p>\n","protected":false},"author":1,"featured_media":8489,"comment_status":"","ping_status":"","sticky":false,"template":"","format":"standard","meta":[],"categories":[1],"tags":[],"_links":{"self":[{"href":"https:\/\/kraios.app\/news\/wp-json\/wp\/v2\/posts\/8488"}],"collection":[{"href":"https:\/\/kraios.app\/news\/wp-json\/wp\/v2\/posts"}],"about":[{"href":"https:\/\/kraios.app\/news\/wp-json\/wp\/v2\/types\/post"}],"author":[{"embeddable":true,"href":"https:\/\/kraios.app\/news\/wp-json\/wp\/v2\/users\/1"}],"replies":[{"embeddable":true,"href":"https:\/\/kraios.app\/news\/wp-json\/wp\/v2\/comments?post=8488"}],"version-history":[{"count":0,"href":"https:\/\/kraios.app\/news\/wp-json\/wp\/v2\/posts\/8488\/revisions"}],"wp:featuredmedia":[{"embeddable":true,"href":"https:\/\/kraios.app\/news\/wp-json\/wp\/v2\/media\/8489"}],"wp:attachment":[{"href":"https:\/\/kraios.app\/news\/wp-json\/wp\/v2\/media?parent=8488"}],"wp:term":[{"taxonomy":"category","embeddable":true,"href":"https:\/\/kraios.app\/news\/wp-json\/wp\/v2\/categories?post=8488"},{"taxonomy":"post_tag","embeddable":true,"href":"https:\/\/kraios.app\/news\/wp-json\/wp\/v2\/tags?post=8488"}],"curies":[{"name":"wp","href":"https:\/\/api.w.org\/{rel}","templated":true}]}}