{"id":8477,"date":"2023-07-02T05:20:07","date_gmt":"2023-07-02T05:20:07","guid":{"rendered":"https:\/\/kraios.app\/news\/gundem\/2023\/07\/02\/fransada-maskeli-gostericiler-polislere-havai-fiseklerle-saldirdi\/"},"modified":"2023-07-02T05:20:07","modified_gmt":"2023-07-02T05:20:07","slug":"fransada-maskeli-gostericiler-polislere-havai-fiseklerle-saldirdi","status":"publish","type":"post","link":"https:\/\/kraios.app\/news\/gundem\/2023\/07\/02\/fransada-maskeli-gostericiler-polislere-havai-fiseklerle-saldirdi\/","title":{"rendered":"Fransa&#8217;da maskeli g\u00f6stericiler polislere havai fi\u015feklerle sald\u0131rd\u0131"},"content":{"rendered":"<p><\/p>\n<div>\n<p>Sosyal medyada yer alan g\u00f6r\u00fcnt\u00fclere g\u00f6re, ba\u015fkent Paris ba\u015fta olmak \u00fczere Marsilya, Lyon, Strazburg, Nice dahil bir\u00e7ok kent olayl\u0131 g\u00f6r\u00fcnt\u00fclere sahne oluyor.<\/p>\n<p>Protestolar\u0131n ba\u015flad\u0131\u011f\u0131 27 Haziran&#8217;dan bu yana g\u00f6stericiler \u00f6zellikle geceleri Paris dahil bir\u00e7ok kentte havai fi\u015feklerle protesto d\u00fczenliyor.<\/p>\n<p>Strazburg, Rennes, Vennisieux kentlerinde y\u00fczleri maskeli g\u00f6stericiler protestolara m\u00fcdahale i\u00e7in alana gelen polislere havai fi\u015feklerle sald\u0131rd\u0131.<\/p>\n<p>Twitter&#8217;dan payla\u015f\u0131lan g\u00f6r\u00fcnt\u00fclerde de Paris&#8217;te de g\u00f6stericilerin devriye atan motorlu polislere havai fi\u015fek f\u0131rlatt\u0131\u011f\u0131, polislerin sald\u0131r\u0131 nedeniyle h\u0131zla alandan uzakla\u015ft\u0131\u011f\u0131 g\u00f6r\u00fcl\u00fcyor.<\/p>\n<p>Polis k\u0131smen tahliye edebildi\u011fi turistik \u015eenzelize Caddesi&#8217;nin etraf\u0131nda devriyeler atarak ya\u011fma ve talanlar\u0131 engellemeye \u00e7al\u0131\u015f\u0131rken ara sokaklarda da polisle g\u00f6stericiler aras\u0131nda \u00e7at\u0131\u015fmalar ya\u015fan\u0131yor.<\/p>\n<h3>Ya\u011fmalar s\u00fcr\u00fcyor<\/h3>\n<p>Olayl\u0131 bir gece daha ge\u00e7iren Marsilya semalar\u0131nda da jandarma helikopteri devriye atmaya ba\u015flad\u0131.<\/p>\n<p>Kentte ayr\u0131ca polisin g\u00f6sterileri bast\u0131rmak i\u00e7in plastik mermilerle ate\u015f a\u00e7mas\u0131 sonucu \u00e7ok say\u0131da ki\u015finin yaraland\u0131\u011f\u0131 iddia edildi.<\/p>\n<p>Protestocular ayr\u0131ca kentte bir ara\u00e7 bayisine girerek i\u00e7erdeki ara\u00e7lar\u0131 alarak alandan uzakla\u015ft\u0131.<\/p>\n<p>Montpellier kentinde de polisler ya\u011fmaland\u0131\u011f\u0131 s\u0131rada bir ma\u011fazaya bask\u0131n d\u00fczenleyerek ya\u011fmac\u0131lar\u0131 g\u00f6zalt\u0131na almaya \u00e7al\u0131\u015ft\u0131.<\/p>\n<p>Ayr\u0131ca, arabalar\u0131n ate\u015fe verildi\u011fi Maubeuge kentinde bir polis arabas\u0131 yol ortas\u0131nda y\u00fcz\u00fc maskeli bir protestocuya \u00e7arpt\u0131.<\/p>\n<p>Polisler ka\u00e7an g\u00f6stericiyi ara\u00e7la takibe ba\u015flad\u0131.<\/p>\n<h3>Baz\u0131 kentlerde a\u015f\u0131r\u0131 sa\u011fc\u0131lar protestoculara kar\u015f\u0131 sokaklara indi<\/h3>\n<p>Di\u011fer yandan Angers ve Chambery kentinde a\u015f\u0131r\u0131 sa\u011fc\u0131 ve y\u00fcz\u00fc maskeli gruplar\u0131n soka\u011fa inerek g\u00f6stericileri darbetti\u011fi iddia ediliyor.<\/p>\n<p>Twitter payla\u015f\u0131mlar\u0131nda Angers&#8217;deki a\u015f\u0131r\u0131 sa\u011fc\u0131 grubun bir grup g\u00f6stericinin onlar\u0131 hedef almas\u0131yla da\u011f\u0131ld\u0131\u011f\u0131 belirtildi.<\/p>\n<p>Metz kentinde \u00e7ekildi\u011fi belirtilen ba\u015fka bir g\u00f6r\u00fcnt\u00fcde de ellerinde k\u0131l\u0131\u00e7 bulunan birka\u00e7 ki\u015fi kameralara yans\u0131yor.<\/p>\n<p>                            <span class=\"detay-foto-editor\">&#13;<br \/>\n                                <a href=\"https:\/\/www.aa.com.tr\/tr\/p\/abonelik-talep-formu\/1001\" target=\"_blank\" style=\"font-size:12px; color:#444; text-decoration:none;\" rel=\"noopener\">&#13;<br \/>\n                                    Anadolu Ajans\u0131 web sitesinde, AA Haber Ak\u0131\u015f Sistemi (HAS) \u00fczerinden abonelere sunulan haberler, \u00f6zetlenerek yay\u0131mlanmaktad\u0131r. <b style=\"color:#1897F7\">Abonelik i\u00e7in l\u00fctfen ileti\u015fime ge\u00e7iniz.<\/b>&#13;<br \/>\n                                <\/a>&#13;<br \/>\n                            <\/span>\n                        <\/div>\n<p><script>\n\t  window.fbAsyncInit = function() {\n\t\tFB.init({\n\t\t  appId: '1855843514662870',\n\t\t  status : true, \/\/ check login status\n\t\t  cookie : true, \/\/ enable cookies to allow the server to access the session\n\t\t  xfbml  : true  \/\/ parse XFBML\n\t\t});\n\t  };<\/p>\n<p>\t  (function() {\n\t\tvar e = document.createElement('script');\n\t\te.src=\"https:\/\/connect.facebook.net\/tr_TR\/all.js\";\n\t\te.async = true;\n\t\tdocument.getElementById('fb-root').appendChild(e);\n\t  }());\n    <\/script><\/p>\n","protected":false},"excerpt":{"rendered":"<p>Sosyal medyada yer alan g\u00f6r\u00fcnt\u00fclere g\u00f6re, ba\u015fkent Paris ba\u015fta olmak \u00fczere Marsilya, Lyon, Strazburg, Nice dahil bir\u00e7ok kent olayl\u0131 g\u00f6r\u00fcnt\u00fclere sahne oluyor. Protestolar\u0131n ba\u015flad\u0131\u011f\u0131 27 Haziran&#8217;dan bu yana g\u00f6stericiler \u00f6zellikle geceleri Paris dahil bir\u00e7ok kentte havai fi\u015feklerle protesto d\u00fczenliyor. Strazburg, Rennes, Vennisieux kentlerinde y\u00fczleri maskeli g\u00f6stericiler protestolara m\u00fcdahale i\u00e7in alana gelen polislere havai fi\u015feklerle sald\u0131rd\u0131. [&hellip;]<\/p>\n","protected":false},"author":1,"featured_media":8478,"comment_status":"","ping_status":"","sticky":false,"template":"","format":"standard","meta":[],"categories":[1],"tags":[],"_links":{"self":[{"href":"https:\/\/kraios.app\/news\/wp-json\/wp\/v2\/posts\/8477"}],"collection":[{"href":"https:\/\/kraios.app\/news\/wp-json\/wp\/v2\/posts"}],"about":[{"href":"https:\/\/kraios.app\/news\/wp-json\/wp\/v2\/types\/post"}],"author":[{"embeddable":true,"href":"https:\/\/kraios.app\/news\/wp-json\/wp\/v2\/users\/1"}],"replies":[{"embeddable":true,"href":"https:\/\/kraios.app\/news\/wp-json\/wp\/v2\/comments?post=8477"}],"version-history":[{"count":0,"href":"https:\/\/kraios.app\/news\/wp-json\/wp\/v2\/posts\/8477\/revisions"}],"wp:featuredmedia":[{"embeddable":true,"href":"https:\/\/kraios.app\/news\/wp-json\/wp\/v2\/media\/8478"}],"wp:attachment":[{"href":"https:\/\/kraios.app\/news\/wp-json\/wp\/v2\/media?parent=8477"}],"wp:term":[{"taxonomy":"category","embeddable":true,"href":"https:\/\/kraios.app\/news\/wp-json\/wp\/v2\/categories?post=8477"},{"taxonomy":"post_tag","embeddable":true,"href":"https:\/\/kraios.app\/news\/wp-json\/wp\/v2\/tags?post=8477"}],"curies":[{"name":"wp","href":"https:\/\/api.w.org\/{rel}","templated":true}]}}