{"id":8434,"date":"2023-07-01T12:20:16","date_gmt":"2023-07-01T12:20:16","guid":{"rendered":"https:\/\/kraios.app\/news\/gundem\/2023\/07\/01\/denizcilik-ve-kabotaj-bayraminin-97nci-yil-donumu-istanbulda-kutlandi\/"},"modified":"2023-07-01T12:20:16","modified_gmt":"2023-07-01T12:20:16","slug":"denizcilik-ve-kabotaj-bayraminin-97nci-yil-donumu-istanbulda-kutlandi","status":"publish","type":"post","link":"https:\/\/kraios.app\/news\/gundem\/2023\/07\/01\/denizcilik-ve-kabotaj-bayraminin-97nci-yil-donumu-istanbulda-kutlandi\/","title":{"rendered":"Denizcilik ve Kabotaj Bayram\u0131&#8217;n\u0131n 97&#8217;nci y\u0131l d\u00f6n\u00fcm\u00fc \u0130stanbul&#8217;da kutland\u0131"},"content":{"rendered":"<p><\/p>\n<div>\n<p>Sarayburnu&#8217;ndaki Atat\u00fcrk An\u0131t\u0131 \u00f6n\u00fcndeki d\u00fczenlenen t\u00f6rende konu\u015fan Vali G\u00fcl, T\u00fcrkiye&#8217;nin 1 Temmuz 1926&#8217;da y\u00fcr\u00fcrl\u00fc\u011fe giren Kabotaj Kanunu ile kara sular\u0131nda mutlak ba\u011f\u0131ms\u0131zl\u0131\u011f\u0131 kazand\u0131\u011f\u0131n\u0131 anlatt\u0131.<\/p>\n<p>B\u00f6ylece, denizlere de egemen olduklar\u0131n\u0131 t\u00fcm d\u00fcnyaya yeniden ilan ettiklerini aktaran G\u00fcl, \u00fclkenin kara sular\u0131ndaki ticareti millile\u015ftirdiklerini ifade etti.<\/p>\n<p><img decoding=\"async\" alt=\"\" src=\"https:\/\/www.aa.com.tr\/uploads\/userFiles\/96f91bbd-282f-4a24-a12c-1b1092cfeb3b\/009_2023%2F06_2023%2F31_Temmuz%2F26%2F20230701_2_59325664_90588485.jpg\"\/><\/p>\n<p>G\u00fcl, \u00fclke denizcili\u011finin geli\u015fmesi ve ilerlemesinde \u00e7ok b\u00fcy\u00fck katk\u0131s\u0131 olan bug\u00fcn\u00fc, 97 y\u0131ld\u0131r Denizcilik ve Kabotaj Bayram\u0131 olarak kutlaman\u0131n onurunu ya\u015fad\u0131klar\u0131n\u0131 dile getirerek, \u015funlar\u0131 payla\u015ft\u0131:<\/p>\n<p>&#8220;Cumhuriyetimizin banisi Gazi Mustafa Kemal Atat\u00fcrk&#8217;\u00fcn &#8216;topraklar\u0131n\u0131n ucu deniz olan bir ulusun s\u0131n\u0131r\u0131n\u0131 halk\u0131n\u0131n kudret ve yetene\u011finin hududu \u00e7izer&#8217; s\u00f6z\u00fcn\u00fc d\u00fcstur ediniyoruz. Her alanda d\u00fcnyayla yar\u0131\u015fan, gelece\u011fe emin ad\u0131mlarla y\u00fcr\u00fcyen bir deniz \u00fclkesi olarak gelece\u011fimizi kuruyoruz. Gemi in\u015fa sanayinde, bal\u0131k\u00e7\u0131l\u0131kta, deniz ta\u015f\u0131mac\u0131l\u0131\u011f\u0131nda, deniz turizminde, liman i\u015fletmecili\u011finde ve daha bir\u00e7ok denizcilik alan\u0131nda &#8216;biz de var\u0131z&#8217; diyoruz. Cumhuriyetimizin y\u00fcz\u00fcnc\u00fc y\u0131l\u0131nda Atlantik&#8217;ten Hint Okyanusu&#8217;na bayra\u011f\u0131m\u0131z\u0131 \u015ferefle dalgaland\u0131r\u0131yoruz. Mavi Vatan&#8217;\u0131m\u0131zda ve d\u00fcnya denizlerinde g\u00fcven ve emniyetin teminat\u0131 olmaya devam ediyoruz. Denizcilik sekt\u00f6r\u00fc ve end\u00fcstrisinde b\u00f6lgemizin parlayan y\u0131ld\u0131z\u0131 olma yolunda emin ad\u0131mlarla ilerliyoruz.&#8221;<\/p>\n<p><img decoding=\"async\" alt=\"\" src=\"https:\/\/www.aa.com.tr\/uploads\/userFiles\/96f91bbd-282f-4a24-a12c-1b1092cfeb3b\/009_2023%2F06_2023%2F31_Temmuz%2F26%2F20230701_2_59325664_90588477.jpg\"\/><\/p>\n<p>Denizci atalar\u0131n manevi miraslar\u0131ndan al\u0131nan g\u00fc\u00e7le b\u00fcy\u00fck T\u00fcrkiye gemisinin T\u00fcrkiye Y\u00fczy\u0131l\u0131&#8217;nda rotas\u0131na tam yol devam edece\u011fine inand\u0131\u011f\u0131n\u0131 vurgulayan G\u00fcl, &#8220;Hi\u00e7bir f\u0131rt\u0131na bu rotay\u0131 de\u011fi\u015ftirmeye muvaffak olamayacak. \u015eanl\u0131 bayra\u011f\u0131m\u0131z d\u00fcnya denizlerinde sonsuza kadar dalgalanacak.&#8221; dedi.<\/p>\n<p>G\u00fcl, d\u00fcnya denizcilik tarihine ad\u0131n\u0131 alt\u0131n harflerle yazd\u0131ran Barbaros Hayrettin Pa\u015fa&#8217;y\u0131, Gazi Mustafa Kemal Atat\u00fcrk&#8217;\u00fc ve ebediyete intikal eden t\u00fcm denizcileri rahmet, minnet ve \u015f\u00fckranla yad etti.<\/p>\n<p><img decoding=\"async\" alt=\"\" src=\"https:\/\/www.aa.com.tr\/uploads\/userFiles\/96f91bbd-282f-4a24-a12c-1b1092cfeb3b\/009_2023%2F06_2023%2F31_Temmuz%2F26%2F20230701_2_59325664_90588483.jpg\"\/><\/p>\n<h3>&#8220;Avrupa&#8217;n\u0131n en b\u00fcy\u00fck acil m\u00fcdahale merkezlerinden biri&#8221;<\/h3>\n<p>Ula\u015ft\u0131rma ve Altyap\u0131 Bakan Yard\u0131mc\u0131s\u0131 Durmu\u015f \u00dcn\u00fcvar da Gazi Mustafa Kemal Atat\u00fcrk&#8217;\u00fcn \u00f6nderli\u011finde ilan edilen Kabotaj Kanunu&#8217;nun, T\u00fcrkiye&#8217;nin denizlerdeki egemenli\u011finin \u00f6nemli bir d\u00f6n\u00fcm noktas\u0131 oldu\u011funu belirtti.<\/p>\n<p>Kabotaj hakk\u0131n\u0131n tescilinin, T\u00fcrkiye Cumhuriyeti&#8217;nin denizcilik alan\u0131nda en b\u00fcy\u00fck ve en \u00f6nemli ulusal egemenlik ve ba\u011f\u0131ms\u0131zl\u0131k kazan\u0131mlar\u0131ndan biri oldu\u011funa dikkati \u00e7eken \u00dcn\u00fcvar, &#8220;Kabotaj Kanunu ile yabanc\u0131 devletlerin T\u00fcrk deniz ticaretindeki hakimiyetine son verilmi\u015f, denizlerimizdeki kapit\u00fclasyonlar kald\u0131r\u0131lm\u0131\u015ft\u0131r. T\u00fcrk kara sular\u0131nda, \u00fclkemiz k\u0131y\u0131 ve limanlar\u0131nda her t\u00fcrl\u00fc denizcilik faaliyetleri, y\u00fck ve yolcu ta\u015f\u0131mas\u0131 ile k\u0131lavuzluk, r\u00f6mork\u00f6rc\u00fcl\u00fck hizmetlerini verme hakk\u0131 yaln\u0131zca T\u00fcrk vatanda\u015flar\u0131na ve T\u00fcrk bayrakl\u0131 gemilere tan\u0131nm\u0131\u015ft\u0131r. Bu kazan\u0131m bug\u00fcnk\u00fc denizcili\u011fimizin ve ulusal ekonomimizin her ge\u00e7en g\u00fcn artan b\u00fcy\u00fcme ve rekabet\u00e7ili\u011finin temelini olu\u015fturmu\u015f, denizcilik sekt\u00f6r\u00fcm\u00fcz\u00fcn geli\u015fmesi i\u00e7in \u00f6nemli bir s\u00fcreci ba\u015flatm\u0131\u015ft\u0131r.&#8221; ifadesini kulland\u0131.<\/p>\n<p><img decoding=\"async\" alt=\"\" src=\"https:\/\/www.aa.com.tr\/uploads\/userFiles\/96f91bbd-282f-4a24-a12c-1b1092cfeb3b\/009_2023%2F06_2023%2F31_Temmuz%2F26%2F20230701_2_59325664_90588484.jpg\"\/><\/p>\n<p>\u00dcn\u00fcvar, T\u00fcrkiye&#8217;nin co\u011frafi konumu ve sahip oldu\u011fu zengin deniz kaynaklar\u0131 potansiyelini en iyi \u015fekilde de\u011ferlendirerek, d\u00fcnya denizcili\u011finde hak etti\u011fi yeri almas\u0131n\u0131n, herkesin ortak amac\u0131 ve \u00fclk\u00fcs\u00fc oldu\u011funu s\u00f6yledi.<\/p>\n<p>Denize verilecek \u00f6nem \u00f6l\u00e7\u00fcs\u00fcnde T\u00fcrkiye Cumhuriyeti&#8217;nin b\u00fcy\u00fcy\u00fcp g\u00fc\u00e7lenece\u011fini belirten \u00dcn\u00fcvar, \u015funlar\u0131 kaydetti:<\/p>\n<p>&#8220;S\u0131n\u0131rlar\u0131n\u0131n y\u00fczde 70&#8217;inden fazlas\u0131 denizlerle \u00e7evrili olan ve \u00fc\u00e7 k\u0131tan\u0131n ge\u00e7i\u015f yolunda bulunan T\u00fcrkiye, bu co\u011frafyada tart\u0131\u015fmas\u0131z bir deniz \u00fclkesi ve denizleri de onun Mavi Vatan&#8217;\u0131d\u0131r. Mavi Vatan&#8217;\u0131m\u0131z, T\u00fcrkiye&#8217;nin egemenlik alan\u0131n\u0131n karasal s\u0131n\u0131rlar\u0131yla birlikte denizlerine de uzand\u0131\u011f\u0131 ulusal topraklar\u0131n\u0131n ayr\u0131lmaz bir par\u00e7as\u0131d\u0131r. Mavi Vatan, uluslararas\u0131 hukuk \u00e7er\u00e7evesinde T\u00fcrkiye&#8217;nin deniz yetki alanlar\u0131ndaki me\u015fru haklar\u0131n\u0131n ifadesi ve bu haklardan kaynakl\u0131 olarak deniz yetki alanlar\u0131ndaki alaka ve menfaatlerinin temel kayna\u011f\u0131n\u0131 te\u015fkil etmektedir. G\u00fcn\u00fcm\u00fczde daralan karasal do\u011fal kaynaklar, \u00fclkelerin gittik\u00e7e artan oranda deniz ve deniz alt\u0131 kaynaklar\u0131na ula\u015fma \u00e7abas\u0131n\u0131 da beraberinde getirmektedir. Bu a\u00e7\u0131dan Mavi Vatan&#8217;\u0131m\u0131z\u0131n, bize bah\u015fetti\u011fi her t\u00fcrl\u00fc kaynaklar\u0131n, \u00fclkemiz ekonomisine kazand\u0131r\u0131lmas\u0131 i\u00e7in \u00e7al\u0131\u015fmalar\u0131m\u0131z\u0131n s\u00fcrd\u00fcr\u00fclmesi bir zorunluluktur.&#8221;<\/p>\n<p><img decoding=\"async\" alt=\"\" src=\"https:\/\/www.aa.com.tr\/uploads\/userFiles\/96f91bbd-282f-4a24-a12c-1b1092cfeb3b\/009_2023%2F06_2023%2F31_Temmuz%2F26%2F20230701_2_59325664_90588480.jpg\"\/><\/p>\n<p>\u00dcn\u00fcvar, Bakanl\u0131k olarak denizcilik sekt\u00f6r\u00fc ile birlikte \u00e7aba sarf ettiklerini vurgulayarak, s\u00f6zlerini \u015f\u00f6yle s\u00fcrd\u00fcrd\u00fc:<\/p>\n<p>&#8220;Bu \u00e7al\u0131\u015fmalar kapsam\u0131nda son 20 y\u0131lda T\u00fcrk sahipli deniz ticaret filosunda tonaj baz\u0131nda y\u00fczde 340&#8217;l\u0131k art\u0131\u015f, liman tesisi say\u0131m\u0131zdaki y\u00fczde 46&#8217;l\u0131k art\u0131\u015f, T\u00fcrk limanlar\u0131ndaki y\u00fck elle\u00e7leme rakamlar\u0131nda y\u00fczde 185&#8217;lik art\u0131\u015f, 37 olan tersane say\u0131m\u0131z\u0131n 84&#8217;e y\u00fckselmesi, gemi in\u015faat sekt\u00f6r\u00fcndeki y\u00fczde 520&#8217;lik istihdam art\u0131\u015f\u0131, d\u00fcnyan\u0131n \u00f6nde gelen yat imalat\u00e7\u0131lar\u0131 aras\u0131nda bulunmam\u0131z, bak\u0131m onar\u0131m alan\u0131nda tersanelerimizin d\u00fcnya markas\u0131 haline gelmesi, gemi geri d\u00f6n\u00fc\u015f\u00fcm sekt\u00f6r\u00fcnde geldi\u011fimiz seviye, Mavi Vatan&#8217;\u0131n T\u00fcrk ekonomisine sa\u011flad\u0131\u011f\u0131 katk\u0131n\u0131n en \u00f6nemli g\u00f6stergelerinden birka\u00e7\u0131d\u0131r.&#8221;<\/p>\n<p><img decoding=\"async\" alt=\"\" src=\"https:\/\/www.aa.com.tr\/uploads\/userFiles\/96f91bbd-282f-4a24-a12c-1b1092cfeb3b\/009_2023%2F06_2023%2F31_Temmuz%2F26%2F20230701_2_59325664_90588478.jpg\"\/><\/p>\n<p>Gemi in\u015fa sanayisindeki yerlilik oran\u0131n\u0131 artt\u0131rmaya y\u00f6nelik \u00e7al\u0131\u015fmalar\u0131n da t\u00fcm h\u0131z\u0131yla devam etti\u011fini aktaran \u00dcn\u00fcvar, &#8220;Kurdu\u011fumuz sistemlerle denizlerimizi 7\/24 saat izliyoruz. Denizlerimizi COSPAS-SARSAT ve GMDSS sistemleriyle duyuyor, otomatik tan\u0131mlama sistemi ve LRIT sistemleriyle g\u00f6r\u00fcyor, Gemi Trafik Hizmetleri Merkeziyle de y\u00f6netiyoruz. Avrupa&#8217;n\u0131n en b\u00fcy\u00fck acil m\u00fcdahale merkezlerinden biri olan Ulusal Deniz Emniyeti Ba\u015fkanl\u0131\u011f\u0131, Bakanl\u0131\u011f\u0131m\u0131zca Tekirda\u011f&#8217;da kurulmu\u015f, Bakanl\u0131\u011f\u0131m\u0131z\u0131n karar destek sistemi olarak faaliyet g\u00f6sterecek.&#8221; diye konu\u015ftu.<\/p>\n<p>Kuzey Deniz Saha Komutan\u0131 T\u00fcmamiral \u0130brahim \u00d6zdem Ko\u00e7er ise Avrupa, Asya, Afrika k\u0131talar\u0131n\u0131n aras\u0131nda bir k\u00f6pr\u00fc olarak stratejik, politik ve ekonomik a\u00e7\u0131dan \u00f6nemli bir co\u011frafi avantaja sahip, \u00fc\u00e7 taraf\u0131 denizlerle \u00e7evrili bir deniz devleti olan T\u00fcrkiye&#8217;nin, gerek g\u00fcvenlik gerekse ekonomik olarak denizlere tam ba\u011f\u0131ml\u0131 oldu\u011funu ifade ederek, &#8220;Bunun do\u011fal uzant\u0131s\u0131 olarak i\u00e7inde bulundu\u011fumuz askeri politik durum, deniz kuvvetlerinin gerekti\u011finde ayn\u0131 anda \u00fc\u00e7 denizde varl\u0131k g\u00f6stermesini zorunlu k\u0131lmaktad\u0131r.&#8221; de\u011ferlendirmesinde bulundu.<\/p>\n<p><img decoding=\"async\" alt=\"\" src=\"https:\/\/www.aa.com.tr\/uploads\/userFiles\/96f91bbd-282f-4a24-a12c-1b1092cfeb3b\/009_2023%2F06_2023%2F31_Temmuz%2F26%2F20230701_2_59325664_90588486.jpg\"\/><\/p>\n<h3>Kurtarma botlar\u0131 g\u00f6steri sundu<\/h3>\n<p>\u0130MEAK Deniz Ticaret Odas\u0131 Meclis Ba\u015fkan\u0131 Ba\u015faran Bayrak&#8217;\u0131n da konu\u015fma yapt\u0131\u011f\u0131 programa, \u0130stanbul \u0130l Jandarma Komutan\u0131 T\u00fcmgeneral Yusuf Kenan Topcu, \u0130stanbul \u0130l Emniyet M\u00fcd\u00fcr\u00fc Zafer Akta\u015f, Sahil G\u00fcvenlik Marmara ve Bo\u011fazlar B\u00f6lge Komutan\u0131 Tu\u011famiral Tayfun Pa\u015fao\u011flu ve K\u0131y\u0131 Emniyet Genel M\u00fcd\u00fcr Vekili Mustafa Bankao\u011flu da kat\u0131ld\u0131.<\/p>\n<p><img decoding=\"async\" alt=\"\" src=\"https:\/\/www.aa.com.tr\/uploads\/userFiles\/96f91bbd-282f-4a24-a12c-1b1092cfeb3b\/009_2023%2F06_2023%2F31_Temmuz%2F26%2F20230701_2_59325664_90588487.jpg\"\/><\/p>\n<p>T\u00f6rende protokol, deniz \u015fehitleri i\u00e7in denize \u00e7elenk b\u0131rakt\u0131. Kuzey Deniz Saha Komutanl\u0131\u011f\u0131 Birinci S\u0131n\u0131f Bando Komutanl\u0131\u011f\u0131 ekibinin konser verdi\u011fi t\u00f6rende, K\u0131y\u0131 Emniyeti Genel M\u00fcd\u00fcrl\u00fc\u011f\u00fcne ait kurtarma botlar\u0131 g\u00f6steri sundu.<\/p>\n<p><img decoding=\"async\" alt=\"\" src=\"https:\/\/www.aa.com.tr\/uploads\/userFiles\/96f91bbd-282f-4a24-a12c-1b1092cfeb3b\/009_2023%2F06_2023%2F31_Temmuz%2F26%2F20230701_2_59325664_90588488.jpg\"\/><\/p>\n<p>Kat\u0131l\u0131mc\u0131lar daha sonra Barbaros Hayreddin Pa\u015fa T\u00fcrbesi&#8217;ni ziyaret etti. Vali G\u00fcl, burada an\u0131 defterini doldurarak imzalad\u0131. Protokol, Dolmabah\u00e7e&#8217;de harp gemilerini selamlad\u0131.<\/p>\n<p>Ayr\u0131ca, Denizcilik ve Kabotaj Bayram\u0131 dolay\u0131s\u0131yla Be\u015fikta\u015f Barbaros Hayrettin Pa\u015fa Camisi&#8217;nde, Kur&#8217;an-\u0131 Kerim okundu.<\/p>\n<p>                            <span class=\"detay-foto-editor\">&#13;<br \/>\n                                <a href=\"https:\/\/www.aa.com.tr\/tr\/p\/abonelik-talep-formu\/1001\" target=\"_blank\" style=\"font-size:12px; color:#444; text-decoration:none;\" rel=\"noopener\">&#13;<br \/>\n                                    Anadolu Ajans\u0131 web sitesinde, AA Haber Ak\u0131\u015f Sistemi (HAS) \u00fczerinden abonelere sunulan haberler, \u00f6zetlenerek yay\u0131mlanmaktad\u0131r. <b style=\"color:#1897F7\">Abonelik i\u00e7in l\u00fctfen ileti\u015fime ge\u00e7iniz.<\/b>&#13;<br \/>\n                                <\/a>&#13;<br \/>\n                            <\/span>\n                        <\/div>\n<p><script>\n\t  window.fbAsyncInit = function() {\n\t\tFB.init({\n\t\t  appId: '1855843514662870',\n\t\t  status : true, \/\/ check login status\n\t\t  cookie : true, \/\/ enable cookies to allow the server to access the session\n\t\t  xfbml  : true  \/\/ parse XFBML\n\t\t});\n\t  };<\/p>\n<p>\t  (function() {\n\t\tvar e = document.createElement('script');\n\t\te.src=\"https:\/\/connect.facebook.net\/tr_TR\/all.js\";\n\t\te.async = true;\n\t\tdocument.getElementById('fb-root').appendChild(e);\n\t  }());\n    <\/script><\/p>\n","protected":false},"excerpt":{"rendered":"<p>Sarayburnu&#8217;ndaki Atat\u00fcrk An\u0131t\u0131 \u00f6n\u00fcndeki d\u00fczenlenen t\u00f6rende konu\u015fan Vali G\u00fcl, T\u00fcrkiye&#8217;nin 1 Temmuz 1926&#8217;da y\u00fcr\u00fcrl\u00fc\u011fe giren Kabotaj Kanunu ile kara sular\u0131nda mutlak ba\u011f\u0131ms\u0131zl\u0131\u011f\u0131 kazand\u0131\u011f\u0131n\u0131 anlatt\u0131. B\u00f6ylece, denizlere de egemen olduklar\u0131n\u0131 t\u00fcm d\u00fcnyaya yeniden ilan ettiklerini aktaran G\u00fcl, \u00fclkenin kara sular\u0131ndaki ticareti millile\u015ftirdiklerini ifade etti. G\u00fcl, \u00fclke denizcili\u011finin geli\u015fmesi ve ilerlemesinde \u00e7ok b\u00fcy\u00fck katk\u0131s\u0131 olan bug\u00fcn\u00fc, 97 [&hellip;]<\/p>\n","protected":false},"author":1,"featured_media":8435,"comment_status":"","ping_status":"","sticky":false,"template":"","format":"standard","meta":[],"categories":[1],"tags":[],"_links":{"self":[{"href":"https:\/\/kraios.app\/news\/wp-json\/wp\/v2\/posts\/8434"}],"collection":[{"href":"https:\/\/kraios.app\/news\/wp-json\/wp\/v2\/posts"}],"about":[{"href":"https:\/\/kraios.app\/news\/wp-json\/wp\/v2\/types\/post"}],"author":[{"embeddable":true,"href":"https:\/\/kraios.app\/news\/wp-json\/wp\/v2\/users\/1"}],"replies":[{"embeddable":true,"href":"https:\/\/kraios.app\/news\/wp-json\/wp\/v2\/comments?post=8434"}],"version-history":[{"count":0,"href":"https:\/\/kraios.app\/news\/wp-json\/wp\/v2\/posts\/8434\/revisions"}],"wp:featuredmedia":[{"embeddable":true,"href":"https:\/\/kraios.app\/news\/wp-json\/wp\/v2\/media\/8435"}],"wp:attachment":[{"href":"https:\/\/kraios.app\/news\/wp-json\/wp\/v2\/media?parent=8434"}],"wp:term":[{"taxonomy":"category","embeddable":true,"href":"https:\/\/kraios.app\/news\/wp-json\/wp\/v2\/categories?post=8434"},{"taxonomy":"post_tag","embeddable":true,"href":"https:\/\/kraios.app\/news\/wp-json\/wp\/v2\/tags?post=8434"}],"curies":[{"name":"wp","href":"https:\/\/api.w.org\/{rel}","templated":true}]}}