{"id":8428,"date":"2023-07-01T09:20:05","date_gmt":"2023-07-01T09:20:05","guid":{"rendered":"https:\/\/kraios.app\/news\/spor\/2023\/07\/01\/pendikspor-super-ligde-kalici-olmak-istiyor\/"},"modified":"2023-07-01T09:20:05","modified_gmt":"2023-07-01T09:20:05","slug":"pendikspor-super-ligde-kalici-olmak-istiyor","status":"publish","type":"post","link":"https:\/\/kraios.app\/news\/spor\/2023\/07\/01\/pendikspor-super-ligde-kalici-olmak-istiyor\/","title":{"rendered":"Pendikspor S\u00fcper Lig&#8217;de kal\u0131c\u0131 olmak istiyor"},"content":{"rendered":"<p><\/p>\n<div>\n<p>Yeni sezon haz\u0131rl\u0131klar\u0131 kapsam\u0131nda Bolu&#8217;da kampa giren Pendikspor&#8217;un \u00e7al\u0131\u015ft\u0131r\u0131c\u0131s\u0131 \u00d6zk\u00f6yl\u00fc AA muhabirine, kamp d\u00f6nemi ve yeni sezon hedefleri hakk\u0131nda de\u011ferlendirmede bulundu.<\/p>\n<p>Yeni bir ligde, yeni bir sezona ba\u015flad\u0131klar\u0131n\u0131 belirten \u00d6zk\u00f6yl\u00fc, &#8220;Ge\u00e7en sene bu ligde olabilmek i\u00e7in ger\u00e7ekten \u00e7ok b\u00fcy\u00fck bir m\u00fccadele verdik. \u00c7ok b\u00fcy\u00fck bir \u00e7aba g\u00f6sterdik. Neticesinde \u00f6d\u00fcl\u00fcn\u00fc ald\u0131k. Lige \u00e7\u0131kan 3 tak\u0131mdan biri olduk. Bu konuda da \u00e7ok mutluyuz.&#8221; \u015feklinde konu\u015ftu.<\/p>\n<p>\u00d6zk\u00f6yl\u00fc, S\u00fcper Lig&#8217;e renk katacak olmaktan dolay\u0131 ekip olarak \u00e7ok heyecanl\u0131 olduklar\u0131n\u0131 dile getirerek, &#8220;\u015eu anda sezonun \u00e7ok ba\u015f\u0131. Lige de daha yeni ara verdik. Hen\u00fcz 20 g\u00fcn \u00f6nce bir ma\u00e7 oynad\u0131k. O ma\u00e7tan kazanarak S\u00fcper Lig&#8217;e \u00e7\u0131kt\u0131k. \u00d6n\u00fcm\u00fczde 40 g\u00fcnl\u00fck bir zaman dilimi var. Aram\u0131zdan ayr\u0131lan oyuncular\u0131m\u0131z oldu. Yeni kat\u0131l\u0131mlar oldu, olmaya da devam edecek. Kamp\u0131m\u0131za 16 ki\u015fiyle ba\u015flad\u0131k ama yapm\u0131\u015f oldu\u011fumuz transferler, halihaz\u0131rda g\u00f6r\u00fc\u015f\u00fclen oyuncular var. Onlar\u0131n da transferiyle izinli olan arkada\u015flar\u0131m\u0131z\u0131n da kat\u0131l\u0131m\u0131yla ilk etap sonuna kadar 25 ki\u015filik kadroyu tamamlayaca\u011f\u0131m\u0131z\u0131 d\u00fc\u015f\u00fcn\u00fcyoruz.&#8221; ifadelerini kulland\u0131.<\/p>\n<p><img decoding=\"async\" alt=\"\" src=\"https:\/\/www.aa.com.tr\/uploads\/userFiles\/76bad36d-1411-48e8-a1ae-b65e58872c06\/01.07%2F2%2F20230701_2_59323971_90581939.jpg\"\/><\/p>\n<p>Hedeflerine de\u011finen \u00d6zk\u00f6yl\u00fc, &#8220;S\u00fcper Lig&#8217;de kal\u0131c\u0131 olmak, g\u00fczel i\u015fler yapmak, g\u00fczel futbol oynay\u0131p herkese keyif verecek bir tak\u0131m olmak ad\u0131na \u00e7aba g\u00f6steriyoruz. Kadromuza kataca\u011f\u0131m\u0131z iyi oyuncularla lige renk katan bir tak\u0131m olmaya \u00e7al\u0131\u015faca\u011f\u0131z. \u00d6ncelikli hedefimiz bu. Bu ligde \u00e7ok g\u00fczel i\u015fler yapaca\u011f\u0131m\u0131za da Allah&#8217;\u0131n izniyle inan\u0131yoruz. Olmas\u0131 gereken, do\u011fru olan budur.&#8221; diye konu\u015ftu.<\/p>\n<p>\u00d6zk\u00f6yl\u00fc, bir kul\u00fcpte istikrar\u0131n \u00f6nemli oldu\u011funa i\u015faret ederek, \u015f\u00f6yle devam etti:<\/p>\n<p>&#8220;\u00d6zellikle teknik kadro istikrar\u0131n\u0131n, oyuncu istikrar\u0131n\u0131n olmas\u0131 o kul\u00fcp i\u00e7in her zaman avantajd\u0131r. \u00dcst lige \u00e7\u0131kt\u0131ktan sonra yap\u0131lacak hoca de\u011fi\u015fiklikleri, fazla derecede oyuncu de\u011fi\u015fiklikleri, o kul\u00fcp i\u00e7erisindeki yap\u0131n\u0131n tamamen de\u011fi\u015fmesine sebep oluyor. Her \u015feyi yeniden, s\u0131f\u0131rdan ba\u015flatmak gerekiyor. Biz ge\u00e7en sene 2. Ligde \u015fampiyon olan kadromuzla buradayd\u0131k. Kadromuzu b\u00fcy\u00fck oranda koruduk. \u0130ki sene i\u00e7erisinde 2. Lig&#8217;den S\u00fcper Lig&#8217;e gelen bir tak\u0131m\u0131n oyuncu kadrosu ve teknik kadrosunu korunmas\u0131, ba\u015far\u0131n\u0131n en g\u00fczel i\u015fareti. Biz ayn\u0131 ba\u015far\u0131y\u0131, ayn\u0131 istikrar\u0131 S\u00fcper Lig&#8217;de de g\u00f6stermek istiyoruz.&#8221;<\/p>\n<p><img decoding=\"async\" alt=\"\" src=\"https:\/\/www.aa.com.tr\/uploads\/userFiles\/76bad36d-1411-48e8-a1ae-b65e58872c06\/01.07%2F2%2F20230701_2_59323971_90581941.jpg\"\/><\/p>\n<p>\u00c7ok \u00e7al\u0131\u015facaklar\u0131n\u0131 vurgulayan \u00d6zk\u00f6yl\u00fc, &#8220;Buras\u0131 \u00e7ok farkl\u0131 bir kulvar. Burada kal\u0131c\u0131 olmak en b\u00fcy\u00fck amac\u0131m\u0131z. \u00c7ok ciddi rakiplerle m\u00fccadele i\u00e7ine girece\u011fiz, bir yar\u0131\u015f i\u00e7ine girece\u011fiz. Bu rakipler i\u00e7inde g\u00fc\u00e7l\u00fc kalabilmek, ayakta kalabilmek, sa\u011flam durabilmek i\u00e7in bizim de g\u00fc\u00e7l\u00fc olmam\u0131z laz\u0131m. \u00c7ok keyif veren, \u00e7ok iyi sonu\u00e7lar alan, herkesin zevkle izleyece\u011fi bir Pendikspor olacak diye umut ediyorum.&#8221; a\u00e7\u0131klamas\u0131nda bulundu.<\/p>\n<p>                            <span class=\"detay-foto-editor\">&#13;<br \/>\n                                <a href=\"https:\/\/www.aa.com.tr\/tr\/p\/abonelik-talep-formu\/1001\" target=\"_blank\" style=\"font-size:12px; color:#444; text-decoration:none;\" rel=\"noopener\">&#13;<br \/>\n                                    Anadolu Ajans\u0131 web sitesinde, AA Haber Ak\u0131\u015f Sistemi (HAS) \u00fczerinden abonelere sunulan haberler, \u00f6zetlenerek yay\u0131mlanmaktad\u0131r. <b style=\"color:#1897F7\">Abonelik i\u00e7in l\u00fctfen ileti\u015fime ge\u00e7iniz.<\/b>&#13;<br \/>\n                                <\/a>&#13;<br \/>\n                            <\/span>\n                        <\/div>\n<p><script>\n\t  window.fbAsyncInit = function() {\n\t\tFB.init({\n\t\t  appId: '1855843514662870',\n\t\t  status : true, \/\/ check login status\n\t\t  cookie : true, \/\/ enable cookies to allow the server to access the session\n\t\t  xfbml  : true  \/\/ parse XFBML\n\t\t});\n\t  };<\/p>\n<p>\t  (function() {\n\t\tvar e = document.createElement('script');\n\t\te.src=\"https:\/\/connect.facebook.net\/tr_TR\/all.js\";\n\t\te.async = true;\n\t\tdocument.getElementById('fb-root').appendChild(e);\n\t  }());\n    <\/script><\/p>\n","protected":false},"excerpt":{"rendered":"<p>Yeni sezon haz\u0131rl\u0131klar\u0131 kapsam\u0131nda Bolu&#8217;da kampa giren Pendikspor&#8217;un \u00e7al\u0131\u015ft\u0131r\u0131c\u0131s\u0131 \u00d6zk\u00f6yl\u00fc AA muhabirine, kamp d\u00f6nemi ve yeni sezon hedefleri hakk\u0131nda de\u011ferlendirmede bulundu. Yeni bir ligde, yeni bir sezona ba\u015flad\u0131klar\u0131n\u0131 belirten \u00d6zk\u00f6yl\u00fc, &#8220;Ge\u00e7en sene bu ligde olabilmek i\u00e7in ger\u00e7ekten \u00e7ok b\u00fcy\u00fck bir m\u00fccadele verdik. \u00c7ok b\u00fcy\u00fck bir \u00e7aba g\u00f6sterdik. Neticesinde \u00f6d\u00fcl\u00fcn\u00fc ald\u0131k. Lige \u00e7\u0131kan 3 tak\u0131mdan biri [&hellip;]<\/p>\n","protected":false},"author":1,"featured_media":8429,"comment_status":"","ping_status":"","sticky":false,"template":"","format":"standard","meta":[],"categories":[48],"tags":[],"_links":{"self":[{"href":"https:\/\/kraios.app\/news\/wp-json\/wp\/v2\/posts\/8428"}],"collection":[{"href":"https:\/\/kraios.app\/news\/wp-json\/wp\/v2\/posts"}],"about":[{"href":"https:\/\/kraios.app\/news\/wp-json\/wp\/v2\/types\/post"}],"author":[{"embeddable":true,"href":"https:\/\/kraios.app\/news\/wp-json\/wp\/v2\/users\/1"}],"replies":[{"embeddable":true,"href":"https:\/\/kraios.app\/news\/wp-json\/wp\/v2\/comments?post=8428"}],"version-history":[{"count":0,"href":"https:\/\/kraios.app\/news\/wp-json\/wp\/v2\/posts\/8428\/revisions"}],"wp:featuredmedia":[{"embeddable":true,"href":"https:\/\/kraios.app\/news\/wp-json\/wp\/v2\/media\/8429"}],"wp:attachment":[{"href":"https:\/\/kraios.app\/news\/wp-json\/wp\/v2\/media?parent=8428"}],"wp:term":[{"taxonomy":"category","embeddable":true,"href":"https:\/\/kraios.app\/news\/wp-json\/wp\/v2\/categories?post=8428"},{"taxonomy":"post_tag","embeddable":true,"href":"https:\/\/kraios.app\/news\/wp-json\/wp\/v2\/tags?post=8428"}],"curies":[{"name":"wp","href":"https:\/\/api.w.org\/{rel}","templated":true}]}}