{"id":8424,"date":"2023-07-01T06:20:06","date_gmt":"2023-07-01T06:20:06","guid":{"rendered":"https:\/\/kraios.app\/news\/gundem\/2023\/07\/01\/turk-vatandasi-92-bin-500-kisi-haci-oldu\/"},"modified":"2023-07-01T06:20:06","modified_gmt":"2023-07-01T06:20:06","slug":"turk-vatandasi-92-bin-500-kisi-haci-oldu","status":"publish","type":"post","link":"https:\/\/kraios.app\/news\/gundem\/2023\/07\/01\/turk-vatandasi-92-bin-500-kisi-haci-oldu\/","title":{"rendered":"T\u00fcrk vatanda\u015f\u0131 92 bin 500 ki\u015fi hac\u0131 oldu"},"content":{"rendered":"<p><\/p>\n<div>\n<p>Erba\u015f, Mekke&#8217;de Diyanet \u0130\u015fleri Ba\u015fkanl\u0131\u011f\u0131 Hac \u0130dare Merkezi&#8217;nde kutsal topraklarda g\u00f6revli bas\u0131n mensuplar\u0131yla bayramla\u015ft\u0131.<\/p>\n<p>Burada a\u00e7\u0131klama yapan Erba\u015f, hem g\u00f6revlerini yapan hem de hacc\u0131n farizalar\u0131n\u0131 yerine getiren bas\u0131n mensuplar\u0131na te\u015fekk\u00fcr etti.<\/p>\n<h3>&#8220;92 bin 500 vatanda\u015f\u0131m\u0131zla Arafat vakfesini yapt\u0131k&#8221;<\/h3>\n<p>Bu y\u0131l son hac\u0131 say\u0131s\u0131 bak\u0131m\u0131ndan 20-30 y\u0131l\u0131n zirvesi oldu\u011funu s\u00f6yleyen Erba\u015f, &#8220;92 bin 500 vatanda\u015f\u0131m\u0131zla Arafat vakfesini yapt\u0131k. Ge\u00e7en y\u0131l say\u0131m\u0131z 37 bin 770 idi. Ondan \u00f6nceki y\u0131llarda hep 80 binlerin alt\u0131ndayd\u0131.&#8221; bilgisini verdi.<\/p>\n<p>\u0130slam \u00fclkelerinin hac bakanlar\u0131 ve din i\u015fleri ba\u015fkanlar\u0131yla iyi ili\u015fkiler geli\u015ftirdiklerini belirten Erba\u015f, din e\u011fitimi, din hizmeti, aile ve gen\u00e7lik konular\u0131nda ortak \u00e7al\u0131\u015fmalar yapacaklar\u0131n\u0131 s\u00f6yledi.<\/p>\n<p>Ba\u015fkanl\u0131\u011f\u0131n yurt d\u0131\u015f\u0131nda da \u00e7al\u0131\u015fmalar\u0131n\u0131n oldu\u011funu an\u0131msatan Erba\u015f, &#8220;Diyanet \u0130\u015fleri Ba\u015fkanl\u0131\u011f\u0131 ve T\u00fcrkiye Diyanet Vakf\u0131 (TDV) olarak vekaletle kurban kesim organizasyonu yap\u0131yoruz. Kurban faaliyetleri ile hac faaliyetlerini birlikte y\u00fcr\u00fct\u00fcyoruz. Vekaletle kurban organizasyonu yard\u0131mla\u015fma, payla\u015fma ve karde\u015fli\u011fi evrensel boyutta ya\u015fatan k\u00fcresel bir iyilik \u00e7al\u0131\u015fmas\u0131, iyilik hareketidir.&#8221; dedi.<\/p>\n<p>Milletin her sene kurban\u0131n\u0131 ma\u011fdur ve muhta\u00e7larla payla\u015ft\u0131\u011f\u0131n\u0131 vurgulayan Erba\u015f, Ba\u015fkanl\u0131\u011f\u0131n TDV ile birlikte bu iyilik hareketine arac\u0131l\u0131k yapt\u0131\u011f\u0131n\u0131 ifade etti.<\/p>\n<h3>&#8220;Yurt i\u00e7i ve yurt d\u0131\u015f\u0131nda 35 milyon insana kurban eti ula\u015ft\u0131r\u0131yoruz&#8221;<\/h3>\n<p>Bu y\u0131l ger\u00e7ekle\u015ftirilen vekaletle kurban kesim organizasyonu hakk\u0131nda bilgi veren Erba\u015f, &#8220;Bu y\u0131l deprem ya\u015fad\u0131\u011f\u0131m\u0131z i\u00e7in deprem b\u00f6lgesinde kurban etinin ula\u015fmad\u0131\u011f\u0131 bir ev, bir \u00e7ad\u0131r kalmas\u0131n diye b\u00fcy\u00fck bir kampanya ba\u015flatt\u0131k. Milletimizin kurbanlar\u0131n\u0131 \u00f6zellikle \u00fclkemiz i\u00e7indeki ihtiya\u00e7 sahibi insanlara ula\u015ft\u0131rmaya gayret ettik. Milletimiz bu y\u0131l 745 bin 535 hisse kurban\u0131 bize emanet etti. Bunu yurt i\u00e7i ve yurt d\u0131\u015f\u0131nda d\u00fc\u015f\u00fcnd\u00fc\u011f\u00fcm\u00fcz zaman 35 milyon insana kurban eti ula\u015ft\u0131r\u0131yoruz. B\u00f6ylece ge\u00e7en seneki kurban say\u0131m\u0131z\u0131n y\u00fczde 41 nispetinde \u00fcst\u00fcne \u00e7\u0131kt\u0131k.&#8221; diye konu\u015ftu.<\/p>\n<p>Halk\u0131n Diyanet \u0130\u015fleri Ba\u015fkanl\u0131\u011f\u0131 ve T\u00fcrkiye Diyanet Vakf\u0131na g\u00fcvendi\u011fini dile getiren Erba\u015f, mazlum ve ma\u011fdur co\u011frafyalar\u0131n T\u00fcrkiye&#8217;yi yan\u0131nda g\u00f6rd\u00fc\u011f\u00fcnde mutlu oldu\u011funun alt\u0131n\u0131 \u00e7izdi.<\/p>\n<h3>&#8220;Hac mevsimi boyunca 25 vatanda\u015f\u0131m\u0131z vefat etti&#8221;<\/h3>\n<p>T\u00fcrk hac\u0131lar\u0131n bayramdan sonra belli bir plan ve koordinasyon i\u00e7inde yurda d\u00f6nece\u011fini a\u00e7\u0131klayan Erba\u015f, &#8220;Hac mevsimi boyunca 25 vatanda\u015f\u0131m\u0131z vefat etti. Vefat eden karde\u015flerimize Allah&#8217;tan rahmet, yak\u0131nlar\u0131na sab\u0131r ve ba\u015fsa\u011fl\u0131\u011f\u0131 diliyorum.&#8221; dedi.<\/p>\n<p>Kutsal topraklara gelen T\u00fcrk vatanda\u015flar\u0131na ili\u015fkin bilgi veren Erba\u015f, &#8220;Bu sene 88 bin 430 vatanda\u015f\u0131m\u0131z kutsal topraklara geldi. 92 bini a\u015fk\u0131n vatanda\u015f\u0131m\u0131zla, g\u00f6revlilerimizle birlikte Arafat&#8217;ta vakfe yapt\u0131k. Elhamd\u00fclillah vatanda\u015flar\u0131m\u0131z hac ibadetlerini yerine getirerek hac\u0131 oldular.&#8221; bilgisini payla\u015ft\u0131.<\/p>\n<p>                            <span class=\"detay-foto-editor\">&#13;<br \/>\n                                <a href=\"https:\/\/www.aa.com.tr\/tr\/p\/abonelik-talep-formu\/1001\" target=\"_blank\" style=\"font-size:12px; color:#444; text-decoration:none;\" rel=\"noopener\">&#13;<br \/>\n                                    Anadolu Ajans\u0131 web sitesinde, AA Haber Ak\u0131\u015f Sistemi (HAS) \u00fczerinden abonelere sunulan haberler, \u00f6zetlenerek yay\u0131mlanmaktad\u0131r. <b style=\"color:#1897F7\">Abonelik i\u00e7in l\u00fctfen ileti\u015fime ge\u00e7iniz.<\/b>&#13;<br \/>\n                                <\/a>&#13;<br \/>\n                            <\/span>\n                        <\/div>\n<p><script>\n\t  window.fbAsyncInit = function() {\n\t\tFB.init({\n\t\t  appId: '1855843514662870',\n\t\t  status : true, \/\/ check login status\n\t\t  cookie : true, \/\/ enable cookies to allow the server to access the session\n\t\t  xfbml  : true  \/\/ parse XFBML\n\t\t});\n\t  };<\/p>\n<p>\t  (function() {\n\t\tvar e = document.createElement('script');\n\t\te.src=\"https:\/\/connect.facebook.net\/tr_TR\/all.js\";\n\t\te.async = true;\n\t\tdocument.getElementById('fb-root').appendChild(e);\n\t  }());\n    <\/script><\/p>\n","protected":false},"excerpt":{"rendered":"<p>Erba\u015f, Mekke&#8217;de Diyanet \u0130\u015fleri Ba\u015fkanl\u0131\u011f\u0131 Hac \u0130dare Merkezi&#8217;nde kutsal topraklarda g\u00f6revli bas\u0131n mensuplar\u0131yla bayramla\u015ft\u0131. Burada a\u00e7\u0131klama yapan Erba\u015f, hem g\u00f6revlerini yapan hem de hacc\u0131n farizalar\u0131n\u0131 yerine getiren bas\u0131n mensuplar\u0131na te\u015fekk\u00fcr etti. &#8220;92 bin 500 vatanda\u015f\u0131m\u0131zla Arafat vakfesini yapt\u0131k&#8221; Bu y\u0131l son hac\u0131 say\u0131s\u0131 bak\u0131m\u0131ndan 20-30 y\u0131l\u0131n zirvesi oldu\u011funu s\u00f6yleyen Erba\u015f, &#8220;92 bin 500 vatanda\u015f\u0131m\u0131zla Arafat [&hellip;]<\/p>\n","protected":false},"author":1,"featured_media":8425,"comment_status":"","ping_status":"","sticky":false,"template":"","format":"standard","meta":[],"categories":[1],"tags":[],"_links":{"self":[{"href":"https:\/\/kraios.app\/news\/wp-json\/wp\/v2\/posts\/8424"}],"collection":[{"href":"https:\/\/kraios.app\/news\/wp-json\/wp\/v2\/posts"}],"about":[{"href":"https:\/\/kraios.app\/news\/wp-json\/wp\/v2\/types\/post"}],"author":[{"embeddable":true,"href":"https:\/\/kraios.app\/news\/wp-json\/wp\/v2\/users\/1"}],"replies":[{"embeddable":true,"href":"https:\/\/kraios.app\/news\/wp-json\/wp\/v2\/comments?post=8424"}],"version-history":[{"count":0,"href":"https:\/\/kraios.app\/news\/wp-json\/wp\/v2\/posts\/8424\/revisions"}],"wp:featuredmedia":[{"embeddable":true,"href":"https:\/\/kraios.app\/news\/wp-json\/wp\/v2\/media\/8425"}],"wp:attachment":[{"href":"https:\/\/kraios.app\/news\/wp-json\/wp\/v2\/media?parent=8424"}],"wp:term":[{"taxonomy":"category","embeddable":true,"href":"https:\/\/kraios.app\/news\/wp-json\/wp\/v2\/categories?post=8424"},{"taxonomy":"post_tag","embeddable":true,"href":"https:\/\/kraios.app\/news\/wp-json\/wp\/v2\/tags?post=8424"}],"curies":[{"name":"wp","href":"https:\/\/api.w.org\/{rel}","templated":true}]}}