{"id":8417,"date":"2023-07-01T04:20:04","date_gmt":"2023-07-01T04:20:04","guid":{"rendered":"https:\/\/kraios.app\/news\/spor\/2023\/07\/01\/psg-teknik-direktoru-galtier-irkcilik-suclamasiyla-gozaltina-alindi\/"},"modified":"2023-07-01T04:20:04","modified_gmt":"2023-07-01T04:20:04","slug":"psg-teknik-direktoru-galtier-irkcilik-suclamasiyla-gozaltina-alindi","status":"publish","type":"post","link":"https:\/\/kraios.app\/news\/spor\/2023\/07\/01\/psg-teknik-direktoru-galtier-irkcilik-suclamasiyla-gozaltina-alindi\/","title":{"rendered":"PSG Teknik Direkt\u00f6r\u00fc Galtier, \u0131rk\u00e7\u0131l\u0131k su\u00e7lamas\u0131yla g\u00f6zalt\u0131na al\u0131nd\u0131"},"content":{"rendered":"<p>Fransa Birinci Futbol Ligi ekiplerinden Paris Saint-Germain&#8217;in teknik direkt\u00f6r\u00fc Christophe Galtier, \u0131rk\u00e7\u0131l\u0131k soru\u015fturmas\u0131 kapsam\u0131nda g\u00f6zalt\u0131na al\u0131nd\u0131.<\/p>\n","protected":false},"excerpt":{"rendered":"<p>Fransa Birinci Futbol Ligi ekiplerinden Paris Saint-Germain&#8217;in teknik direkt\u00f6r\u00fc Christophe Galtier, \u0131rk\u00e7\u0131l\u0131k soru\u015fturmas\u0131 kapsam\u0131nda g\u00f6zalt\u0131na al\u0131nd\u0131.<\/p>\n","protected":false},"author":1,"featured_media":8418,"comment_status":"","ping_status":"","sticky":false,"template":"","format":"standard","meta":[],"categories":[48],"tags":[],"_links":{"self":[{"href":"https:\/\/kraios.app\/news\/wp-json\/wp\/v2\/posts\/8417"}],"collection":[{"href":"https:\/\/kraios.app\/news\/wp-json\/wp\/v2\/posts"}],"about":[{"href":"https:\/\/kraios.app\/news\/wp-json\/wp\/v2\/types\/post"}],"author":[{"embeddable":true,"href":"https:\/\/kraios.app\/news\/wp-json\/wp\/v2\/users\/1"}],"replies":[{"embeddable":true,"href":"https:\/\/kraios.app\/news\/wp-json\/wp\/v2\/comments?post=8417"}],"version-history":[{"count":0,"href":"https:\/\/kraios.app\/news\/wp-json\/wp\/v2\/posts\/8417\/revisions"}],"wp:featuredmedia":[{"embeddable":true,"href":"https:\/\/kraios.app\/news\/wp-json\/wp\/v2\/media\/8418"}],"wp:attachment":[{"href":"https:\/\/kraios.app\/news\/wp-json\/wp\/v2\/media?parent=8417"}],"wp:term":[{"taxonomy":"category","embeddable":true,"href":"https:\/\/kraios.app\/news\/wp-json\/wp\/v2\/categories?post=8417"},{"taxonomy":"post_tag","embeddable":true,"href":"https:\/\/kraios.app\/news\/wp-json\/wp\/v2\/tags?post=8417"}],"curies":[{"name":"wp","href":"https:\/\/api.w.org\/{rel}","templated":true}]}}