{"id":8413,"date":"2023-07-01T01:20:16","date_gmt":"2023-07-01T01:20:16","guid":{"rendered":"https:\/\/kraios.app\/news\/gundem\/2023\/07\/01\/asirlik-hamidiye-su-adinin-hmd-olarak-degistirildigi-iddiasi\/"},"modified":"2023-07-01T01:20:16","modified_gmt":"2023-07-01T01:20:16","slug":"asirlik-hamidiye-su-adinin-hmd-olarak-degistirildigi-iddiasi","status":"publish","type":"post","link":"https:\/\/kraios.app\/news\/gundem\/2023\/07\/01\/asirlik-hamidiye-su-adinin-hmd-olarak-degistirildigi-iddiasi\/","title":{"rendered":"As\u0131rl\u0131k &#8220;Hamidiye Su&#8221; ad\u0131n\u0131n &#8220;HMD&#8221; olarak de\u011fi\u015ftirildi\u011fi iddias\u0131"},"content":{"rendered":"<p><\/p>\n<div>\n<p>Baz\u0131 sosyal medya kullan\u0131c\u0131lar\u0131, Osmanl\u0131 padi\u015fah\u0131 II. Abd\u00fclhamid&#8217;in emriyle ve ad\u0131 verilerek \u015fehre kaliteli i\u00e7me suyu sa\u011flamak amac\u0131yla kurulan &#8220;Hamidiye Su&#8221; markas\u0131n\u0131n de\u011fi\u015ftirildi\u011fi iddias\u0131 \u00fczerine \u0130BB&#8217;ye y\u00f6nelik ele\u015ftirilerini dile getirdi.<\/p>\n<p>AK Parti \u0130stanbul \u0130l Ba\u015fkan\u0131 Osman Nuri Kabaktepe de konuya ili\u015fkin payla\u015f\u0131m\u0131nda, &#8220;Hi\u00e7bir hizmet ve proje \u00fcretmeden aziz \u0130stanbul&#8217;a d\u00f6rt y\u0131l kaybettiren CHP&#8217;li \u0130BB Ba\u015fkan\u0131, Hamidiye Su markas\u0131n\u0131 HMD&#8217;ye d\u00f6n\u00fc\u015ft\u00fcrmesiyle bir kez daha niyetinin \u00e7al\u0131\u015fmak de\u011fil, de\u011fersizle\u015ftirmek oldu\u011funu g\u00f6stermi\u015ftir. 121 y\u0131ll\u0131k bir markan\u0131n ismini de\u011fi\u015ftirmek marka y\u00f6netimi de\u011fil, kurumsal haf\u0131zay\u0131 ve bilinirli\u011fi yok etmektir.&#8221; ifadelerini kulland\u0131.<\/p>\n<p>Millet ad\u0131na bu de\u011fi\u015fikli\u011fin nedenini sorduklar\u0131n\u0131 ifade eden Kabaktepe, &#8220;Hamidiye ismi sizleri neden rahats\u0131z etti? 121 y\u0131ld\u0131r \u0130stanbul&#8217;umuzun do\u011fal ve sa\u011fl\u0131kl\u0131 su ihtiyac\u0131n\u0131 kar\u015f\u0131layan bir kurumun ad\u0131n\u0131 de\u011fi\u015ftirmekle neyi ama\u00e7lad\u0131n\u0131z?&#8221; sorular\u0131n\u0131 y\u00f6neltti.<\/p>\n<p>Esenler Belediye Ba\u015fkan\u0131 ve \u0130BB Meclisi AK Parti Grup Ba\u015fkanvekili Tevfik G\u00f6ksu da sosyal medya hesab\u0131ndan yapt\u0131\u011f\u0131 payla\u015f\u0131mda, &#8220;4 y\u0131lda \u0130stanbul&#8217;a bir bardak yeni i\u00e7me suyu kayna\u011f\u0131 kazand\u0131ramayan \u0130BB Ba\u015fkan\u0131, bu konudaki vizyonsuzlu\u011funu, beceriksizli\u011fini ve \u00e7aresizli\u011fini tarihi &#8216;Hamidiye Suyu&#8217; ismini de\u011fi\u015ftirerek kapatmaya \u00e7al\u0131\u015fm\u0131\u015f. \u0130stanbullular bu vizyonsuzlu\u011fu ve \u00e7aresizli\u011fi g\u00f6r\u00fcyor, \u0130stanbullular her \u015feyin fark\u0131nda.&#8221; de\u011ferlendirmesinde bulundu.<\/p>\n<p>\u00dcsk\u00fcdar Belediye Ba\u015fkan\u0131 Hilmi T\u00fcrkmen de Hamidiye Kaynak Sular\u0131&#8217;n\u0131n sadece bir marka olmad\u0131\u011f\u0131n\u0131, Sultan II. Abd\u00fclhamid Han&#8217;\u0131n \u0130stanbul&#8217;a i\u00e7me suyu sa\u011flamak i\u00e7in kurdu\u011fu tarihi bir de\u011fer oldu\u011funu vurgulayarak, &#8220;Ad\u0131n\u0131 &#8216;HMD&#8217; yapmak da bir marka de\u011fi\u015fikli\u011fi de\u011fil, tarihe \u00e7ok ileri derece bir h\u00fcrmetsizliktir. Bu kadar\u0131 sizin i\u00e7in bile fazla, yapmay\u0131n.&#8221; ifadelerini kulland\u0131.<\/p>\n<h3>&#8220;HMD isimli ikinci bir su markas\u0131 piyasaya sunuldu&#8221;<\/h3>\n<p>Tepkiler \u00fczerine \u0130BB&#8217;nin sosyal medya hesab\u0131ndan yap\u0131lan a\u00e7\u0131klamada \u015funlar kaydedildi:<\/p>\n<p>&#8220;Hamidiye Suyun ad\u0131 HMD olarak de\u011fi\u015fti iddialar\u0131 ger\u00e7ek d\u0131\u015f\u0131d\u0131r. Tarihimizden miras Hamidiye Suyun ad\u0131 de\u011fi\u015fmemi\u015ftir, kimse de de\u011fi\u015ftiremeyecektir. Piyasadaki t\u00fcm g\u00fc\u00e7l\u00fc ve b\u00fcy\u00fck su markalar\u0131n\u0131n ikinci bir markas\u0131 daha vard\u0131r. Her ge\u00e7en g\u00fcn b\u00fcy\u00fcyen Hamidiye Su \u015firketimiz de &#8216;HMD&#8217; isimli ikinci bir su markas\u0131 piyasaya sunmu\u015ftur. Hamidiye Su \u00fczerinden yap\u0131lan kara propaganda faaliyetlerine ve sahiplerine itibar etmeyiniz.&#8221;<\/p>\n<p>                            <span class=\"detay-foto-editor\">&#13;<br \/>\n                                <a href=\"https:\/\/www.aa.com.tr\/tr\/p\/abonelik-talep-formu\/1001\" target=\"_blank\" style=\"font-size:12px; color:#444; text-decoration:none;\" rel=\"noopener\">&#13;<br \/>\n                                    Anadolu Ajans\u0131 web sitesinde, AA Haber Ak\u0131\u015f Sistemi (HAS) \u00fczerinden abonelere sunulan haberler, \u00f6zetlenerek yay\u0131mlanmaktad\u0131r. <b style=\"color:#1897F7\">Abonelik i\u00e7in l\u00fctfen ileti\u015fime ge\u00e7iniz.<\/b>&#13;<br \/>\n                                <\/a>&#13;<br \/>\n                            <\/span>\n                        <\/div>\n<p><script>\n\t  window.fbAsyncInit = function() {\n\t\tFB.init({\n\t\t  appId: '1855843514662870',\n\t\t  status : true, \/\/ check login status\n\t\t  cookie : true, \/\/ enable cookies to allow the server to access the session\n\t\t  xfbml  : true  \/\/ parse XFBML\n\t\t});\n\t  };<\/p>\n<p>\t  (function() {\n\t\tvar e = document.createElement('script');\n\t\te.src=\"https:\/\/connect.facebook.net\/tr_TR\/all.js\";\n\t\te.async = true;\n\t\tdocument.getElementById('fb-root').appendChild(e);\n\t  }());\n    <\/script><\/p>\n","protected":false},"excerpt":{"rendered":"<p>Baz\u0131 sosyal medya kullan\u0131c\u0131lar\u0131, Osmanl\u0131 padi\u015fah\u0131 II. Abd\u00fclhamid&#8217;in emriyle ve ad\u0131 verilerek \u015fehre kaliteli i\u00e7me suyu sa\u011flamak amac\u0131yla kurulan &#8220;Hamidiye Su&#8221; markas\u0131n\u0131n de\u011fi\u015ftirildi\u011fi iddias\u0131 \u00fczerine \u0130BB&#8217;ye y\u00f6nelik ele\u015ftirilerini dile getirdi. AK Parti \u0130stanbul \u0130l Ba\u015fkan\u0131 Osman Nuri Kabaktepe de konuya ili\u015fkin payla\u015f\u0131m\u0131nda, &#8220;Hi\u00e7bir hizmet ve proje \u00fcretmeden aziz \u0130stanbul&#8217;a d\u00f6rt y\u0131l kaybettiren CHP&#8217;li \u0130BB Ba\u015fkan\u0131, [&hellip;]<\/p>\n","protected":false},"author":1,"featured_media":8414,"comment_status":"","ping_status":"","sticky":false,"template":"","format":"standard","meta":[],"categories":[1],"tags":[],"_links":{"self":[{"href":"https:\/\/kraios.app\/news\/wp-json\/wp\/v2\/posts\/8413"}],"collection":[{"href":"https:\/\/kraios.app\/news\/wp-json\/wp\/v2\/posts"}],"about":[{"href":"https:\/\/kraios.app\/news\/wp-json\/wp\/v2\/types\/post"}],"author":[{"embeddable":true,"href":"https:\/\/kraios.app\/news\/wp-json\/wp\/v2\/users\/1"}],"replies":[{"embeddable":true,"href":"https:\/\/kraios.app\/news\/wp-json\/wp\/v2\/comments?post=8413"}],"version-history":[{"count":0,"href":"https:\/\/kraios.app\/news\/wp-json\/wp\/v2\/posts\/8413\/revisions"}],"wp:featuredmedia":[{"embeddable":true,"href":"https:\/\/kraios.app\/news\/wp-json\/wp\/v2\/media\/8414"}],"wp:attachment":[{"href":"https:\/\/kraios.app\/news\/wp-json\/wp\/v2\/media?parent=8413"}],"wp:term":[{"taxonomy":"category","embeddable":true,"href":"https:\/\/kraios.app\/news\/wp-json\/wp\/v2\/categories?post=8413"},{"taxonomy":"post_tag","embeddable":true,"href":"https:\/\/kraios.app\/news\/wp-json\/wp\/v2\/tags?post=8413"}],"curies":[{"name":"wp","href":"https:\/\/api.w.org\/{rel}","templated":true}]}}