{"id":8403,"date":"2023-06-30T20:20:12","date_gmt":"2023-06-30T20:20:12","guid":{"rendered":"https:\/\/kraios.app\/news\/gundem\/2023\/06\/30\/turkiyenin-lizbon-buyukelcisi-murat-karagoz-hayatini-kaybetti\/"},"modified":"2023-06-30T20:20:12","modified_gmt":"2023-06-30T20:20:12","slug":"turkiyenin-lizbon-buyukelcisi-murat-karagoz-hayatini-kaybetti","status":"publish","type":"post","link":"https:\/\/kraios.app\/news\/gundem\/2023\/06\/30\/turkiyenin-lizbon-buyukelcisi-murat-karagoz-hayatini-kaybetti\/","title":{"rendered":"T\u00fcrkiye&#039;nin Lizbon B\u00fcy\u00fckel\u00e7isi Murat Karag\u00f6z hayat\u0131n\u0131 kaybetti"},"content":{"rendered":"<p>Mu\u011fla&#8217;n\u0131n Fethiye il\u00e7esinde denizde fenala\u015fan T\u00fcrkiye&#8217;nin Lizbon B\u00fcy\u00fckel\u00e7isi Murat Karag\u00f6z ya\u015fam\u0131n\u0131 yitirdi.<\/p>\n","protected":false},"excerpt":{"rendered":"<p>Mu\u011fla&#8217;n\u0131n Fethiye il\u00e7esinde denizde fenala\u015fan T\u00fcrkiye&#8217;nin Lizbon B\u00fcy\u00fckel\u00e7isi Murat Karag\u00f6z ya\u015fam\u0131n\u0131 yitirdi.<\/p>\n","protected":false},"author":1,"featured_media":8404,"comment_status":"","ping_status":"","sticky":false,"template":"","format":"standard","meta":[],"categories":[1],"tags":[],"_links":{"self":[{"href":"https:\/\/kraios.app\/news\/wp-json\/wp\/v2\/posts\/8403"}],"collection":[{"href":"https:\/\/kraios.app\/news\/wp-json\/wp\/v2\/posts"}],"about":[{"href":"https:\/\/kraios.app\/news\/wp-json\/wp\/v2\/types\/post"}],"author":[{"embeddable":true,"href":"https:\/\/kraios.app\/news\/wp-json\/wp\/v2\/users\/1"}],"replies":[{"embeddable":true,"href":"https:\/\/kraios.app\/news\/wp-json\/wp\/v2\/comments?post=8403"}],"version-history":[{"count":0,"href":"https:\/\/kraios.app\/news\/wp-json\/wp\/v2\/posts\/8403\/revisions"}],"wp:featuredmedia":[{"embeddable":true,"href":"https:\/\/kraios.app\/news\/wp-json\/wp\/v2\/media\/8404"}],"wp:attachment":[{"href":"https:\/\/kraios.app\/news\/wp-json\/wp\/v2\/media?parent=8403"}],"wp:term":[{"taxonomy":"category","embeddable":true,"href":"https:\/\/kraios.app\/news\/wp-json\/wp\/v2\/categories?post=8403"},{"taxonomy":"post_tag","embeddable":true,"href":"https:\/\/kraios.app\/news\/wp-json\/wp\/v2\/tags?post=8403"}],"curies":[{"name":"wp","href":"https:\/\/api.w.org\/{rel}","templated":true}]}}