{"id":8369,"date":"2023-06-30T05:20:08","date_gmt":"2023-06-30T05:20:08","guid":{"rendered":"https:\/\/kraios.app\/news\/gundem\/2023\/06\/30\/kolombiyada-52-buyuklugunde-deprem-meydana-geldi\/"},"modified":"2023-06-30T05:20:08","modified_gmt":"2023-06-30T05:20:08","slug":"kolombiyada-52-buyuklugunde-deprem-meydana-geldi","status":"publish","type":"post","link":"https:\/\/kraios.app\/news\/gundem\/2023\/06\/30\/kolombiyada-52-buyuklugunde-deprem-meydana-geldi\/","title":{"rendered":"Kolombiya&#039;da 5,2 b\u00fcy\u00fckl\u00fc\u011f\u00fcnde deprem meydana geldi"},"content":{"rendered":"<p>G\u00fcney Amerika \u00fclkesi Kolombiya&#8217;da 5,2 b\u00fcy\u00fckl\u00fc\u011f\u00fcnde deprem oldu.<\/p>\n","protected":false},"excerpt":{"rendered":"<p>G\u00fcney Amerika \u00fclkesi Kolombiya&#8217;da 5,2 b\u00fcy\u00fckl\u00fc\u011f\u00fcnde deprem oldu.<\/p>\n","protected":false},"author":1,"featured_media":8370,"comment_status":"","ping_status":"","sticky":false,"template":"","format":"standard","meta":[],"categories":[1],"tags":[],"_links":{"self":[{"href":"https:\/\/kraios.app\/news\/wp-json\/wp\/v2\/posts\/8369"}],"collection":[{"href":"https:\/\/kraios.app\/news\/wp-json\/wp\/v2\/posts"}],"about":[{"href":"https:\/\/kraios.app\/news\/wp-json\/wp\/v2\/types\/post"}],"author":[{"embeddable":true,"href":"https:\/\/kraios.app\/news\/wp-json\/wp\/v2\/users\/1"}],"replies":[{"embeddable":true,"href":"https:\/\/kraios.app\/news\/wp-json\/wp\/v2\/comments?post=8369"}],"version-history":[{"count":0,"href":"https:\/\/kraios.app\/news\/wp-json\/wp\/v2\/posts\/8369\/revisions"}],"wp:featuredmedia":[{"embeddable":true,"href":"https:\/\/kraios.app\/news\/wp-json\/wp\/v2\/media\/8370"}],"wp:attachment":[{"href":"https:\/\/kraios.app\/news\/wp-json\/wp\/v2\/media?parent=8369"}],"wp:term":[{"taxonomy":"category","embeddable":true,"href":"https:\/\/kraios.app\/news\/wp-json\/wp\/v2\/categories?post=8369"},{"taxonomy":"post_tag","embeddable":true,"href":"https:\/\/kraios.app\/news\/wp-json\/wp\/v2\/tags?post=8369"}],"curies":[{"name":"wp","href":"https:\/\/api.w.org\/{rel}","templated":true}]}}