{"id":8363,"date":"2023-06-30T02:19:42","date_gmt":"2023-06-30T02:19:42","guid":{"rendered":"https:\/\/kraios.app\/news\/spor\/2023\/06\/30\/eski-dunya-1-numarasi-wozniacki-kortlara-geri-donuyor\/"},"modified":"2023-06-30T02:19:42","modified_gmt":"2023-06-30T02:19:42","slug":"eski-dunya-1-numarasi-wozniacki-kortlara-geri-donuyor","status":"publish","type":"post","link":"https:\/\/kraios.app\/news\/spor\/2023\/06\/30\/eski-dunya-1-numarasi-wozniacki-kortlara-geri-donuyor\/","title":{"rendered":"Eski d\u00fcnya 1 numaras\u0131 Wozniacki kortlara geri d\u00f6n\u00fcyor"},"content":{"rendered":"<p>Kad\u0131nlar d\u00fcnya s\u0131ralamas\u0131n\u0131n eski 1 numaras\u0131 Caroline Wozniacki, 2020&#8217;de b\u0131rakt\u0131\u011f\u0131 tenise geri d\u00f6nece\u011fini a\u00e7\u0131klad\u0131.<\/p>\n","protected":false},"excerpt":{"rendered":"<p>Kad\u0131nlar d\u00fcnya s\u0131ralamas\u0131n\u0131n eski 1 numaras\u0131 Caroline Wozniacki, 2020&#8217;de b\u0131rakt\u0131\u011f\u0131 tenise geri d\u00f6nece\u011fini a\u00e7\u0131klad\u0131.<\/p>\n","protected":false},"author":1,"featured_media":8364,"comment_status":"","ping_status":"","sticky":false,"template":"","format":"standard","meta":[],"categories":[48],"tags":[],"_links":{"self":[{"href":"https:\/\/kraios.app\/news\/wp-json\/wp\/v2\/posts\/8363"}],"collection":[{"href":"https:\/\/kraios.app\/news\/wp-json\/wp\/v2\/posts"}],"about":[{"href":"https:\/\/kraios.app\/news\/wp-json\/wp\/v2\/types\/post"}],"author":[{"embeddable":true,"href":"https:\/\/kraios.app\/news\/wp-json\/wp\/v2\/users\/1"}],"replies":[{"embeddable":true,"href":"https:\/\/kraios.app\/news\/wp-json\/wp\/v2\/comments?post=8363"}],"version-history":[{"count":0,"href":"https:\/\/kraios.app\/news\/wp-json\/wp\/v2\/posts\/8363\/revisions"}],"wp:featuredmedia":[{"embeddable":true,"href":"https:\/\/kraios.app\/news\/wp-json\/wp\/v2\/media\/8364"}],"wp:attachment":[{"href":"https:\/\/kraios.app\/news\/wp-json\/wp\/v2\/media?parent=8363"}],"wp:term":[{"taxonomy":"category","embeddable":true,"href":"https:\/\/kraios.app\/news\/wp-json\/wp\/v2\/categories?post=8363"},{"taxonomy":"post_tag","embeddable":true,"href":"https:\/\/kraios.app\/news\/wp-json\/wp\/v2\/tags?post=8363"}],"curies":[{"name":"wp","href":"https:\/\/api.w.org\/{rel}","templated":true}]}}