{"id":8341,"date":"2023-06-29T23:20:06","date_gmt":"2023-06-29T23:20:06","guid":{"rendered":"https:\/\/kraios.app\/news\/spor\/2023\/06\/29\/trabzonsporun-transfer-gorusmesi-yaptigi-orsic-ile-joaquin-fernandez-trabzona-geldi\/"},"modified":"2023-06-29T23:20:06","modified_gmt":"2023-06-29T23:20:06","slug":"trabzonsporun-transfer-gorusmesi-yaptigi-orsic-ile-joaquin-fernandez-trabzona-geldi","status":"publish","type":"post","link":"https:\/\/kraios.app\/news\/spor\/2023\/06\/29\/trabzonsporun-transfer-gorusmesi-yaptigi-orsic-ile-joaquin-fernandez-trabzona-geldi\/","title":{"rendered":"Trabzonspor&#8217;un transfer g\u00f6r\u00fc\u015fmesi yapt\u0131\u011f\u0131 Orsic ile Joaquin Fernandez, Trabzon&#8217;a geldi"},"content":{"rendered":"<p><\/p>\n<div>\n<p>Trabzon Havaliman\u0131 \u0130\u00e7 Hatlar Terminali&#8217;nden birlikte \u00e7\u0131kan 30 ya\u015f\u0131ndaki H\u0131rvat oyuncu Mislav Orsic ile 27 ya\u015f\u0131ndaki \u0130spanyol savunma oyuncusu Joaquin Fernandez Moreno, taraftarlar taraf\u0131ndan kar\u015f\u0131land\u0131.<\/p>\n<p>Burada gazetecilerin sorular\u0131n\u0131 da yan\u0131tlayan Mislav Orsic, taraftarlara s\u0131cak kar\u015f\u0131lama i\u00e7in te\u015fekk\u00fcr etti.<\/p>\n<p>Trabzon&#8217;da olmaktan mutluluk duydu\u011funu dile getiren Orsic, &#8220;Umar\u0131m \u00e7ok iyi bir sezon ge\u00e7irece\u011fiz.&#8221; dedi.<\/p>\n<p>Mislav Orsic, transfer s\u00fcreciyle ilgili soru \u00fczerine &#8220;Hocam\u0131zla Dinamo Zagreb&#8217;de de beraber \u00e7al\u0131\u015fm\u0131\u015ft\u0131k zaten. Kendisini oradan da tan\u0131yorum. Bu karar\u0131 almamda Trabzonspor&#8217;a kat\u0131lmamda tabii ki hocam\u0131z\u0131n da \u00e7ok b\u00fcy\u00fck bir etkisi var. S\u00f6yledi\u011fim gibi kendisiyle Trabzonspor gibi bir kul\u00fcpte olmaktan \u00e7ok mutluyum ve yine tekrarlamak isterim umar\u0131m hep birlikte \u00e7ok g\u00fczel bir sezon ge\u00e7irece\u011fiz.&#8221; ifadelerini kulland\u0131.<\/p>\n<p>&#8220;\u015eehirle ilgili bilgi ald\u0131n m\u0131?&#8221; sorusunu da yan\u0131tlayan Orsic, &#8220;\u015eehirle alakal\u0131 \u00e7ok fazla soru sormad\u0131m zaten. Ben futbol oynamaya geldim buraya. Elimden gelenin en iyisini yapmaya. Zaten \u00f6nemli olan \u015fey futbol oynayabilmek. Onu yapmaya geldim.&#8221; diye konu\u015ftu.<\/p>\n<p>Mislav Orsic, &#8220;Hangi forma numaras\u0131yla sahada boy g\u00f6stereceksin?&#8221; sorusuna da &#8220;\u00c7ok emin de\u011filim. Bug\u00fcn konu\u015ftuk \u00fczerine ama muhtemelen 99 numara olacak gibi g\u00f6z\u00fck\u00fcyor. U\u011furlu rakam\u0131m diyebiliriz.&#8221; yan\u0131t\u0131n\u0131 verdi.<\/p>\n<h3>&#8220;\u015eampiyonluk kutlamalar\u0131n\u0131 tekrarlayabilmek i\u00e7in buraday\u0131m&#8221;<\/h3>\n<p>Joaquin Fernandez Moreno da Trabzonspor gibi b\u00fcy\u00fck bir tak\u0131mda olmaktan \u00e7ok mutlu oldu\u011funu s\u00f6yledi.<\/p>\n<p>Zaten karar a\u015famas\u0131n\u0131n da \u00e7ok h\u0131zl\u0131 geli\u015fti\u011fine dikkati \u00e7eken Joaquin Fernandez, \u015funlar\u0131 kaydetti:<\/p>\n<p>&#8220;Burada olmaktan \u00e7ok mutluyum. Ba\u015far\u0131lar\u0131 kazanabilmek, ba\u015flamak ad\u0131na da sab\u0131rs\u0131zlan\u0131yorum. Tabii ki herhangi bir \u00fclkeye kul\u00fcbe gitmeden \u00f6nce bilgiler almak istersiniz, kul\u00fcple \u015fehirle ilgili. Ben de tabii ki kul\u00fcpte \u015fu an oynayan, daha \u00f6nce oynayan futbolcularla konu\u015fma f\u0131rsat\u0131 buldum. Onlarla konu\u015ftum, tan\u0131d\u0131klar\u0131mla konu\u015fma f\u0131rsat\u0131 buldum. Burada olmaktan dolay\u0131 Trabzonspor&#8217;un renkleriyle oynayabilmekten, o formay\u0131 giyebilmekten dolay\u0131 da \u00e7ok mutluyum.&#8221;<\/p>\n<p>\u0130spanyol oyuncu, transfer s\u00fcreciyle ilgili soru \u00fczerine &#8220;\u00c7ok h\u0131zl\u0131 geli\u015fti b\u00fct\u00fcn transfer s\u00fcreci. Bu transfer s\u00fcrecinde hocam\u0131zla g\u00f6r\u00fc\u015febilme imkan\u0131 bulduk. Burada oynayan tak\u0131m arkada\u015flar\u0131mla g\u00f6r\u00fc\u015febilme imkan\u0131 bulduk, daha \u00f6nce oynam\u0131\u015f arkada\u015flar\u0131mla g\u00f6r\u00fc\u015febilme imkan\u0131 buldum. Zaten hepsiyle yapt\u0131\u011f\u0131m g\u00f6r\u00fc\u015fmeler sonucunda da karar\u0131m \u00e7ok h\u0131zlanm\u0131\u015ft\u0131. \u00c7ok kolay oldu bu karar\u0131 alabilmek. Bu karar\u0131 ald\u0131m ve do\u011fru yerde oldu\u011fumu d\u00fc\u015f\u00fcn\u00fcyorum.&#8221; \u015feklinde konu\u015ftu.<\/p>\n<p>&#8220;Trabzonspor&#8217;un \u015fampiyonluk kutlamas\u0131n\u0131 izledin mi?&#8221; sorusuna da cevap veren Joaquin Fernandez Moreno, &#8220;O kutlamalar\u0131 tekrarlayabilmek i\u00e7in buraday\u0131m.&#8221; dedi.<\/p>\n<p>Joaquin Fernandez, forma numaras\u0131yla ilgili soruyu da &#8220;20 numara olacak. Benim ho\u015fuma giden bir numara.&#8221; \u015feklinde cevaplad\u0131.<\/p>\n<p>Konu\u015fmalar\u0131n ard\u0131ndan futbolcular, kendilerini kar\u015f\u0131lamaya gelen ve tezah\u00fcratlarda bulunan taraftarlar\u0131 selamlad\u0131.<\/p>\n<p>Taraftarlar\u0131n aras\u0131ndan sloganlar e\u015fli\u011finde kul\u00fcp arac\u0131na binen Mislav Orsic ile Joaquin Fernandez Moreno, Mehmet Ali Y\u0131lmaz Tesisleri&#8217;ne hareket etti.<\/p>\n<p>                            <span class=\"detay-foto-editor\">&#13;<br \/>\n                                <a href=\"https:\/\/www.aa.com.tr\/tr\/p\/abonelik-talep-formu\/1001\" target=\"_blank\" style=\"font-size:12px; color:#444; text-decoration:none;\" rel=\"noopener\">&#13;<br \/>\n                                    Anadolu Ajans\u0131 web sitesinde, AA Haber Ak\u0131\u015f Sistemi (HAS) \u00fczerinden abonelere sunulan haberler, \u00f6zetlenerek yay\u0131mlanmaktad\u0131r. <b style=\"color:#1897F7\">Abonelik i\u00e7in l\u00fctfen ileti\u015fime ge\u00e7iniz.<\/b>&#13;<br \/>\n                                <\/a>&#13;<br \/>\n                            <\/span>\n                        <\/div>\n<p><script>\n\t  window.fbAsyncInit = function() {\n\t\tFB.init({\n\t\t  appId: '1855843514662870',\n\t\t  status : true, \/\/ check login status\n\t\t  cookie : true, \/\/ enable cookies to allow the server to access the session\n\t\t  xfbml  : true  \/\/ parse XFBML\n\t\t});\n\t  };<\/p>\n<p>\t  (function() {\n\t\tvar e = document.createElement('script');\n\t\te.src=\"https:\/\/connect.facebook.net\/tr_TR\/all.js\";\n\t\te.async = true;\n\t\tdocument.getElementById('fb-root').appendChild(e);\n\t  }());\n    <\/script><\/p>\n","protected":false},"excerpt":{"rendered":"<p>Trabzon Havaliman\u0131 \u0130\u00e7 Hatlar Terminali&#8217;nden birlikte \u00e7\u0131kan 30 ya\u015f\u0131ndaki H\u0131rvat oyuncu Mislav Orsic ile 27 ya\u015f\u0131ndaki \u0130spanyol savunma oyuncusu Joaquin Fernandez Moreno, taraftarlar taraf\u0131ndan kar\u015f\u0131land\u0131. Burada gazetecilerin sorular\u0131n\u0131 da yan\u0131tlayan Mislav Orsic, taraftarlara s\u0131cak kar\u015f\u0131lama i\u00e7in te\u015fekk\u00fcr etti. Trabzon&#8217;da olmaktan mutluluk duydu\u011funu dile getiren Orsic, &#8220;Umar\u0131m \u00e7ok iyi bir sezon ge\u00e7irece\u011fiz.&#8221; dedi. Mislav Orsic, transfer [&hellip;]<\/p>\n","protected":false},"author":1,"featured_media":8342,"comment_status":"","ping_status":"","sticky":false,"template":"","format":"standard","meta":[],"categories":[48],"tags":[],"_links":{"self":[{"href":"https:\/\/kraios.app\/news\/wp-json\/wp\/v2\/posts\/8341"}],"collection":[{"href":"https:\/\/kraios.app\/news\/wp-json\/wp\/v2\/posts"}],"about":[{"href":"https:\/\/kraios.app\/news\/wp-json\/wp\/v2\/types\/post"}],"author":[{"embeddable":true,"href":"https:\/\/kraios.app\/news\/wp-json\/wp\/v2\/users\/1"}],"replies":[{"embeddable":true,"href":"https:\/\/kraios.app\/news\/wp-json\/wp\/v2\/comments?post=8341"}],"version-history":[{"count":0,"href":"https:\/\/kraios.app\/news\/wp-json\/wp\/v2\/posts\/8341\/revisions"}],"wp:featuredmedia":[{"embeddable":true,"href":"https:\/\/kraios.app\/news\/wp-json\/wp\/v2\/media\/8342"}],"wp:attachment":[{"href":"https:\/\/kraios.app\/news\/wp-json\/wp\/v2\/media?parent=8341"}],"wp:term":[{"taxonomy":"category","embeddable":true,"href":"https:\/\/kraios.app\/news\/wp-json\/wp\/v2\/categories?post=8341"},{"taxonomy":"post_tag","embeddable":true,"href":"https:\/\/kraios.app\/news\/wp-json\/wp\/v2\/tags?post=8341"}],"curies":[{"name":"wp","href":"https:\/\/api.w.org\/{rel}","templated":true}]}}