{"id":8333,"date":"2023-06-29T21:53:01","date_gmt":"2023-06-29T21:53:01","guid":{"rendered":"https:\/\/kraios.app\/news\/gundem\/2023\/06\/29\/abd-fransadaki-vatandaslarini-olaylardan-uzak-durmaya-cagirdi\/"},"modified":"2023-06-29T21:53:01","modified_gmt":"2023-06-29T21:53:01","slug":"abd-fransadaki-vatandaslarini-olaylardan-uzak-durmaya-cagirdi","status":"publish","type":"post","link":"https:\/\/kraios.app\/news\/gundem\/2023\/06\/29\/abd-fransadaki-vatandaslarini-olaylardan-uzak-durmaya-cagirdi\/","title":{"rendered":"ABD, Fransa&#039;daki vatanda\u015flar\u0131n\u0131 olaylardan uzak durmaya \u00e7a\u011f\u0131rd\u0131"},"content":{"rendered":"<p>ABD&#8217;nin Paris B\u00fcy\u00fckel\u00e7ili\u011fi, Fransa&#8217;da ikamet eden vatanda\u015flar\u0131na, \u00fclkede 27 Haziran&#8217;da polisin a\u00e7t\u0131\u011f\u0131 ate\u015f sonucu hayat\u0131n\u0131 kaybeden Nael M. isimli 17 ya\u015f\u0131ndaki gen\u00e7 s\u00fcr\u00fcc\u00fc i\u00e7in d\u00fczenlenen g\u00f6sterilerden uzak durma \u00e7a\u011fr\u0131s\u0131 yapt\u0131.<\/p>\n","protected":false},"excerpt":{"rendered":"<p>ABD&#8217;nin Paris B\u00fcy\u00fckel\u00e7ili\u011fi, Fransa&#8217;da ikamet eden vatanda\u015flar\u0131na, \u00fclkede 27 Haziran&#8217;da polisin a\u00e7t\u0131\u011f\u0131 ate\u015f sonucu hayat\u0131n\u0131 kaybeden Nael M. isimli 17 ya\u015f\u0131ndaki gen\u00e7 s\u00fcr\u00fcc\u00fc i\u00e7in d\u00fczenlenen g\u00f6sterilerden uzak durma \u00e7a\u011fr\u0131s\u0131 yapt\u0131.<\/p>\n","protected":false},"author":1,"featured_media":8334,"comment_status":"","ping_status":"","sticky":false,"template":"","format":"standard","meta":[],"categories":[1],"tags":[],"_links":{"self":[{"href":"https:\/\/kraios.app\/news\/wp-json\/wp\/v2\/posts\/8333"}],"collection":[{"href":"https:\/\/kraios.app\/news\/wp-json\/wp\/v2\/posts"}],"about":[{"href":"https:\/\/kraios.app\/news\/wp-json\/wp\/v2\/types\/post"}],"author":[{"embeddable":true,"href":"https:\/\/kraios.app\/news\/wp-json\/wp\/v2\/users\/1"}],"replies":[{"embeddable":true,"href":"https:\/\/kraios.app\/news\/wp-json\/wp\/v2\/comments?post=8333"}],"version-history":[{"count":0,"href":"https:\/\/kraios.app\/news\/wp-json\/wp\/v2\/posts\/8333\/revisions"}],"wp:featuredmedia":[{"embeddable":true,"href":"https:\/\/kraios.app\/news\/wp-json\/wp\/v2\/media\/8334"}],"wp:attachment":[{"href":"https:\/\/kraios.app\/news\/wp-json\/wp\/v2\/media?parent=8333"}],"wp:term":[{"taxonomy":"category","embeddable":true,"href":"https:\/\/kraios.app\/news\/wp-json\/wp\/v2\/categories?post=8333"},{"taxonomy":"post_tag","embeddable":true,"href":"https:\/\/kraios.app\/news\/wp-json\/wp\/v2\/tags?post=8333"}],"curies":[{"name":"wp","href":"https:\/\/api.w.org\/{rel}","templated":true}]}}