{"id":8309,"date":"2023-06-29T13:10:50","date_gmt":"2023-06-29T13:10:50","guid":{"rendered":"https:\/\/kraios.app\/news\/gundem\/2023\/06\/29\/fransada-17-yasindaki-genci-olduren-polis-ifadeye-cagrildi\/"},"modified":"2023-06-29T13:10:50","modified_gmt":"2023-06-29T13:10:50","slug":"fransada-17-yasindaki-genci-olduren-polis-ifadeye-cagrildi","status":"publish","type":"post","link":"https:\/\/kraios.app\/news\/gundem\/2023\/06\/29\/fransada-17-yasindaki-genci-olduren-polis-ifadeye-cagrildi\/","title":{"rendered":"Fransa&#8217;da 17 ya\u015f\u0131ndaki genci \u00f6ld\u00fcren polis ifadeye \u00e7a\u011fr\u0131ld\u0131"},"content":{"rendered":"<p><\/p>\n<div>\n<p>Nanterre Savc\u0131s\u0131 Pascal Prache&#8217;\u0131n ulusal bas\u0131na yapt\u0131\u011f\u0131 a\u00e7\u0131klamada, Nael&#8217;in \u00f6l\u00fcm\u00fcnden sonra savc\u0131l\u0131\u011f\u0131n iki soru\u015fturma ba\u015flatt\u0131\u011f\u0131n\u0131 belirtti.<\/p>\n<p>Prache, olay s\u0131ras\u0131nda g\u00f6revli olan di\u011fer 2 polisin ve arabadaki 1 ki\u015finin de ifadelerine ba\u015fvuruldu\u011funu aktard\u0131.<\/p>\n<p>Bu kapsamda g\u00fcvenlik kameras\u0131 ve amat\u00f6r g\u00f6r\u00fcnt\u00fclerin de incelendi\u011fini an\u0131msatan Prache, olay\u0131n faili polisin tutuklu yarg\u0131lanmas\u0131n\u0131 talep ettiklerini kaydetti.<\/p>\n<blockquote class=\"twitter-tweet\">\n<p dir=\"ltr\" lang=\"tr\">\u2022 Gece boyunca belediye ve okul binalar\u0131, karakollar ile \u00e7ok say\u0131da ara\u00e7 yak\u0131ld\u0131<br \/>\u2022 150 ki\u015fi g\u00f6zalt\u0131na al\u0131nd\u0131<\/p>\n<p>Frans\u0131z polisinin a\u00e7t\u0131\u011f\u0131 ate\u015f nedeniyle gen\u00e7 s\u00fcr\u00fcc\u00fc Nael&#8217;in sal\u0131 g\u00fcn\u00fc \u00f6lmesine tepki g\u00f6sterenler, iki g\u00fcnd\u00fcr sokaklarda eylemlerini s\u00fcrd\u00fcr\u00fcyor <a href=\"https:\/\/t.co\/KxT3Ver1cP\">https:\/\/t.co\/KxT3Ver1cP<\/a> <a href=\"https:\/\/t.co\/73FsRkbLGd\">pic.twitter.com\/73FsRkbLGd<\/a><\/p>\n<p>\u2014 Anadolu Ajans\u0131 (@anadoluajansi) <a href=\"https:\/\/twitter.com\/anadoluajansi\/status\/1674402344879157248?ref_src=twsrc%5Etfw\">June 29, 2023<\/a><\/p><\/blockquote>\n<p>Motorlu 2 polisin, 27 Haziran&#8217;da, i\u00e7inde 3 gencin bulundu\u011fu s\u00fcratli bir arac\u0131 kontrol etmek i\u00e7in k\u0131rm\u0131z\u0131 \u0131\u015f\u0131kta &#8220;dur&#8221; ihtar\u0131nda bulundu\u011funu belirten Prache, s\u00fcr\u00fcc\u00fcn\u00fcn &#8220;dur&#8221; ihtar\u0131na ra\u011fmen k\u0131rm\u0131z\u0131 \u0131\u015f\u0131kta ge\u00e7ti\u011fini s\u00f6yledi.<\/p>\n<p>Polislerin motorlar\u0131yla arac\u0131 takip etti\u011fini aktaran Prache, s\u00fcr\u00fcc\u00fcn\u00fcn bir\u00e7ok trafik kural\u0131n\u0131 ihlal ederek, biri bisikletli toplam 2 ki\u015finin hayat\u0131n\u0131 tehlikeye att\u0131\u011f\u0131n\u0131 vurgulad\u0131.<\/p>\n<p>Pascal Prache, trafik nedeniyle durmak zorunda kalan s\u00fcr\u00fcc\u00fcye polislerin tekrar &#8220;dur&#8221; ihtar\u0131nda bulundu\u011funu, arac\u0131n\u0131n sol taraf\u0131na konu\u015flu polislerin s\u00fcr\u00fcc\u00fcn\u00fcn yeniden arabay\u0131 \u00e7al\u0131\u015ft\u0131rmamas\u0131 i\u00e7in silahlar\u0131n\u0131 ona do\u011frulttu\u011funu ve konta\u011f\u0131 kesmesini s\u00f6ylediklerini ifade etti.<\/p>\n<p>Bir polisin, arabay\u0131 yeniden \u00e7al\u0131\u015ft\u0131rd\u0131\u011f\u0131 s\u0131rada s\u00fcr\u00fcc\u00fcye bir el ate\u015f a\u00e7t\u0131\u011f\u0131n\u0131, arac\u0131n hareket ederek bir kamu mal\u0131na \u00e7arpt\u0131\u011f\u0131n\u0131 kaydeden Prache, ara\u00e7taki bir yolcunun g\u00f6zalt\u0131na al\u0131nd\u0131\u011f\u0131n\u0131, bir di\u011fer yolcunun ise olay yerinden ka\u00e7t\u0131\u011f\u0131n\u0131 hat\u0131rlatt\u0131.<\/p>\n<p>Prache, yap\u0131lan m\u00fcdahalelere ra\u011fmen s\u00fcr\u00fcc\u00fcn\u00fcn hayat\u0131n\u0131 kaybetti\u011fini an\u0131msatt\u0131. <\/p>\n<p>Ard\u0131ndan ate\u015f a\u00e7an polisin kasten adam \u00f6ld\u00fcrme gerek\u00e7esiyle g\u00f6zalt\u0131na al\u0131nd\u0131\u011f\u0131n\u0131 hat\u0131rlatan Prache, \u00f6len gencin 2006 do\u011fumlu oldu\u011funu bildirdi.<\/p>\n<p>Nanterre Savc\u0131s\u0131 Prache, g\u00f6zalt\u0131na al\u0131nan yolcunun 27 Haziran&#8217;da serbest b\u0131rak\u0131ld\u0131\u011f\u0131n\u0131, olay yerinden ka\u00e7an yolcunun hala arand\u0131\u011f\u0131n\u0131 dile getirdi.<\/p>\n<p>Savc\u0131 Prache, otopsi raporunun, Nael&#8217;in tek kur\u015fun nedeniyle \u00f6ld\u00fc\u011f\u00fcn\u00fc ortaya koydu\u011funu, kur\u015funun gencin sol kolunu ve g\u00f6\u011fs\u00fcn\u00fc deldi\u011fini kaydetti.<\/p>\n<p>Prache, polisin, s\u00fcr\u00fcc\u00fcn\u00fcn yeniden ka\u00e7mas\u0131n\u0131 engellemek ve birisini veya kendisini ezmesinden endi\u015fe etti\u011fi i\u00e7in ate\u015f a\u00e7t\u0131\u011f\u0131n\u0131 beyan etti\u011fini aktard\u0131.<\/p>\n<p>Polisin silah\u0131n\u0131 kullanmas\u0131n\u0131 gerektiren ko\u015fullar\u0131n olu\u015fmad\u0131\u011f\u0131n\u0131 kaydeden Prache, &#8220;kasten \u00f6ld\u00fcrme&#8221; su\u00e7undan a\u00e7\u0131lan \u00f6n kovu\u015fturma kapsam\u0131nda, s\u00fcr\u00fcc\u00fcy\u00fc vuran polisin hakime ifade verece\u011fini belirtti. <\/p>\n<p>Savc\u0131, s\u00f6z konusu polisin tutuklanmas\u0131n\u0131 talep etti\u011fini a\u00e7\u0131klad\u0131.<\/p>\n<h3>Olay<\/h3>\n<p>Polis, 27 Haziran&#8217;da, Nanterre kentinde, i\u00e7inde 3 ki\u015finin bulundu\u011fu ve &#8220;dur&#8221; ihtar\u0131na uymayan bir araca ate\u015f a\u00e7m\u0131\u015f, 17 ya\u015f\u0131ndaki s\u00fcr\u00fcc\u00fcy\u00fc \u00f6ld\u00fcrm\u00fc\u015ft\u00fc.<\/p>\n<p>Olayla ilgili soru\u015fturma ba\u015flat\u0131l\u0131rken, gence ate\u015f a\u00e7t\u0131\u011f\u0131ndan \u015f\u00fcphelenilen polis g\u00f6zalt\u0131na al\u0131nm\u0131\u015ft\u0131.<\/p>\n<p>Nael&#8217;in \u00f6l\u00fcm\u00fcne tepki verenler, 2 gecedir \u00e7ok say\u0131da kentte sokaklara iniyor.<\/p>\n<p>                            <span class=\"detay-foto-editor\">&#13;<br \/>\n                                <a href=\"https:\/\/www.aa.com.tr\/tr\/p\/abonelik-talep-formu\/1001\" target=\"_blank\" style=\"font-size:12px; color:#444; text-decoration:none;\" rel=\"noopener\">&#13;<br \/>\n                                    Anadolu Ajans\u0131 web sitesinde, AA Haber Ak\u0131\u015f Sistemi (HAS) \u00fczerinden abonelere sunulan haberler, \u00f6zetlenerek yay\u0131mlanmaktad\u0131r. <b style=\"color:#1897F7\">Abonelik i\u00e7in l\u00fctfen ileti\u015fime ge\u00e7iniz.<\/b>&#13;<br \/>\n                                <\/a>&#13;<br \/>\n                            <\/span>\n                        <\/div>\n<p><script async src=\"\/\/platform.twitter.com\/widgets.js\" charset=\"utf-8\"><\/script><script>\n\t  window.fbAsyncInit = function() {\n\t\tFB.init({\n\t\t  appId: '1855843514662870',\n\t\t  status : true, \/\/ check login status\n\t\t  cookie : true, \/\/ enable cookies to allow the server to access the session\n\t\t  xfbml  : true  \/\/ parse XFBML\n\t\t});\n\t  };<\/p>\n<p>\t  (function() {\n\t\tvar e = document.createElement('script');\n\t\te.src=\"https:\/\/connect.facebook.net\/tr_TR\/all.js\";\n\t\te.async = true;\n\t\tdocument.getElementById('fb-root').appendChild(e);\n\t  }());\n    <\/script><\/p>\n","protected":false},"excerpt":{"rendered":"<p>Nanterre Savc\u0131s\u0131 Pascal Prache&#8217;\u0131n ulusal bas\u0131na yapt\u0131\u011f\u0131 a\u00e7\u0131klamada, Nael&#8217;in \u00f6l\u00fcm\u00fcnden sonra savc\u0131l\u0131\u011f\u0131n iki soru\u015fturma ba\u015flatt\u0131\u011f\u0131n\u0131 belirtti. Prache, olay s\u0131ras\u0131nda g\u00f6revli olan di\u011fer 2 polisin ve arabadaki 1 ki\u015finin de ifadelerine ba\u015fvuruldu\u011funu aktard\u0131. Bu kapsamda g\u00fcvenlik kameras\u0131 ve amat\u00f6r g\u00f6r\u00fcnt\u00fclerin de incelendi\u011fini an\u0131msatan Prache, olay\u0131n faili polisin tutuklu yarg\u0131lanmas\u0131n\u0131 talep ettiklerini kaydetti. \u2022 Gece boyunca belediye [&hellip;]<\/p>\n","protected":false},"author":1,"featured_media":8310,"comment_status":"","ping_status":"","sticky":false,"template":"","format":"standard","meta":[],"categories":[1],"tags":[],"_links":{"self":[{"href":"https:\/\/kraios.app\/news\/wp-json\/wp\/v2\/posts\/8309"}],"collection":[{"href":"https:\/\/kraios.app\/news\/wp-json\/wp\/v2\/posts"}],"about":[{"href":"https:\/\/kraios.app\/news\/wp-json\/wp\/v2\/types\/post"}],"author":[{"embeddable":true,"href":"https:\/\/kraios.app\/news\/wp-json\/wp\/v2\/users\/1"}],"replies":[{"embeddable":true,"href":"https:\/\/kraios.app\/news\/wp-json\/wp\/v2\/comments?post=8309"}],"version-history":[{"count":0,"href":"https:\/\/kraios.app\/news\/wp-json\/wp\/v2\/posts\/8309\/revisions"}],"wp:featuredmedia":[{"embeddable":true,"href":"https:\/\/kraios.app\/news\/wp-json\/wp\/v2\/media\/8310"}],"wp:attachment":[{"href":"https:\/\/kraios.app\/news\/wp-json\/wp\/v2\/media?parent=8309"}],"wp:term":[{"taxonomy":"category","embeddable":true,"href":"https:\/\/kraios.app\/news\/wp-json\/wp\/v2\/categories?post=8309"},{"taxonomy":"post_tag","embeddable":true,"href":"https:\/\/kraios.app\/news\/wp-json\/wp\/v2\/tags?post=8309"}],"curies":[{"name":"wp","href":"https:\/\/api.w.org\/{rel}","templated":true}]}}