{"id":8285,"date":"2023-06-29T07:33:08","date_gmt":"2023-06-29T07:33:08","guid":{"rendered":"https:\/\/kraios.app\/news\/spor\/2023\/06\/29\/formula-1de-siradaki-durak-avusturya\/"},"modified":"2023-06-29T07:33:08","modified_gmt":"2023-06-29T07:33:08","slug":"formula-1de-siradaki-durak-avusturya","status":"publish","type":"post","link":"https:\/\/kraios.app\/news\/spor\/2023\/06\/29\/formula-1de-siradaki-durak-avusturya\/","title":{"rendered":"Formula 1&#039;de s\u0131radaki durak Avusturya"},"content":{"rendered":"<p>Formula 1 D\u00fcnya \u015eampiyonas\u0131&#8217;nda sezonun 10. yar\u0131\u015f\u0131na Avusturya ev sahipli\u011fi yapacak.<\/p>\n","protected":false},"excerpt":{"rendered":"<p>Formula 1 D\u00fcnya \u015eampiyonas\u0131&#8217;nda sezonun 10. yar\u0131\u015f\u0131na Avusturya ev sahipli\u011fi yapacak.<\/p>\n","protected":false},"author":1,"featured_media":8286,"comment_status":"","ping_status":"","sticky":false,"template":"","format":"standard","meta":[],"categories":[48],"tags":[],"_links":{"self":[{"href":"https:\/\/kraios.app\/news\/wp-json\/wp\/v2\/posts\/8285"}],"collection":[{"href":"https:\/\/kraios.app\/news\/wp-json\/wp\/v2\/posts"}],"about":[{"href":"https:\/\/kraios.app\/news\/wp-json\/wp\/v2\/types\/post"}],"author":[{"embeddable":true,"href":"https:\/\/kraios.app\/news\/wp-json\/wp\/v2\/users\/1"}],"replies":[{"embeddable":true,"href":"https:\/\/kraios.app\/news\/wp-json\/wp\/v2\/comments?post=8285"}],"version-history":[{"count":0,"href":"https:\/\/kraios.app\/news\/wp-json\/wp\/v2\/posts\/8285\/revisions"}],"wp:featuredmedia":[{"embeddable":true,"href":"https:\/\/kraios.app\/news\/wp-json\/wp\/v2\/media\/8286"}],"wp:attachment":[{"href":"https:\/\/kraios.app\/news\/wp-json\/wp\/v2\/media?parent=8285"}],"wp:term":[{"taxonomy":"category","embeddable":true,"href":"https:\/\/kraios.app\/news\/wp-json\/wp\/v2\/categories?post=8285"},{"taxonomy":"post_tag","embeddable":true,"href":"https:\/\/kraios.app\/news\/wp-json\/wp\/v2\/tags?post=8285"}],"curies":[{"name":"wp","href":"https:\/\/api.w.org\/{rel}","templated":true}]}}