{"id":8275,"date":"2023-06-29T03:20:04","date_gmt":"2023-06-29T03:20:04","guid":{"rendered":"https:\/\/kraios.app\/news\/spor\/2023\/06\/29\/galatasaray-teknik-direktoru-okan-buruk-bu-sene-cifte-hedefimiz-var\/"},"modified":"2023-06-29T03:20:04","modified_gmt":"2023-06-29T03:20:04","slug":"galatasaray-teknik-direktoru-okan-buruk-bu-sene-cifte-hedefimiz-var","status":"publish","type":"post","link":"https:\/\/kraios.app\/news\/spor\/2023\/06\/29\/galatasaray-teknik-direktoru-okan-buruk-bu-sene-cifte-hedefimiz-var\/","title":{"rendered":"Galatasaray Teknik Direkt\u00f6r\u00fc Okan Buruk: Bu sene \u00e7ifte hedefimiz var"},"content":{"rendered":"<p>Galatasaray Teknik Direkt\u00f6r\u00fc Okan Buruk, gelecek sezon ligde ve Avrupa kupalar\u0131nda hedeflerine ula\u015fmak istediklerini s\u00f6yledi.<\/p>\n","protected":false},"excerpt":{"rendered":"<p>Galatasaray Teknik Direkt\u00f6r\u00fc Okan Buruk, gelecek sezon ligde ve Avrupa kupalar\u0131nda hedeflerine ula\u015fmak istediklerini s\u00f6yledi.<\/p>\n","protected":false},"author":1,"featured_media":8276,"comment_status":"","ping_status":"","sticky":false,"template":"","format":"standard","meta":[],"categories":[48],"tags":[],"_links":{"self":[{"href":"https:\/\/kraios.app\/news\/wp-json\/wp\/v2\/posts\/8275"}],"collection":[{"href":"https:\/\/kraios.app\/news\/wp-json\/wp\/v2\/posts"}],"about":[{"href":"https:\/\/kraios.app\/news\/wp-json\/wp\/v2\/types\/post"}],"author":[{"embeddable":true,"href":"https:\/\/kraios.app\/news\/wp-json\/wp\/v2\/users\/1"}],"replies":[{"embeddable":true,"href":"https:\/\/kraios.app\/news\/wp-json\/wp\/v2\/comments?post=8275"}],"version-history":[{"count":0,"href":"https:\/\/kraios.app\/news\/wp-json\/wp\/v2\/posts\/8275\/revisions"}],"wp:featuredmedia":[{"embeddable":true,"href":"https:\/\/kraios.app\/news\/wp-json\/wp\/v2\/media\/8276"}],"wp:attachment":[{"href":"https:\/\/kraios.app\/news\/wp-json\/wp\/v2\/media?parent=8275"}],"wp:term":[{"taxonomy":"category","embeddable":true,"href":"https:\/\/kraios.app\/news\/wp-json\/wp\/v2\/categories?post=8275"},{"taxonomy":"post_tag","embeddable":true,"href":"https:\/\/kraios.app\/news\/wp-json\/wp\/v2\/tags?post=8275"}],"curies":[{"name":"wp","href":"https:\/\/api.w.org\/{rel}","templated":true}]}}