{"id":8261,"date":"2023-06-28T20:29:21","date_gmt":"2023-06-28T20:29:21","guid":{"rendered":"https:\/\/kraios.app\/news\/gundem\/2023\/06\/28\/polonya-belarusa-yonelen-wagner-nedeniyle-dogu-sinirini-guclendirme-karari-aldi\/"},"modified":"2023-06-28T20:29:21","modified_gmt":"2023-06-28T20:29:21","slug":"polonya-belarusa-yonelen-wagner-nedeniyle-dogu-sinirini-guclendirme-karari-aldi","status":"publish","type":"post","link":"https:\/\/kraios.app\/news\/gundem\/2023\/06\/28\/polonya-belarusa-yonelen-wagner-nedeniyle-dogu-sinirini-guclendirme-karari-aldi\/","title":{"rendered":"Polonya, Belarus&#8217;a y\u00f6nelen Wagner nedeniyle do\u011fu s\u0131n\u0131r\u0131n\u0131 g\u00fc\u00e7lendirme karar\u0131 ald\u0131"},"content":{"rendered":"<p><\/p>\n<div>\n<p>Kaczynski, ak\u015fam saatlerinde ger\u00e7ekle\u015fen g\u00fcvenlik komitesi toplant\u0131s\u0131n\u0131n ard\u0131ndan de\u011ferlendirmelerde bulundu.<\/p>\n<p>Toplant\u0131da \u00f6nemli kararlar al\u0131nd\u0131\u011f\u0131n\u0131 vurgulayan Kaczynski, &#8220;Do\u011fu s\u0131n\u0131r\u0131m\u0131z\u0131n savunmas\u0131n\u0131 g\u00fc\u00e7lendirmek i\u00e7in hem baz\u0131 ge\u00e7ici projeler hem de kal\u0131c\u0131 nitelikte olacak projeler a\u00e7\u0131s\u0131ndan kararlar al\u0131nd\u0131. Bunlar Belarus&#8217;ta potansiyel olarak yeni bir durumun, Wagner Grubu&#8217;nun varl\u0131\u011f\u0131n\u0131n sonucu.&#8221; ifadesini kulland\u0131.<\/p>\n<p>Kaczynski, edindikleri son verilere g\u00f6re Belarus&#8217;ta 8 bin Wagner askeri olabilece\u011finin alt\u0131n\u0131 \u00e7izdi.<\/p>\n<p>Wagner g\u00fc\u00e7lerinin, Belarus&#8217;ta bulunmas\u0131n\u0131n sadece Ukrayna i\u00e7in de\u011fil Litvanya ve Polonya gibi kom\u015fu \u00fclkeler i\u00e7in de tehlike oldu\u011funa i\u015faret eden Kaczynski, &#8220;Wagner grubunun Belarus&#8217;taki varl\u0131\u011f\u0131, hibrid sava\u015f\u0131n yeni bir a\u015famas\u0131 anlam\u0131na gelebilir. Bu a\u015fama, \u015fimdiye kadar u\u011fra\u015ft\u0131\u011f\u0131m\u0131zdan \u00e7ok daha zor bir a\u015famad\u0131r.&#8221; diye konu\u015ftu.<\/p>\n<p>Kaczynski, s\u0131n\u0131r\u0131n g\u00fc\u00e7lendirilmesinin s\u0131n\u0131ra yak\u0131n yerlerde konu\u015flu Polonya g\u00fc\u00e7lerinin takviyesini ve b\u00f6lgede engeller in\u015fa edilmesini i\u00e7erece\u011fini kaydetti.<\/p>\n<h3>Wagner grubunun Rus y\u00f6netimine isyan\u0131<\/h3>\n<p>\u00d6zel g\u00fcvenlik \u015firketi Wagner&#8217;in kurucusu Yevgeniy Prigojin, Rus ordusunu Wagner&#8217;e sald\u0131r\u0131 d\u00fczenlemekle su\u00e7lay\u0131p kar\u015f\u0131l\u0131k vermekle tehdit etmi\u015f, Wagner sava\u015f\u00e7\u0131lar\u0131 Ukrayna&#8217;y\u0131 terk ederek s\u0131n\u0131rdaki Rostov b\u00f6lgesine girmi\u015fti.<\/p>\n<p>Bu durum \u00fczerine Federal G\u00fcvenlik Servisi (FSB), &#8220;silahl\u0131 isyan&#8221; su\u00e7lamas\u0131yla ceza davas\u0131 a\u00e7m\u0131\u015ft\u0131. Rusya Devlet Ba\u015fkan\u0131 Vladimir Putin, Wagner&#8217;in isyan\u0131n\u0131 &#8220;vatana ihanet&#8221; olarak nitelendirmi\u015fti.<\/p>\n<p>Prigojin, Moskova&#8217;ya gideceklerini a\u00e7\u0131klam\u0131\u015f, Kremlin y\u00f6netimi ise \u00fclkenin pek \u00e7ok b\u00f6lgesinde g\u00fcvenlik \u00f6nlemlerini art\u0131rm\u0131\u015ft\u0131.<\/p>\n<p>Yevgeniy Prigojin&#8217;in 24 Haziran&#8217;da, Belarus Cumhurba\u015fkan\u0131 Aleksandr Luka\u015fenko&#8217;nun Rusya&#8217;da gerilimi azaltma \u00f6nerisini kabul etti\u011fi bildirilmi\u015fti. Prigojin, Rus kan\u0131 d\u00f6k\u00fclmesinin sorumlulu\u011funu anlad\u0131klar\u0131n\u0131 ve konvoylar\u0131n\u0131 geri \u00e7evirerek plana g\u00f6re saha kamplar\u0131na geri d\u00f6neceklerini a\u00e7\u0131klam\u0131\u015ft\u0131.<\/p>\n<p>Kremlin, Prigojin&#8217;e y\u00f6nelik a\u00e7\u0131lan ceza davas\u0131n\u0131n kapanaca\u011f\u0131n\u0131 belirterek, &#8220;isyanc\u0131 liderin&#8221; Belarus&#8217;a gidece\u011fini bildirmi\u015fti.<\/p>\n<p>Putin, 26 Haziran&#8217;da televizyon kanallar\u0131ndan halka sesleni\u015f konu\u015fmas\u0131nda, &#8220;Bug\u00fcn, Savunma Bakanl\u0131\u011f\u0131 veya di\u011fer kolluk kuvvetleriyle bir s\u00f6zle\u015fme yaparak Rusya&#8217;ya hizmet etmeye devam etme veya ailenize ve arkada\u015flar\u0131n\u0131za d\u00f6nme f\u0131rsat\u0131na sahipsiniz. \u0130steyen Belarus\u2019a gidebilir.&#8221; ifadelerini kullanm\u0131\u015ft\u0131.<\/p>\n<p>                            <span class=\"detay-foto-editor\">&#13;<br \/>\n                                <a href=\"https:\/\/www.aa.com.tr\/tr\/p\/abonelik-talep-formu\/1001\" target=\"_blank\" style=\"font-size:12px; color:#444; text-decoration:none;\" rel=\"noopener\">&#13;<br \/>\n                                    Anadolu Ajans\u0131 web sitesinde, AA Haber Ak\u0131\u015f Sistemi (HAS) \u00fczerinden abonelere sunulan haberler, \u00f6zetlenerek yay\u0131mlanmaktad\u0131r. <b style=\"color:#1897F7\">Abonelik i\u00e7in l\u00fctfen ileti\u015fime ge\u00e7iniz.<\/b>&#13;<br \/>\n                                <\/a>&#13;<br \/>\n                            <\/span>\n                        <\/div>\n<p><script>\n\t  window.fbAsyncInit = function() {\n\t\tFB.init({\n\t\t  appId: '1855843514662870',\n\t\t  status : true, \/\/ check login status\n\t\t  cookie : true, \/\/ enable cookies to allow the server to access the session\n\t\t  xfbml  : true  \/\/ parse XFBML\n\t\t});\n\t  };<\/p>\n<p>\t  (function() {\n\t\tvar e = document.createElement('script');\n\t\te.src=\"https:\/\/connect.facebook.net\/tr_TR\/all.js\";\n\t\te.async = true;\n\t\tdocument.getElementById('fb-root').appendChild(e);\n\t  }());\n    <\/script><\/p>\n","protected":false},"excerpt":{"rendered":"<p>Kaczynski, ak\u015fam saatlerinde ger\u00e7ekle\u015fen g\u00fcvenlik komitesi toplant\u0131s\u0131n\u0131n ard\u0131ndan de\u011ferlendirmelerde bulundu. Toplant\u0131da \u00f6nemli kararlar al\u0131nd\u0131\u011f\u0131n\u0131 vurgulayan Kaczynski, &#8220;Do\u011fu s\u0131n\u0131r\u0131m\u0131z\u0131n savunmas\u0131n\u0131 g\u00fc\u00e7lendirmek i\u00e7in hem baz\u0131 ge\u00e7ici projeler hem de kal\u0131c\u0131 nitelikte olacak projeler a\u00e7\u0131s\u0131ndan kararlar al\u0131nd\u0131. Bunlar Belarus&#8217;ta potansiyel olarak yeni bir durumun, Wagner Grubu&#8217;nun varl\u0131\u011f\u0131n\u0131n sonucu.&#8221; ifadesini kulland\u0131. Kaczynski, edindikleri son verilere g\u00f6re Belarus&#8217;ta 8 bin [&hellip;]<\/p>\n","protected":false},"author":1,"featured_media":8262,"comment_status":"","ping_status":"","sticky":false,"template":"","format":"standard","meta":[],"categories":[1],"tags":[],"_links":{"self":[{"href":"https:\/\/kraios.app\/news\/wp-json\/wp\/v2\/posts\/8261"}],"collection":[{"href":"https:\/\/kraios.app\/news\/wp-json\/wp\/v2\/posts"}],"about":[{"href":"https:\/\/kraios.app\/news\/wp-json\/wp\/v2\/types\/post"}],"author":[{"embeddable":true,"href":"https:\/\/kraios.app\/news\/wp-json\/wp\/v2\/users\/1"}],"replies":[{"embeddable":true,"href":"https:\/\/kraios.app\/news\/wp-json\/wp\/v2\/comments?post=8261"}],"version-history":[{"count":0,"href":"https:\/\/kraios.app\/news\/wp-json\/wp\/v2\/posts\/8261\/revisions"}],"wp:featuredmedia":[{"embeddable":true,"href":"https:\/\/kraios.app\/news\/wp-json\/wp\/v2\/media\/8262"}],"wp:attachment":[{"href":"https:\/\/kraios.app\/news\/wp-json\/wp\/v2\/media?parent=8261"}],"wp:term":[{"taxonomy":"category","embeddable":true,"href":"https:\/\/kraios.app\/news\/wp-json\/wp\/v2\/categories?post=8261"},{"taxonomy":"post_tag","embeddable":true,"href":"https:\/\/kraios.app\/news\/wp-json\/wp\/v2\/tags?post=8261"}],"curies":[{"name":"wp","href":"https:\/\/api.w.org\/{rel}","templated":true}]}}