{"id":8255,"date":"2023-06-28T18:38:57","date_gmt":"2023-06-28T18:38:57","guid":{"rendered":"https:\/\/kraios.app\/news\/spor\/2023\/06\/28\/trabzonspor-hirvat-futbolcu-mislav-orsic-ile-transfer-gorusmelerine-basladi\/"},"modified":"2023-06-28T18:38:57","modified_gmt":"2023-06-28T18:38:57","slug":"trabzonspor-hirvat-futbolcu-mislav-orsic-ile-transfer-gorusmelerine-basladi","status":"publish","type":"post","link":"https:\/\/kraios.app\/news\/spor\/2023\/06\/28\/trabzonspor-hirvat-futbolcu-mislav-orsic-ile-transfer-gorusmelerine-basladi\/","title":{"rendered":"Trabzonspor, H\u0131rvat futbolcu Mislav Orsic ile transfer g\u00f6r\u00fc\u015fmelerine ba\u015flad\u0131"},"content":{"rendered":"<p>Trabzonspor Kul\u00fcb\u00fc, H\u0131rvat futbolcu Mislav Orsic ile transfer konusunda g\u00f6r\u00fc\u015fmelere ba\u015fland\u0131\u011f\u0131n\u0131 duyurdu.<\/p>\n","protected":false},"excerpt":{"rendered":"<p>Trabzonspor Kul\u00fcb\u00fc, H\u0131rvat futbolcu Mislav Orsic ile transfer konusunda g\u00f6r\u00fc\u015fmelere ba\u015fland\u0131\u011f\u0131n\u0131 duyurdu.<\/p>\n","protected":false},"author":1,"featured_media":8256,"comment_status":"","ping_status":"","sticky":false,"template":"","format":"standard","meta":[],"categories":[48],"tags":[],"_links":{"self":[{"href":"https:\/\/kraios.app\/news\/wp-json\/wp\/v2\/posts\/8255"}],"collection":[{"href":"https:\/\/kraios.app\/news\/wp-json\/wp\/v2\/posts"}],"about":[{"href":"https:\/\/kraios.app\/news\/wp-json\/wp\/v2\/types\/post"}],"author":[{"embeddable":true,"href":"https:\/\/kraios.app\/news\/wp-json\/wp\/v2\/users\/1"}],"replies":[{"embeddable":true,"href":"https:\/\/kraios.app\/news\/wp-json\/wp\/v2\/comments?post=8255"}],"version-history":[{"count":0,"href":"https:\/\/kraios.app\/news\/wp-json\/wp\/v2\/posts\/8255\/revisions"}],"wp:featuredmedia":[{"embeddable":true,"href":"https:\/\/kraios.app\/news\/wp-json\/wp\/v2\/media\/8256"}],"wp:attachment":[{"href":"https:\/\/kraios.app\/news\/wp-json\/wp\/v2\/media?parent=8255"}],"wp:term":[{"taxonomy":"category","embeddable":true,"href":"https:\/\/kraios.app\/news\/wp-json\/wp\/v2\/categories?post=8255"},{"taxonomy":"post_tag","embeddable":true,"href":"https:\/\/kraios.app\/news\/wp-json\/wp\/v2\/tags?post=8255"}],"curies":[{"name":"wp","href":"https:\/\/api.w.org\/{rel}","templated":true}]}}