{"id":8249,"date":"2023-06-28T17:20:07","date_gmt":"2023-06-28T17:20:07","guid":{"rendered":"https:\/\/kraios.app\/news\/gundem\/2023\/06\/28\/new-york-bolge-savciligindan-turkevine-saldiran-saniga-yeni-suclamalar-yoneltildi\/"},"modified":"2023-06-28T17:20:07","modified_gmt":"2023-06-28T17:20:07","slug":"new-york-bolge-savciligindan-turkevine-saldiran-saniga-yeni-suclamalar-yoneltildi","status":"publish","type":"post","link":"https:\/\/kraios.app\/news\/gundem\/2023\/06\/28\/new-york-bolge-savciligindan-turkevine-saldiran-saniga-yeni-suclamalar-yoneltildi\/","title":{"rendered":"New York b\u00f6lge savc\u0131l\u0131\u011f\u0131ndan T\u00fcrkevi&#8217;ne sald\u0131ran san\u0131\u011fa yeni su\u00e7lamalar y\u00f6neltildi"},"content":{"rendered":"<p><\/p>\n<p>New York G\u00fcney B\u00f6lgesi ABD Savc\u0131l\u0131\u011f\u0131ndan yap\u0131lan yaz\u0131l\u0131 a\u00e7\u0131klamada, 29 ya\u015f\u0131ndaki Akb\u0131y\u0131k\u2019\u0131n \u201cyabanc\u0131 bir h\u00fck\u00fcmetin bulundu\u011fu m\u00fclke zarar vermekle\u201d su\u00e7land\u0131\u011f\u0131 bildirildi.<\/p>\n<p>Akb\u0131y\u0131k\u2019\u0131n metal bir aletle T\u00fcrkiye Ba\u015fkonsoloslu\u011funa ait 10 cam ve 2 kap\u0131ya zarar verdi\u011fi, kendisine m\u00fcdahale eden 2 g\u00fcvenlik g\u00f6revlisine de sald\u0131rd\u0131\u011f\u0131 aktar\u0131larak, yarg\u0131lanmas\u0131 sonucunda su\u00e7lu bulunmas\u0131 halinde 5 y\u0131la kadar hapis cezas\u0131 alabilece\u011fi kaydedildi.<\/p>\n<div>\n<p>ABD&#8217;nin New York G\u00fcney B\u00f6lgesi Ba\u015fsavc\u0131s\u0131 Damian Williams, yapt\u0131\u011f\u0131 a\u00e7\u0131klamada, \u201cBu su\u00e7lamalar\u0131n a\u00e7\u0131k\u00e7a ortaya koydu\u011fu gibi, ABD&#8217;deki diplomatik tesislere veya \u00e7al\u0131\u015fanlar\u0131na sald\u0131ran ki\u015filer, eylemlerinden sorumlu tutulacakt\u0131r.&#8221; ifadesini kulland\u0131.<\/p>\n<p>\u200b\u200b\u200b\u200b\u200b\u200b\u200bT\u00fcrkevi&#8217;nde T\u00fcrkiye&#8217;nin BM Daimi Temsilcili\u011fi ile New York Ba\u015fkonsoloslu\u011fu bulunuyor.<\/p>\n<p>BM binas\u0131n\u0131n tam kar\u015f\u0131s\u0131ndaki T\u00fcrkevi&#8217;nin oldu\u011fu b\u00f6lgede, ABD dahil bir\u00e7ok \u00fclkenin daimi temsilcili\u011fi ve ba\u015fkonsoloslu\u011fu da yer al\u0131yor.<\/p>\n<h3>Sald\u0131rgan, T\u00fcrkevi&#8217;nin kap\u0131lar\u0131 ile camlar\u0131na zarar vermi\u015fti<\/h3>\n<p>T\u00fcrkiye&#8217;nin New York Ba\u015fkonsolosu Reyhan \u00d6zg\u00fcr, 22 May\u0131s&#8217;ta yerel saatle 03.14&#8217;te, kimli\u011fi bilinmeyen bir ki\u015finin T\u00fcrkevi&#8217;nin 46. Sokak&#8217;taki cephesine yakla\u015farak elinde bulunan demir levyeyle konsolosluk camlar\u0131na ve giri\u015f kap\u0131lar\u0131na zarar verdi\u011fini bildirmi\u015fti.<\/p>\n<p><img decoding=\"async\" alt=\"\" src=\"https:\/\/www.aa.com.tr\/uploads\/userFiles\/de89f914-66b1-4a0b-9347-13c0eafe70cc\/2023%2F06%2Fthumbs_b_c_039e6a74545a8529ea57a6819c7213cc.jpeg\"\/><\/p>\n<p>Sald\u0131r\u0131 sonucu konsolosluk kap\u0131s\u0131n\u0131n 2 cam\u0131 ve 10 cephe cam\u0131 olmak \u00fczere toplam 12 cam\u0131n\u0131n hasar g\u00f6rd\u00fc\u011f\u00fcn\u00fc belirten \u00d6zg\u00fcr, &#8220;Olay NYPD&#8217;ye an\u0131nda haber verilmi\u015f ve polis ekibinin, olay mahalline gelmesi sa\u011flanm\u0131\u015ft\u0131r. Kimli\u011fi belirsiz fail, sald\u0131r\u0131da kulland\u0131\u011f\u0131 demir levyeyi arkas\u0131nda b\u0131rakarak uzakla\u015fm\u0131\u015ft\u0131r. Failin belirlenerek yakalanmas\u0131n\u0131n beklendi\u011fini yerel makamlara aktard\u0131k.&#8221; ifadelerini kullanm\u0131\u015ft\u0131.<\/p>\n<p>T\u00fcrk makamlar\u0131, sald\u0131rgan\u0131n ge\u00e7en y\u0131l \u00e7\u0131k\u0131\u015f yapt\u0131\u011f\u0131 T\u00fcrkiye&#8217;de &#8220;yaralama, tehdit ve uyu\u015fturucu bulundurma&#8221; nedeniyle adl\u0131 sicil kayd\u0131 bulunan Giresun n\u00fcfusuna kay\u0131tl\u0131 Recep Akb\u0131y\u0131k oldu\u011funu tespit etmi\u015f ve bilgileri, NYPD&#8217;ye iletmi\u015fti.<\/p>\n<h3>Olaydan 4 g\u00fcn sonra yakalanm\u0131\u015ft\u0131<\/h3>\n<p>New York Polis Te\u015fkilat\u0131ndan (NYPD) yap\u0131lan yaz\u0131l\u0131 a\u00e7\u0131klamada, zanl\u0131n\u0131n 26 May\u0131s&#8217;ta yerel saatle 10.15&#8217;te g\u00f6zalt\u0131na al\u0131nd\u0131\u011f\u0131 belirtilmi\u015fti.<\/p>\n<p>A\u00e7\u0131klamada, 29 ya\u015f\u0131ndaki Recep Akb\u0131y\u0131k&#8217;a &#8220;soygun te\u015febb\u00fcs\u00fc, ter\u00f6r su\u00e7u ve su\u00e7 i\u00e7in silah bulundurma, ter\u00f6r tehdidinde bulunma, cezai hasar ve tehdit etme&#8221; su\u00e7lar\u0131n\u0131n y\u00f6neltildi\u011fi aktar\u0131lm\u0131\u015ft\u0131.<\/p>\n<h3>&#8220;Denetimli serbestlik&#8221; karar\u0131 verilmi\u015fti<\/h3>\n<p>New York Ceza Mahkemesinde hakim kar\u015f\u0131s\u0131na \u00e7\u0131kan Akb\u0131y\u0131k hakk\u0131nda 28 May\u0131s&#8217;ta &#8220;denetimli serbestlik karar\u0131&#8221; verilmi\u015fti.<\/p>\n<p>Akb\u0131y\u0131k&#8217;\u0131n, T\u00fcrkevi ve yak\u0131n\u0131na herhangi bir \u015fekilde yakla\u015fmas\u0131 yasaklan\u0131rken mahkeme taraf\u0131ndan bir sonraki duru\u015fma tarihi 25 Temmuz olarak belirlenmi\u015fti.<\/p>\n<p>Akb\u0131y\u0131k, mahkemenin ard\u0131ndan kolluk g\u00fc\u00e7leri nezaretinde akl\u0131 dengesinin yerinde olup olmad\u0131\u011f\u0131n\u0131n tespiti i\u00e7in New York Bellevue Hastanesi Ruh ve Sinir Hastal\u0131klar\u0131 b\u00f6l\u00fcm\u00fcne sevk edilmi\u015fti.<\/p>\n<p>Akb\u0131y\u0131k\u2019a burada, \u015fizofreni te\u015fhisi konuldu\u011fu ve ila\u00e7la tedavisine ba\u015fland\u0131\u011f\u0131 bildirilmi\u015fti.<\/p>\n<p>\u0130la\u00e7 tedavisinden sonra mahkemenin verdi\u011fi &#8220;denetimli serbestlik&#8221; karar\u0131 uyar\u0131nca san\u0131k hastaneden taburcu edilmi\u015fti.<\/p>\n<\/div>\n<p><script>\n\t  window.fbAsyncInit = function() {\n\t\tFB.init({\n\t\t  appId: '1855843514662870',\n\t\t  status : true, \/\/ check login status\n\t\t  cookie : true, \/\/ enable cookies to allow the server to access the session\n\t\t  xfbml  : true  \/\/ parse XFBML\n\t\t});\n\t  };<\/p>\n<p>\t  (function() {\n\t\tvar e = document.createElement('script');\n\t\te.src=\"https:\/\/connect.facebook.net\/tr_TR\/all.js\";\n\t\te.async = true;\n\t\tdocument.getElementById('fb-root').appendChild(e);\n\t  }());\n    <\/script><\/p>\n","protected":false},"excerpt":{"rendered":"<p>New York G\u00fcney B\u00f6lgesi ABD Savc\u0131l\u0131\u011f\u0131ndan yap\u0131lan yaz\u0131l\u0131 a\u00e7\u0131klamada, 29 ya\u015f\u0131ndaki Akb\u0131y\u0131k\u2019\u0131n \u201cyabanc\u0131 bir h\u00fck\u00fcmetin bulundu\u011fu m\u00fclke zarar vermekle\u201d su\u00e7land\u0131\u011f\u0131 bildirildi. Akb\u0131y\u0131k\u2019\u0131n metal bir aletle T\u00fcrkiye Ba\u015fkonsoloslu\u011funa ait 10 cam ve 2 kap\u0131ya zarar verdi\u011fi, kendisine m\u00fcdahale eden 2 g\u00fcvenlik g\u00f6revlisine de sald\u0131rd\u0131\u011f\u0131 aktar\u0131larak, yarg\u0131lanmas\u0131 sonucunda su\u00e7lu bulunmas\u0131 halinde 5 y\u0131la kadar hapis cezas\u0131 alabilece\u011fi [&hellip;]<\/p>\n","protected":false},"author":1,"featured_media":8250,"comment_status":"","ping_status":"","sticky":false,"template":"","format":"standard","meta":[],"categories":[1],"tags":[],"_links":{"self":[{"href":"https:\/\/kraios.app\/news\/wp-json\/wp\/v2\/posts\/8249"}],"collection":[{"href":"https:\/\/kraios.app\/news\/wp-json\/wp\/v2\/posts"}],"about":[{"href":"https:\/\/kraios.app\/news\/wp-json\/wp\/v2\/types\/post"}],"author":[{"embeddable":true,"href":"https:\/\/kraios.app\/news\/wp-json\/wp\/v2\/users\/1"}],"replies":[{"embeddable":true,"href":"https:\/\/kraios.app\/news\/wp-json\/wp\/v2\/comments?post=8249"}],"version-history":[{"count":0,"href":"https:\/\/kraios.app\/news\/wp-json\/wp\/v2\/posts\/8249\/revisions"}],"wp:featuredmedia":[{"embeddable":true,"href":"https:\/\/kraios.app\/news\/wp-json\/wp\/v2\/media\/8250"}],"wp:attachment":[{"href":"https:\/\/kraios.app\/news\/wp-json\/wp\/v2\/media?parent=8249"}],"wp:term":[{"taxonomy":"category","embeddable":true,"href":"https:\/\/kraios.app\/news\/wp-json\/wp\/v2\/categories?post=8249"},{"taxonomy":"post_tag","embeddable":true,"href":"https:\/\/kraios.app\/news\/wp-json\/wp\/v2\/tags?post=8249"}],"curies":[{"name":"wp","href":"https:\/\/api.w.org\/{rel}","templated":true}]}}