{"id":8245,"date":"2023-06-28T15:39:04","date_gmt":"2023-06-28T15:39:04","guid":{"rendered":"https:\/\/kraios.app\/news\/ekonomi\/2023\/06\/28\/zigana-tuneli-15-ayda-251-bin-100-araca-hizmet-verdi\/"},"modified":"2023-06-28T15:39:04","modified_gmt":"2023-06-28T15:39:04","slug":"zigana-tuneli-15-ayda-251-bin-100-araca-hizmet-verdi","status":"publish","type":"post","link":"https:\/\/kraios.app\/news\/ekonomi\/2023\/06\/28\/zigana-tuneli-15-ayda-251-bin-100-araca-hizmet-verdi\/","title":{"rendered":"Zigana T\u00fcneli 1,5 ayda 251 bin 100 araca hizmet verdi"},"content":{"rendered":"<p> <br \/>\n<\/p>\n<div>\n<p>Uralo\u011flu, yapt\u0131\u011f\u0131 yaz\u0131l\u0131 a\u00e7\u0131klamada, 3 May\u0131s 2023 tarihinde hizmete a\u00e7\u0131lan Zigana T\u00fcneli&#8217;nin Avrupa&#8217;n\u0131n en uzun, d\u00fcnyan\u0131n ise 3&#8217;\u00fcnc\u00fc en uzun \u00e7ift t\u00fcpl\u00fc kara yolu t\u00fcneli oldu\u011funu belirtti.<\/p>\n<p>T\u00fcnel ile limana, turizm ve sanayi merkezlerine sorunsuz trafik ak\u0131\u015f\u0131n\u0131n sa\u011fland\u0131\u011f\u0131na i\u015faret eden Uralo\u011flu, &#8220;T\u00fcnel, yurt i\u00e7i kara yolu ula\u015f\u0131m\u0131 ile uluslararas\u0131 ticaretin daha h\u0131zl\u0131 ve g\u00fcvenilir yap\u0131lmas\u0131na katk\u0131da bulunuyor. T\u00fcnelimiz 1,5 ayda 251 bin 100 araca hizmet verdi.&#8221; ifadelerini kulland\u0131.<\/p>\n<p><img decoding=\"async\" alt=\"\" src=\"https:\/\/www.aa.com.tr\/uploads\/userFiles\/de89f914-66b1-4a0b-9347-13c0eafe70cc\/2023%2F06%2FWhatsApp-Image-2023-06-28-at-13.07.05.jpeg\"\/><\/p>\n<p>Zigana T\u00fcneli&#8217;nin, Do\u011fu Karadeniz&#8217;in en \u00f6nemli merkezi konumundaki Trabzon&#8217;u G\u00fcm\u00fc\u015fhane \u00fczerinden Bayburt, A\u015fkale ve Erzurum&#8217;a ba\u011flad\u0131\u011f\u0131n\u0131 ve y\u00fcksek yo\u011funlukta trafik y\u00fck\u00fc ta\u015f\u0131yan g\u00fczergahta in\u015fa edildi\u011fini belirten Uralo\u011flu, t\u00fcnelle ilgili \u015fu bilgileri verdi:<\/p>\n<p>&#8220;Zigana T\u00fcneli ve ba\u011flant\u0131 yollar\u0131n\u0131n yap\u0131m\u0131, tasar\u0131m\u0131 ve kontrol\u00fcnde y\u00fczde 100 yerli ve milli kaynaklar kullan\u0131lm\u0131\u015f ve proje T\u00fcrk m\u00fchendisleri ve i\u015f\u00e7ileri taraf\u0131ndan in\u015fa edilmi\u015ftir. T\u00fcnelin hizmete a\u00e7\u0131lmas\u0131yla birlikte k\u0131\u015f \u015fartlar\u0131nda kesintiye u\u011frayan trafi\u011fin kesintisiz ve konforlu ak\u0131\u015f\u0131 tesis edildi. B\u00f6ylece zamandan 57 milyon lira, akaryak\u0131ttan 133 milyon lira olmak \u00fczere y\u0131ll\u0131k toplam 190 milyon lira tasarruf sa\u011flam\u0131\u015f oluyoruz.&#8221;<\/p>\n<h3>Mevcut devlet yolu 2&#215;2 \u015feritli b\u00f6l\u00fcnm\u00fc\u015f yol haline getirildi<\/h3>\n<p>T\u00fcnel ile 12 metre geni\u015fli\u011findeki mevcut devlet yolu 2&#215;2 \u015feritli b\u00f6l\u00fcnm\u00fc\u015f yol haline getirildi. Proje ile mevcut g\u00fczergah \u00fczerinde bulunan 90 viraj ortadan kald\u0131r\u0131ld\u0131. E\u011fim y\u00fczde 7,7&#8217;den y\u00fczde 3,3&#8217;e d\u00fc\u015f\u00fcr\u00fclerek yolun geometrisi iyile\u015ftirildi.<\/p>\n<p><img decoding=\"async\" alt=\"\" src=\"https:\/\/www.aa.com.tr\/uploads\/userFiles\/de89f914-66b1-4a0b-9347-13c0eafe70cc\/2023%2F06%2FWhatsApp-Image-2023-06-28-at-13.07.05-1-.jpeg\"\/><\/p>\n<p>G\u00fczergah 8 kilometre k\u0131salt\u0131l\u0131rken, seyahat s\u00fcresi otomobiller i\u00e7in 10 dakika, a\u011f\u0131r tonajl\u0131 ara\u00e7lar i\u00e7in 60 dakika olmak \u00fczere ortalama 20 dakika indirildi. Karbon sal\u0131m\u0131 ise 16 bin 598 ton azalt\u0131ld\u0131.<\/p>\n<p>S\u00fcr\u00fcc\u00fclere daha g\u00fcvenli ve konforlu bir ula\u015f\u0131m imkan\u0131 sa\u011flayan projeyle mevcut Trabzon-G\u00fcm\u00fc\u015fhane hatt\u0131ndaki keskin viraj, rampa, dik yama\u00e7lardan ta\u015f d\u00fc\u015fmesi gibi riskler ortadan kald\u0131r\u0131ld\u0131.<\/p>\n<p>                            <span class=\"detay-foto-editor\">&#13;<br \/>\n                                <a href=\"https:\/\/www.aa.com.tr\/tr\/p\/abonelik-talep-formu\/1001\" target=\"_blank\" style=\"font-size:12px; color:#444; text-decoration:none;\" rel=\"noopener\">&#13;<br \/>\n                                    Anadolu Ajans\u0131 web sitesinde, AA Haber Ak\u0131\u015f Sistemi (HAS) \u00fczerinden abonelere sunulan haberler, \u00f6zetlenerek yay\u0131mlanmaktad\u0131r. <b style=\"color:#1897F7\">Abonelik i\u00e7in l\u00fctfen ileti\u015fime ge\u00e7iniz.<\/b>&#13;<br \/>\n                                <\/a>&#13;<br \/>\n                            <\/span>\n                        <\/div>\n<p><script>\n\t  window.fbAsyncInit = function() {\n\t\tFB.init({\n\t\t  appId: '1855843514662870',\n\t\t  status : true, \/\/ check login status\n\t\t  cookie : true, \/\/ enable cookies to allow the server to access the session\n\t\t  xfbml  : true  \/\/ parse XFBML\n\t\t});\n\t  };<\/p>\n<p>\t  (function() {\n\t\tvar e = document.createElement('script');\n\t\te.src=\"https:\/\/connect.facebook.net\/tr_TR\/all.js\";\n\t\te.async = true;\n\t\tdocument.getElementById('fb-root').appendChild(e);\n\t  }());\n    <\/script><br \/>\n<br \/><br \/>\n<br \/><a href=\"https:\/\/www.aa.com.tr\/tr\/ekonomi\/zigana-tuneli-1-5-ayda-251-bin-100-araca-hizmet-verdi\/2932955\">Source link <\/a><\/p>\n","protected":false},"excerpt":{"rendered":"<p>Uralo\u011flu, yapt\u0131\u011f\u0131 yaz\u0131l\u0131 a\u00e7\u0131klamada, 3 May\u0131s 2023 tarihinde hizmete a\u00e7\u0131lan Zigana T\u00fcneli&#8217;nin Avrupa&#8217;n\u0131n en uzun, d\u00fcnyan\u0131n ise 3&#8217;\u00fcnc\u00fc en uzun \u00e7ift t\u00fcpl\u00fc kara yolu t\u00fcneli oldu\u011funu belirtti. T\u00fcnel ile limana, turizm ve sanayi merkezlerine sorunsuz trafik ak\u0131\u015f\u0131n\u0131n sa\u011fland\u0131\u011f\u0131na i\u015faret eden Uralo\u011flu, &#8220;T\u00fcnel, yurt i\u00e7i kara yolu ula\u015f\u0131m\u0131 ile uluslararas\u0131 ticaretin daha h\u0131zl\u0131 ve g\u00fcvenilir yap\u0131lmas\u0131na [&hellip;]<\/p>\n","protected":false},"author":1,"featured_media":8246,"comment_status":"","ping_status":"","sticky":false,"template":"","format":"standard","meta":[],"categories":[44],"tags":[],"_links":{"self":[{"href":"https:\/\/kraios.app\/news\/wp-json\/wp\/v2\/posts\/8245"}],"collection":[{"href":"https:\/\/kraios.app\/news\/wp-json\/wp\/v2\/posts"}],"about":[{"href":"https:\/\/kraios.app\/news\/wp-json\/wp\/v2\/types\/post"}],"author":[{"embeddable":true,"href":"https:\/\/kraios.app\/news\/wp-json\/wp\/v2\/users\/1"}],"replies":[{"embeddable":true,"href":"https:\/\/kraios.app\/news\/wp-json\/wp\/v2\/comments?post=8245"}],"version-history":[{"count":0,"href":"https:\/\/kraios.app\/news\/wp-json\/wp\/v2\/posts\/8245\/revisions"}],"wp:featuredmedia":[{"embeddable":true,"href":"https:\/\/kraios.app\/news\/wp-json\/wp\/v2\/media\/8246"}],"wp:attachment":[{"href":"https:\/\/kraios.app\/news\/wp-json\/wp\/v2\/media?parent=8245"}],"wp:term":[{"taxonomy":"category","embeddable":true,"href":"https:\/\/kraios.app\/news\/wp-json\/wp\/v2\/categories?post=8245"},{"taxonomy":"post_tag","embeddable":true,"href":"https:\/\/kraios.app\/news\/wp-json\/wp\/v2\/tags?post=8245"}],"curies":[{"name":"wp","href":"https:\/\/api.w.org\/{rel}","templated":true}]}}