{"id":8231,"date":"2023-06-28T09:20:05","date_gmt":"2023-06-28T09:20:05","guid":{"rendered":"https:\/\/kraios.app\/news\/spor\/2023\/06\/28\/bingollu-kiz-hentbolcular-milli-takima-secilmek-icin-mucadele-edecek\/"},"modified":"2023-06-28T09:20:05","modified_gmt":"2023-06-28T09:20:05","slug":"bingollu-kiz-hentbolcular-milli-takima-secilmek-icin-mucadele-edecek","status":"publish","type":"post","link":"https:\/\/kraios.app\/news\/spor\/2023\/06\/28\/bingollu-kiz-hentbolcular-milli-takima-secilmek-icin-mucadele-edecek\/","title":{"rendered":"Bing\u00f6ll\u00fc k\u0131z hentbolcular milli tak\u0131ma se\u00e7ilmek i\u00e7in m\u00fccadele edecek"},"content":{"rendered":"<p><\/p>\n<div>\n<p>Bing\u00f6l Gen\u00e7lik ve Spor \u0130l M\u00fcd\u00fcrl\u00fc\u011f\u00fc koordinesinde yakla\u015f\u0131k 4 y\u0131l \u00f6nce hentbola y\u00f6nelen k\u0131z sporcular, ge\u00e7en y\u0131l 18 tak\u0131m i\u00e7erisinde T\u00fcrkiye ikincisi olmay\u0131 ba\u015fard\u0131.<\/p>\n<p>M\u00fcsabakalarda g\u00f6sterdikleri performansla 6 k\u0131z sporcu, Ankara&#8217;da yap\u0131lacak 15 Ya\u015f Alt\u0131 Milli Tak\u0131m\u0131&#8217;n\u0131n se\u00e7melerine dahil edildi.<\/p>\n<p>Bing\u00f6ll\u00fc sporcular, se\u00e7meleri ge\u00e7erek y\u0131llard\u0131r hayalini kurduklar\u0131 ay-y\u0131ld\u0131zl\u0131 formay\u0131 terletmek istiyor.<\/p>\n<h3>Ko\u00e7inka\u011f: &#8220;\u0130limizden \u00e7ok iyi sporcular yeti\u015fecektir&#8221;<\/h3>\n<p>Bing\u00f6l Gen\u00e7lik ve Spor \u0130l M\u00fcd\u00fcr Vekili Z\u00fclk\u00fcf Ko\u00e7inka\u011f, AA muhabirine, maddi ve manevi b\u00fct\u00fcn imkanlar\u0131 seferber ederek sporcular\u0131n yeti\u015fmesi i\u00e7in \u00e7aba g\u00f6sterdiklerini s\u00f6yledi.<\/p>\n<p>Kentteki b\u00fct\u00fcn tesislerin 24 saat esas\u0131na g\u00f6re hizmet verdi\u011fini aktaran Ko\u00e7inka\u011f, hentbolun son y\u0131llarda kentte geli\u015fen bir dal oldu\u011funu belirtti.<\/p>\n<p>Hentbola y\u00f6nelen k\u0131zlara gerekli deste\u011fi sa\u011flad\u0131klar\u0131n\u0131 ifade eden Ko\u00e7inka\u011f, 6 sporcunun milli tak\u0131m se\u00e7melerine \u00e7a\u011fr\u0131lmas\u0131n\u0131n mutluluk ve onur verici bir durum oldu\u011funu kaydetti.<\/p>\n<p>Hentbol antren\u00f6r\u00fc Emrullah Kaya&#8217;n\u0131n bu konuda b\u00fcy\u00fck \u00e7aba g\u00f6sterdi\u011fini anlatan Ko\u00e7inka\u011f, &#8220;Emrullah Kaya, ayn\u0131 zamanda milli tak\u0131m teknik ekibine se\u00e7ildi. \u0130n\u015fallah Ankara&#8217;daki kampta milli tak\u0131mda yer almak i\u00e7in m\u00fccadele edecekler. Sporcular\u0131m\u0131z\u0131n, halk\u0131m\u0131z\u0131n hizmetinde olmaya devam edece\u011fiz. \u0130limizden \u00e7ok iyi sporcular yeti\u015fecektir. Buna y\u00fcrekten inan\u0131yorum.&#8221; ifadelerini kulland\u0131.<\/p>\n<h3>Kaya: &#8220;Uzun u\u011fra\u015flarla milli tak\u0131m se\u00e7melerinde yer al\u0131yorlar&#8221;<\/h3>\n<p>T\u00fcrkiye Hentbol Federasyonu \u0130l Temsilcisi ve antren\u00f6r Emrullah Kaya, sporcular\u0131n\u0131 her zaman milli tak\u0131m seviyesine getirmek i\u00e7in \u00e7abalad\u0131\u011f\u0131n\u0131 aktard\u0131.<\/p>\n<p>Hentbolda k\u0131z tak\u0131m\u0131n\u0131 ilk kez olu\u015fturduklar\u0131n\u0131 belirten Kaya, \u015f\u00f6yle devam etti:<\/p>\n<p>&#8220;\u00c7ocuklar\u0131m\u0131z\u0131n \u00f6n\u00fcnde rol model alabilecekleri sporcular olmad\u0131\u011f\u0131 i\u00e7in Bing\u00f6l&#8217;de o tabuyu k\u0131rabilmek ger\u00e7ekten \u00e7ok zordu. Uzun u\u011fra\u015flarla 15 Ya\u015f Alt\u0131 Milli Tak\u0131m\u0131 se\u00e7melerinde yer al\u0131yorlar. Milli tak\u0131m\u0131 besleyecek sporcular\u0131m\u0131z\u0131n oldu\u011funu d\u00fc\u015f\u00fcn\u00fcyorum. \u0130n\u015fallah se\u00e7melerde \u00fcstlerine d\u00fc\u015feni lay\u0131k\u0131yla yerine getirip, ay-y\u0131ld\u0131zl\u0131 formay\u0131 giyecekler. Bu \u00e7ocuklar\u0131n ileri seviyeye gelmeleri, milli tak\u0131mda daha iyi i\u015fler \u00e7\u0131karmalar\u0131, S\u00fcper Lig&#8217;de boy g\u00f6stermeleri ad\u0131na kul\u00fcple\u015fmeleri gerekiyor. Bu \u00e7ocuklar\u0131n kul\u00fcple\u015fmesi i\u00e7in b\u00fcy\u00fcklerimizden ve i\u015f insanlar\u0131m\u0131zdan destek bekliyoruz.&#8221;<\/p>\n<p>Milli tak\u0131m se\u00e7melerinde yer alacak sporculardan 15 ya\u015f\u0131ndaki Serap Bo\u011fatekin, &#8220;Uzun s\u00fcredir bu an\u0131 bekliyorduk. \u0130n\u015fallah emeklerimizin kar\u015f\u0131l\u0131\u011f\u0131n\u0131 alabilir ve milli tak\u0131ma se\u00e7iliriz.&#8221; dedi.<\/p>\n<p>15 ya\u015f\u0131ndaki Meryem Bozaba da en b\u00fcy\u00fck hayalim milli tak\u0131ma kat\u0131lmak oldu\u011funu kaydetti.<\/p>\n<p>Hentbolun ya\u015fam\u0131na \u00e7ok g\u00fczel \u015feyler katt\u0131\u011f\u0131n\u0131, g\u00fczel dostluklar edindi\u011fini dile getiren Bozaba, &#8220;E\u011fitimimde de \u00e7ok g\u00fczel katk\u0131lar\u0131 oldu. Bing\u00f6l&#8217;den \u00e7ok iyi sporcular \u00e7\u0131kmas\u0131n\u0131 istiyoruz. Uluslararas\u0131 kamplarda ay-y\u0131ld\u0131zl\u0131 formay\u0131 terletmeyi hedefliyoruz.&#8221; de\u011ferlendirmesinde bulundu.<\/p>\n<p>                            <span class=\"detay-foto-editor\">&#13;<br \/>\n                                <a href=\"https:\/\/www.aa.com.tr\/tr\/p\/abonelik-talep-formu\/1001\" target=\"_blank\" style=\"font-size:12px; color:#444; text-decoration:none;\" rel=\"noopener\">&#13;<br \/>\n                                    Anadolu Ajans\u0131 web sitesinde, AA Haber Ak\u0131\u015f Sistemi (HAS) \u00fczerinden abonelere sunulan haberler, \u00f6zetlenerek yay\u0131mlanmaktad\u0131r. <b style=\"color:#1897F7\">Abonelik i\u00e7in l\u00fctfen ileti\u015fime ge\u00e7iniz.<\/b>&#13;<br \/>\n                                <\/a>&#13;<br \/>\n                            <\/span>\n                        <\/div>\n<p><script>\n\t  window.fbAsyncInit = function() {\n\t\tFB.init({\n\t\t  appId: '1855843514662870',\n\t\t  status : true, \/\/ check login status\n\t\t  cookie : true, \/\/ enable cookies to allow the server to access the session\n\t\t  xfbml  : true  \/\/ parse XFBML\n\t\t});\n\t  };<\/p>\n<p>\t  (function() {\n\t\tvar e = document.createElement('script');\n\t\te.src=\"https:\/\/connect.facebook.net\/tr_TR\/all.js\";\n\t\te.async = true;\n\t\tdocument.getElementById('fb-root').appendChild(e);\n\t  }());\n    <\/script><\/p>\n","protected":false},"excerpt":{"rendered":"<p>Bing\u00f6l Gen\u00e7lik ve Spor \u0130l M\u00fcd\u00fcrl\u00fc\u011f\u00fc koordinesinde yakla\u015f\u0131k 4 y\u0131l \u00f6nce hentbola y\u00f6nelen k\u0131z sporcular, ge\u00e7en y\u0131l 18 tak\u0131m i\u00e7erisinde T\u00fcrkiye ikincisi olmay\u0131 ba\u015fard\u0131. M\u00fcsabakalarda g\u00f6sterdikleri performansla 6 k\u0131z sporcu, Ankara&#8217;da yap\u0131lacak 15 Ya\u015f Alt\u0131 Milli Tak\u0131m\u0131&#8217;n\u0131n se\u00e7melerine dahil edildi. Bing\u00f6ll\u00fc sporcular, se\u00e7meleri ge\u00e7erek y\u0131llard\u0131r hayalini kurduklar\u0131 ay-y\u0131ld\u0131zl\u0131 formay\u0131 terletmek istiyor. Ko\u00e7inka\u011f: &#8220;\u0130limizden \u00e7ok iyi [&hellip;]<\/p>\n","protected":false},"author":1,"featured_media":8232,"comment_status":"","ping_status":"","sticky":false,"template":"","format":"standard","meta":[],"categories":[48],"tags":[],"_links":{"self":[{"href":"https:\/\/kraios.app\/news\/wp-json\/wp\/v2\/posts\/8231"}],"collection":[{"href":"https:\/\/kraios.app\/news\/wp-json\/wp\/v2\/posts"}],"about":[{"href":"https:\/\/kraios.app\/news\/wp-json\/wp\/v2\/types\/post"}],"author":[{"embeddable":true,"href":"https:\/\/kraios.app\/news\/wp-json\/wp\/v2\/users\/1"}],"replies":[{"embeddable":true,"href":"https:\/\/kraios.app\/news\/wp-json\/wp\/v2\/comments?post=8231"}],"version-history":[{"count":0,"href":"https:\/\/kraios.app\/news\/wp-json\/wp\/v2\/posts\/8231\/revisions"}],"wp:featuredmedia":[{"embeddable":true,"href":"https:\/\/kraios.app\/news\/wp-json\/wp\/v2\/media\/8232"}],"wp:attachment":[{"href":"https:\/\/kraios.app\/news\/wp-json\/wp\/v2\/media?parent=8231"}],"wp:term":[{"taxonomy":"category","embeddable":true,"href":"https:\/\/kraios.app\/news\/wp-json\/wp\/v2\/categories?post=8231"},{"taxonomy":"post_tag","embeddable":true,"href":"https:\/\/kraios.app\/news\/wp-json\/wp\/v2\/tags?post=8231"}],"curies":[{"name":"wp","href":"https:\/\/api.w.org\/{rel}","templated":true}]}}