{"id":8223,"date":"2023-06-28T06:20:05","date_gmt":"2023-06-28T06:20:05","guid":{"rendered":"https:\/\/kraios.app\/news\/ekonomi\/2023\/06\/28\/eski-audi-ceosu-stadler-dizel-skandalinda-ceza-alan-ilk-vw-yonetim-kurulu-uyesi-oldu\/"},"modified":"2023-06-28T06:20:05","modified_gmt":"2023-06-28T06:20:05","slug":"eski-audi-ceosu-stadler-dizel-skandalinda-ceza-alan-ilk-vw-yonetim-kurulu-uyesi-oldu","status":"publish","type":"post","link":"https:\/\/kraios.app\/news\/ekonomi\/2023\/06\/28\/eski-audi-ceosu-stadler-dizel-skandalinda-ceza-alan-ilk-vw-yonetim-kurulu-uyesi-oldu\/","title":{"rendered":"Eski Audi CEO&#8217;su Stadler, dizel skandal\u0131nda ceza alan ilk VW y\u00f6netim kurulu \u00fcyesi oldu"},"content":{"rendered":"<p> <br \/>\n<\/p>\n<div>\n<p>M\u00fcnih B\u00f6lge Mahkemesi&#8217;nden yap\u0131lan a\u00e7\u0131klamada, dizel skandal\u0131 soru\u015fturmas\u0131 kapsam\u0131nda yarg\u0131lanan Stadler\u2019in 1 y\u0131l 9 ay hapis cezas\u0131na \u00e7arpt\u0131r\u0131ld\u0131\u011f\u0131 bildirildi.<\/p>\n<p>Hapis cezas\u0131 ertelenen, Stadler, dizel skandal\u0131nda ihmal yoluyla doland\u0131r\u0131c\u0131l\u0131k yapt\u0131\u011f\u0131 gerek\u00e7esiyle ceza alan ilk Volkswagen Grubu Y\u00f6netim Kurulu \u00dcyesi oldu.<\/p>\n<p>Mahkeme, Stadler\u2019e 1,1 milyon avro para cezas\u0131 verildi\u011fini ve bu paran\u0131n bir k\u0131sm\u0131n\u0131n Alman hazinesine ve bir k\u0131sm\u0131n\u0131n da sivil toplum kurulu\u015flar\u0131na aktar\u0131laca\u011f\u0131n\u0131 duyurdu.<\/p>\n<p>Mahkeme, daha \u00f6nce 60 ya\u015f\u0131ndaki Stadler&#8217;in dizel skandal\u0131yla ilgili kapsaml\u0131 bir itirafta bulunmas\u0131 ve 1,1 milyon avro \u00f6demesi halinde ertelenmi\u015f hapis cezas\u0131 verilece\u011fini a\u00e7\u0131klam\u0131\u015ft\u0131.<\/p>\n<p>Dizel skandal\u0131 soru\u015fturmalar\u0131n\u0131 y\u00fcr\u00fcten M\u00fcnih Savc\u0131l\u0131\u011f\u0131 ise bunu kabul etmi\u015fti.<\/p>\n<p>Eyl\u00fcl 2020&#8217;den beri devam eden davada Stadler, dizel skandal\u0131nda masumiyetini savunmu\u015ftu. Mart 2023&#8217;te mahkemenin Stadler&#8217;in itirafta bulunmamas\u0131 halinde hapis cezas\u0131na \u00e7arpt\u0131r\u0131laca\u011f\u0131n\u0131 a\u00e7\u0131k\u00e7a belirtmesiyle davada d\u00f6n\u00fcm noktas\u0131na gelindi.<\/p>\n<p>Ayn\u0131 zamanda VW Grubu Y\u00f6netim Kurulu \u00dcyesi olan Stadler, itiraf edece\u011fini may\u0131s ba\u015f\u0131nda a\u00e7\u0131klam\u0131\u015ft\u0131.<\/p>\n<p>Stadler ile birlikte yarg\u0131lanan Eski Audi Motor Geli\u015ftirme Sorumlusu Wolfgang Hatz 2 y\u0131l hapis ve 400 bin avro para cezas\u0131na \u00e7arpt\u0131r\u0131l\u0131rken k\u0131demli m\u00fchendis Giovanni Pamio de bir y\u0131l dokuz ay hapis ve 50 bin avro para cezas\u0131 ald\u0131. Hapis cezalar\u0131 ertelendi.<\/p>\n<p>M\u00fcnih Savc\u0131l\u0131\u011f\u0131, 2 y\u00f6neticinin, yasa d\u0131\u015f\u0131 yaz\u0131l\u0131m ile egzoz sistemi manip\u00fcle edilmi\u015f dizel motorlu ara\u00e7lar\u0131 Avrupa&#8217;da satt\u0131\u011f\u0131n\u0131 iddia ediyordu. Savc\u0131l\u0131k, Stadler&#8217;i, s\u00f6z konusu manip\u00fclasyondan Eyl\u00fcl 2015&#8217;ten beri haberdar olmas\u0131na kar\u015f\u0131n Audi ve Volkswagen otomobillerin sat\u0131\u015f\u0131n\u0131 durdurmamakla su\u00e7luyordu.<\/p>\n<p>Stadler, dizel skandal\u0131 soru\u015fturmas\u0131ndan dolay\u0131 2018&#8217;de Volkswagen taraf\u0131ndan g\u00f6revinden uzakla\u015ft\u0131r\u0131lm\u0131\u015ft\u0131.<\/p>\n<p>M\u00fcnih B\u00f6lge Mahkemesi&#8217;nin karar\u0131na g\u00f6re Stadler, 17 bin 177 adet manip\u00fcle edilmi\u015f dizel otomobilin sat\u0131\u015f\u0131ndan ve 41 milyon avroluk zarardan sorumlu. Yarg\u0131\u00e7lar, Stadler ve Hatz&#8217;i 2,3 milyar avroluk zararla su\u00e7lam\u0131\u015ft\u0131<\/p>\n<p>ABD \u00c7evre Koruma Ajans\u0131, Eyl\u00fcl 2015&#8217;te, Volkswagen&#8217;in emisyon testlerini manip\u00fcle etti\u011fini ve \u015firketin dizel ara\u00e7lar\u0131n\u0131n normal seviyenin 40 kat \u00fczerinde \u00e7evreyi kirletti\u011fini duyurmu\u015ftu.<\/p>\n<p>D\u00fcnya genelinde yakla\u015f\u0131k 11 milyon dizel motorlu arac\u0131n emisyon testlerinde yan\u0131lt\u0131c\u0131 yaz\u0131l\u0131m kullan\u0131ld\u0131\u011f\u0131n\u0131 kabul eden Volkswagen, ABD&#8217;deki mahkemece y\u00fcksek miktarda para cezas\u0131na \u00e7arpt\u0131r\u0131lm\u0131\u015ft\u0131.<\/p>\n<p>Dizel skandal\u0131, Alman kamuoyunda \u00fclkenin otomobil \u00fcretim \u00fcss\u00fc imaj\u0131na zarar verdi\u011fi i\u00e7in \u00e7ok ele\u015ftirilmi\u015fti.<\/p>\n<p>                            <span class=\"detay-foto-editor\">&#13;<br \/>\n                                <a href=\"https:\/\/www.aa.com.tr\/tr\/p\/abonelik-talep-formu\/1001\" target=\"_blank\" style=\"font-size:12px; color:#444; text-decoration:none;\" rel=\"noopener\">&#13;<br \/>\n                                    Anadolu Ajans\u0131 web sitesinde, AA Haber Ak\u0131\u015f Sistemi (HAS) \u00fczerinden abonelere sunulan haberler, \u00f6zetlenerek yay\u0131mlanmaktad\u0131r. <b style=\"color:#1897F7\">Abonelik i\u00e7in l\u00fctfen ileti\u015fime ge\u00e7iniz.<\/b>&#13;<br \/>\n                                <\/a>&#13;<br \/>\n                            <\/span>\n                        <\/div>\n<p><script>\n\t  window.fbAsyncInit = function() {\n\t\tFB.init({\n\t\t  appId: '1855843514662870',\n\t\t  status : true, \/\/ check login status\n\t\t  cookie : true, \/\/ enable cookies to allow the server to access the session\n\t\t  xfbml  : true  \/\/ parse XFBML\n\t\t});\n\t  };<\/p>\n<p>\t  (function() {\n\t\tvar e = document.createElement('script');\n\t\te.src=\"https:\/\/connect.facebook.net\/tr_TR\/all.js\";\n\t\te.async = true;\n\t\tdocument.getElementById('fb-root').appendChild(e);\n\t  }());\n    <\/script><br \/>\n<br \/><br \/>\n<br \/><a href=\"https:\/\/www.aa.com.tr\/tr\/ekonomi\/eski-audi-ceosu-stadler-dizel-skandalinda-ceza-alan-ilk-vw-yonetim-kurulu-uyesi-oldu\/2932219\">Source link <\/a><\/p>\n","protected":false},"excerpt":{"rendered":"<p>M\u00fcnih B\u00f6lge Mahkemesi&#8217;nden yap\u0131lan a\u00e7\u0131klamada, dizel skandal\u0131 soru\u015fturmas\u0131 kapsam\u0131nda yarg\u0131lanan Stadler\u2019in 1 y\u0131l 9 ay hapis cezas\u0131na \u00e7arpt\u0131r\u0131ld\u0131\u011f\u0131 bildirildi. Hapis cezas\u0131 ertelenen, Stadler, dizel skandal\u0131nda ihmal yoluyla doland\u0131r\u0131c\u0131l\u0131k yapt\u0131\u011f\u0131 gerek\u00e7esiyle ceza alan ilk Volkswagen Grubu Y\u00f6netim Kurulu \u00dcyesi oldu. Mahkeme, Stadler\u2019e 1,1 milyon avro para cezas\u0131 verildi\u011fini ve bu paran\u0131n bir k\u0131sm\u0131n\u0131n Alman hazinesine ve [&hellip;]<\/p>\n","protected":false},"author":1,"featured_media":8224,"comment_status":"","ping_status":"","sticky":false,"template":"","format":"standard","meta":[],"categories":[44],"tags":[],"_links":{"self":[{"href":"https:\/\/kraios.app\/news\/wp-json\/wp\/v2\/posts\/8223"}],"collection":[{"href":"https:\/\/kraios.app\/news\/wp-json\/wp\/v2\/posts"}],"about":[{"href":"https:\/\/kraios.app\/news\/wp-json\/wp\/v2\/types\/post"}],"author":[{"embeddable":true,"href":"https:\/\/kraios.app\/news\/wp-json\/wp\/v2\/users\/1"}],"replies":[{"embeddable":true,"href":"https:\/\/kraios.app\/news\/wp-json\/wp\/v2\/comments?post=8223"}],"version-history":[{"count":0,"href":"https:\/\/kraios.app\/news\/wp-json\/wp\/v2\/posts\/8223\/revisions"}],"wp:featuredmedia":[{"embeddable":true,"href":"https:\/\/kraios.app\/news\/wp-json\/wp\/v2\/media\/8224"}],"wp:attachment":[{"href":"https:\/\/kraios.app\/news\/wp-json\/wp\/v2\/media?parent=8223"}],"wp:term":[{"taxonomy":"category","embeddable":true,"href":"https:\/\/kraios.app\/news\/wp-json\/wp\/v2\/categories?post=8223"},{"taxonomy":"post_tag","embeddable":true,"href":"https:\/\/kraios.app\/news\/wp-json\/wp\/v2\/tags?post=8223"}],"curies":[{"name":"wp","href":"https:\/\/api.w.org\/{rel}","templated":true}]}}