{"id":8180,"date":"2023-06-27T16:50:23","date_gmt":"2023-06-27T16:50:23","guid":{"rendered":"https:\/\/kraios.app\/news\/spor\/2023\/06\/27\/genclik-ve-spor-bakani-osman-askin-bak-kapsayici-spor-projeleri-gerceklestiriyoruz\/"},"modified":"2023-06-27T16:50:23","modified_gmt":"2023-06-27T16:50:23","slug":"genclik-ve-spor-bakani-osman-askin-bak-kapsayici-spor-projeleri-gerceklestiriyoruz","status":"publish","type":"post","link":"https:\/\/kraios.app\/news\/spor\/2023\/06\/27\/genclik-ve-spor-bakani-osman-askin-bak-kapsayici-spor-projeleri-gerceklestiriyoruz\/","title":{"rendered":"Gen\u00e7lik ve Spor Bakan\u0131 Osman A\u015fk\u0131n Bak: Kapsay\u0131c\u0131 spor projeleri ger\u00e7ekle\u015ftiriyoruz"},"content":{"rendered":"<p><\/p>\n<div>\n<p>Gen\u00e7lik ve Spor Bakan\u0131 Osman A\u015fk\u0131n Bak, hareketsizli\u011fi ve kronik hastal\u0131klar\u0131 azaltmay\u0131, sporun tabana yay\u0131lmas\u0131n\u0131, birlikte ya\u015fama k\u00fclt\u00fcr\u00fcn\u00fc geli\u015ftirmeyi ve sporla sosyalle\u015fmeyi ama\u00e7layan projeleri \u00f6nemsediklerini s\u00f6yledi.<\/p>\n<p>Bak, Birle\u015fmi\u015f Milletler E\u011fitim, Bilim ve K\u00fclt\u00fcr \u00d6rg\u00fct\u00fc (UNESCO) taraf\u0131ndan Azerbaycan&#8217;\u0131n ev sahipli\u011finde Bak\u00fc&#8217;de d\u00fczenlenen Beden E\u011fitimi ve Spordan Sorumlu Bakanlar ve \u00dcst D\u00fczey Yetkililer 7. Konferans\u0131&#8217;na (MINEPS VII) kat\u0131ld\u0131.<\/p>\n<p>Bakan Bak, konferansta yapt\u0131\u011f\u0131 konu\u015fmada, UNESCO taraf\u0131ndan olu\u015fturulan &#8220;Fit for Life&#8221; giri\u015fiminin \u00f6nemini vurgulad\u0131.<\/p>\n<p>T\u00fcrkiye&#8217;nin bug\u00fcne kadar bir\u00e7ok \u00f6nemli spor projesine imza att\u0131\u011f\u0131n\u0131 kaydeden Bak, &#8220;\u00dclkemizde &#8216;Fit for Life&#8217; giri\u015fimi kapsam\u0131nda da de\u011ferlendirebilecek, ba\u015fta \u00e7ocuklar, kad\u0131nlar, gen\u00e7ler ve engelli insanlar olmak \u00fczere her ya\u015ftan vatanda\u015f\u0131m\u0131za hizmet etmeyi ama\u00e7layan kapsay\u0131c\u0131 spor projeleri ger\u00e7ekle\u015ftiriyoruz. Hareketsizli\u011fi ve kronik hastal\u0131klar\u0131 azaltmay\u0131, sporun tabana yay\u0131lmas\u0131n\u0131, birlikte ya\u015fama k\u00fclt\u00fcr\u00fcn\u00fc geli\u015ftirmeyi ve sporla sosyalle\u015fmeyi ama\u00e7layan bu projeler bizler i\u00e7in \u00e7ok \u00f6nemli.&#8221; dedi.<\/p>\n<h3>&#8220;Uluslararas\u0131 spor organizasyonlar\u0131, \u00fclkelere b\u0131rakt\u0131\u011f\u0131 mirasla b\u00fcy\u00fck \u00f6nem arz ediyor&#8221;<\/h3>\n<p>Bakan Bak, s\u00f6zlerine \u015f\u00f6yle devam etti:<\/p>\n<p>&#8220;Fit for Life giri\u015fimi b\u00fcy\u00fck spor organizasyonlar\u0131yla b\u00fct\u00fcnle\u015ftirildi\u011finde s\u00fcrd\u00fcr\u00fclebilir hale gelecektir. Uluslararas\u0131 spor organizasyonlar\u0131, sportif ba\u015far\u0131lar\u0131n yan\u0131nda \u00fclkelere ve \u015fehirlere b\u0131rakt\u0131\u011f\u0131 mirasla da b\u00fcy\u00fck \u00f6nem arz ediyor. 2022 y\u0131l\u0131nda \u00fclkemizde ger\u00e7ekle\u015ftirilen 5. \u0130slami Dayan\u0131\u015fma Oyunlar\u0131, 4. D\u00fcnya G\u00f6\u00e7ebe Oyunlar\u0131 ve Avrupa Konseyi 17. Spordan Sorumlu Bakanlar Konferans\u0131 gibi b\u00fcy\u00fck organizasyonlar \u00fclkemiz i\u00e7in \u00e7ok k\u0131ymetliydi.&#8221;<\/p>\n<p>Spor vesilesiyle insanl\u0131\u011fa ve gelecek nesillere art\u0131 bir de\u011fer katman\u0131n gayreti i\u00e7inde olunmas\u0131 gerekti\u011fini ifade eden Bak, T\u00fcrkiye&#8217;de ya\u015fanan depremlerden dolay\u0131 desteklerini ve yard\u0131mlar\u0131n\u0131 ileten uluslararas\u0131 kurulu\u015flara ve \u00fclkelere te\u015fekk\u00fcr etti.<\/p>\n<p>&#8220;Y\u00fczy\u0131l\u0131n felaketinin yaralar\u0131n\u0131 Say\u0131n Cumhurba\u015fkan\u0131m\u0131z Recep Tayyip Erdo\u011fan&#8217;\u0131n liderli\u011finde b\u00fct\u00fcn vatanda\u015flar\u0131m\u0131z\u0131n birli\u011fi ve dayan\u0131\u015fmas\u0131yla sard\u0131k&#8221; diyen Bak, &#8220;Depremzedelerimize en iyi standartlar sa\u011flanana kadar her t\u00fcrl\u00fc deste\u011fimizi seferber edece\u011fiz. Beden e\u011fitimi ve spor, daha ayd\u0131nl\u0131k bir gelecek, sosyal geli\u015fim, bar\u0131\u015f ve s\u00fcrd\u00fcr\u00fclebilir kalk\u0131nma ad\u0131na, g\u00fc\u00e7l\u00fc ve sa\u011fl\u0131kl\u0131 toplumlara hizmet etmeye devam edecek.&#8221; ifadelerini kulland\u0131.<\/p>\n<p>G\u00f6reve geldikten sonra ilk yurt d\u0131\u015f\u0131 ziyaretini Azerbaycan&#8217;a ger\u00e7ekle\u015ftiren Bak, temaslar\u0131 kapsam\u0131nda Azerbaycan Gen\u00e7lik ve Spor Bakan\u0131 Ferid Gay\u0131bov, \u0130ran Gen\u00e7lik ve Spor Bakan\u0131 Hamid Seccadi, \u00d6zbekistan Gen\u00e7lik Politikas\u0131 ve Spor Bakan\u0131 Adham Ikramov, Rusya Spor Bakan\u0131 Oleg Matytsin ve UNESCO Genel Direkt\u00f6r Yard\u0131mc\u0131s\u0131 Gabriela Ramos ile ikili g\u00f6r\u00fc\u015fmeler ger\u00e7ekle\u015ftirdi.<\/p>\n<h3>&#8220;Fit for Life&#8221; giri\u015fimi nedir?<\/h3>\n<p>Konferans\u0131n ana g\u00fcndem maddesi olan &#8220;Fit for Life&#8221; giri\u015fimi, UNESCO&#8217;nun Kovid-19&#8217;dan sonra iyile\u015fmeyi h\u0131zland\u0131rmak, kapsay\u0131c\u0131 ve entegre politikalar olu\u015fturmay\u0131 desteklemek ve d\u00fcnya \u00e7ap\u0131nda gen\u00e7lerin refah\u0131n\u0131 art\u0131rmak i\u00e7in tasarlanm\u0131\u015f spor tabanl\u0131 bir projedir.<\/p>\n<p>K\u00fcresel ortaklar toplulu\u011fu taraf\u0131ndan desteklenen &#8220;Fit for Life&#8221;, fiziksel hareketsizlik, zihinsel sa\u011fl\u0131k ve e\u015fitsizlikte kesi\u015fen krizlerin \u00fcstesinden gelmek i\u00e7in veriye dayal\u0131 spor giri\u015fimlerini kullanmay\u0131 hedeflemektedir.<\/p>\n<p>                            <span class=\"detay-foto-editor\">&#13;<br \/>\n                                <a href=\"https:\/\/www.aa.com.tr\/tr\/p\/abonelik-talep-formu\/1001\" target=\"_blank\" style=\"font-size:12px; color:#444; text-decoration:none;\" rel=\"noopener\">&#13;<br \/>\n                                    Anadolu Ajans\u0131 web sitesinde, AA Haber Ak\u0131\u015f Sistemi (HAS) \u00fczerinden abonelere sunulan haberler, \u00f6zetlenerek yay\u0131mlanmaktad\u0131r. <b style=\"color:#1897F7\">Abonelik i\u00e7in l\u00fctfen ileti\u015fime ge\u00e7iniz.<\/b>&#13;<br \/>\n                                <\/a>&#13;<br \/>\n                            <\/span>\n                        <\/div>\n<p><script>\n\t  window.fbAsyncInit = function() {\n\t\tFB.init({\n\t\t  appId: '1855843514662870',\n\t\t  status : true, \/\/ check login status\n\t\t  cookie : true, \/\/ enable cookies to allow the server to access the session\n\t\t  xfbml  : true  \/\/ parse XFBML\n\t\t});\n\t  };<\/p>\n<p>\t  (function() {\n\t\tvar e = document.createElement('script');\n\t\te.src=\"https:\/\/connect.facebook.net\/tr_TR\/all.js\";\n\t\te.async = true;\n\t\tdocument.getElementById('fb-root').appendChild(e);\n\t  }());\n    <\/script><\/p>\n","protected":false},"excerpt":{"rendered":"<p>Gen\u00e7lik ve Spor Bakan\u0131 Osman A\u015fk\u0131n Bak, hareketsizli\u011fi ve kronik hastal\u0131klar\u0131 azaltmay\u0131, sporun tabana yay\u0131lmas\u0131n\u0131, birlikte ya\u015fama k\u00fclt\u00fcr\u00fcn\u00fc geli\u015ftirmeyi ve sporla sosyalle\u015fmeyi ama\u00e7layan projeleri \u00f6nemsediklerini s\u00f6yledi. Bak, Birle\u015fmi\u015f Milletler E\u011fitim, Bilim ve K\u00fclt\u00fcr \u00d6rg\u00fct\u00fc (UNESCO) taraf\u0131ndan Azerbaycan&#8217;\u0131n ev sahipli\u011finde Bak\u00fc&#8217;de d\u00fczenlenen Beden E\u011fitimi ve Spordan Sorumlu Bakanlar ve \u00dcst D\u00fczey Yetkililer 7. Konferans\u0131&#8217;na (MINEPS VII) [&hellip;]<\/p>\n","protected":false},"author":1,"featured_media":8181,"comment_status":"","ping_status":"","sticky":false,"template":"","format":"standard","meta":[],"categories":[48],"tags":[],"_links":{"self":[{"href":"https:\/\/kraios.app\/news\/wp-json\/wp\/v2\/posts\/8180"}],"collection":[{"href":"https:\/\/kraios.app\/news\/wp-json\/wp\/v2\/posts"}],"about":[{"href":"https:\/\/kraios.app\/news\/wp-json\/wp\/v2\/types\/post"}],"author":[{"embeddable":true,"href":"https:\/\/kraios.app\/news\/wp-json\/wp\/v2\/users\/1"}],"replies":[{"embeddable":true,"href":"https:\/\/kraios.app\/news\/wp-json\/wp\/v2\/comments?post=8180"}],"version-history":[{"count":0,"href":"https:\/\/kraios.app\/news\/wp-json\/wp\/v2\/posts\/8180\/revisions"}],"wp:featuredmedia":[{"embeddable":true,"href":"https:\/\/kraios.app\/news\/wp-json\/wp\/v2\/media\/8181"}],"wp:attachment":[{"href":"https:\/\/kraios.app\/news\/wp-json\/wp\/v2\/media?parent=8180"}],"wp:term":[{"taxonomy":"category","embeddable":true,"href":"https:\/\/kraios.app\/news\/wp-json\/wp\/v2\/categories?post=8180"},{"taxonomy":"post_tag","embeddable":true,"href":"https:\/\/kraios.app\/news\/wp-json\/wp\/v2\/tags?post=8180"}],"curies":[{"name":"wp","href":"https:\/\/api.w.org\/{rel}","templated":true}]}}