{"id":8157,"date":"2023-06-27T13:20:06","date_gmt":"2023-06-27T13:20:06","guid":{"rendered":"https:\/\/kraios.app\/news\/gundem\/2023\/06\/27\/filistinden-israilin-bati-seriada-yeni-konut-insasini-onaylama-kararina-tepki\/"},"modified":"2023-06-27T13:20:06","modified_gmt":"2023-06-27T13:20:06","slug":"filistinden-israilin-bati-seriada-yeni-konut-insasini-onaylama-kararina-tepki","status":"publish","type":"post","link":"https:\/\/kraios.app\/news\/gundem\/2023\/06\/27\/filistinden-israilin-bati-seriada-yeni-konut-insasini-onaylama-kararina-tepki\/","title":{"rendered":"Filistin&#039;den \u0130srail&#039;in Bat\u0131 \u015eeria&#039;da yeni konut in\u015fas\u0131n\u0131 onaylama karar\u0131na tepki"},"content":{"rendered":"<p>Filistin&#039;den \u0130srail&#039;in Bat\u0131 \u015eeria&#039;da yeni konut in\u015fas\u0131n\u0131 onaylama karar\u0131na tepki<\/p>\n","protected":false},"excerpt":{"rendered":"<p>Filistin&#039;den \u0130srail&#039;in Bat\u0131 \u015eeria&#039;da yeni konut in\u015fas\u0131n\u0131 onaylama karar\u0131na tepki<\/p>\n","protected":false},"author":1,"featured_media":8158,"comment_status":"","ping_status":"","sticky":false,"template":"","format":"standard","meta":[],"categories":[1],"tags":[],"_links":{"self":[{"href":"https:\/\/kraios.app\/news\/wp-json\/wp\/v2\/posts\/8157"}],"collection":[{"href":"https:\/\/kraios.app\/news\/wp-json\/wp\/v2\/posts"}],"about":[{"href":"https:\/\/kraios.app\/news\/wp-json\/wp\/v2\/types\/post"}],"author":[{"embeddable":true,"href":"https:\/\/kraios.app\/news\/wp-json\/wp\/v2\/users\/1"}],"replies":[{"embeddable":true,"href":"https:\/\/kraios.app\/news\/wp-json\/wp\/v2\/comments?post=8157"}],"version-history":[{"count":0,"href":"https:\/\/kraios.app\/news\/wp-json\/wp\/v2\/posts\/8157\/revisions"}],"wp:featuredmedia":[{"embeddable":true,"href":"https:\/\/kraios.app\/news\/wp-json\/wp\/v2\/media\/8158"}],"wp:attachment":[{"href":"https:\/\/kraios.app\/news\/wp-json\/wp\/v2\/media?parent=8157"}],"wp:term":[{"taxonomy":"category","embeddable":true,"href":"https:\/\/kraios.app\/news\/wp-json\/wp\/v2\/categories?post=8157"},{"taxonomy":"post_tag","embeddable":true,"href":"https:\/\/kraios.app\/news\/wp-json\/wp\/v2\/tags?post=8157"}],"curies":[{"name":"wp","href":"https:\/\/api.w.org\/{rel}","templated":true}]}}