{"id":8120,"date":"2023-06-27T02:19:41","date_gmt":"2023-06-27T02:19:41","guid":{"rendered":"https:\/\/kraios.app\/news\/gundem\/2023\/06\/27\/iranda-toz-firtinasi-nedeniyle-hastaneye-kaldirilanlarin-sayisi-750yi-gecti\/"},"modified":"2023-06-27T02:19:41","modified_gmt":"2023-06-27T02:19:41","slug":"iranda-toz-firtinasi-nedeniyle-hastaneye-kaldirilanlarin-sayisi-750yi-gecti","status":"publish","type":"post","link":"https:\/\/kraios.app\/news\/gundem\/2023\/06\/27\/iranda-toz-firtinasi-nedeniyle-hastaneye-kaldirilanlarin-sayisi-750yi-gecti\/","title":{"rendered":"\u0130ran\u2019da toz f\u0131rt\u0131nas\u0131 nedeniyle hastaneye kald\u0131r\u0131lanlar\u0131n say\u0131s\u0131 750\u2019yi ge\u00e7ti"},"content":{"rendered":"<p>\u0130ran\u2019\u0131n Sistan-Belu\u00e7istan eyaletinde toz f\u0131rt\u0131nas\u0131 nedeniyle son d\u00f6rt g\u00fcnde hastaneye kald\u0131r\u0131lanlar\u0131n say\u0131s\u0131 764&#8217;e ula\u015ft\u0131.<\/p>\n","protected":false},"excerpt":{"rendered":"<p>\u0130ran\u2019\u0131n Sistan-Belu\u00e7istan eyaletinde toz f\u0131rt\u0131nas\u0131 nedeniyle son d\u00f6rt g\u00fcnde hastaneye kald\u0131r\u0131lanlar\u0131n say\u0131s\u0131 764&#8217;e ula\u015ft\u0131.<\/p>\n","protected":false},"author":1,"featured_media":8121,"comment_status":"","ping_status":"","sticky":false,"template":"","format":"standard","meta":[],"categories":[1],"tags":[],"_links":{"self":[{"href":"https:\/\/kraios.app\/news\/wp-json\/wp\/v2\/posts\/8120"}],"collection":[{"href":"https:\/\/kraios.app\/news\/wp-json\/wp\/v2\/posts"}],"about":[{"href":"https:\/\/kraios.app\/news\/wp-json\/wp\/v2\/types\/post"}],"author":[{"embeddable":true,"href":"https:\/\/kraios.app\/news\/wp-json\/wp\/v2\/users\/1"}],"replies":[{"embeddable":true,"href":"https:\/\/kraios.app\/news\/wp-json\/wp\/v2\/comments?post=8120"}],"version-history":[{"count":0,"href":"https:\/\/kraios.app\/news\/wp-json\/wp\/v2\/posts\/8120\/revisions"}],"wp:featuredmedia":[{"embeddable":true,"href":"https:\/\/kraios.app\/news\/wp-json\/wp\/v2\/media\/8121"}],"wp:attachment":[{"href":"https:\/\/kraios.app\/news\/wp-json\/wp\/v2\/media?parent=8120"}],"wp:term":[{"taxonomy":"category","embeddable":true,"href":"https:\/\/kraios.app\/news\/wp-json\/wp\/v2\/categories?post=8120"},{"taxonomy":"post_tag","embeddable":true,"href":"https:\/\/kraios.app\/news\/wp-json\/wp\/v2\/tags?post=8120"}],"curies":[{"name":"wp","href":"https:\/\/api.w.org\/{rel}","templated":true}]}}