{"id":8096,"date":"2023-06-26T15:20:08","date_gmt":"2023-06-26T15:20:08","guid":{"rendered":"https:\/\/kraios.app\/news\/ekonomi\/2023\/06\/26\/alman-ekonomisindeki-resesyon-ikinci-ceyrekte-sona-erecek\/"},"modified":"2023-06-26T15:20:08","modified_gmt":"2023-06-26T15:20:08","slug":"alman-ekonomisindeki-resesyon-ikinci-ceyrekte-sona-erecek","status":"publish","type":"post","link":"https:\/\/kraios.app\/news\/ekonomi\/2023\/06\/26\/alman-ekonomisindeki-resesyon-ikinci-ceyrekte-sona-erecek\/","title":{"rendered":"Alman ekonomisindeki resesyon ikinci \u00e7eyrekte sona erecek"},"content":{"rendered":"<p> <br \/>\n<\/p>\n<div>\n<p>Bundesbank&#8217;\u0131n ekonomiye y\u00f6nelik haziran ay\u0131 raporu yay\u0131mland\u0131.<\/p>\n<p>Raporda, Alman ekonomisinin ge\u00e7en y\u0131l\u0131n son \u00e7eyre\u011fi ve bu y\u0131l\u0131n ilk \u00e7eyre\u011finde art arda k\u00fc\u00e7\u00fclerek teknik olarak resesyona girdi\u011fi hat\u0131rlat\u0131larak, buna hane halk\u0131n\u0131n harcama iste\u011fini azaltarak ekonomiyi bask\u0131layan y\u00fcksek enflasyonun ve zay\u0131f d\u0131\u015f taleple sanayideki zay\u0131fl\u0131\u011f\u0131n neden oldu\u011fu belirtildi.<\/p>\n<p>Bundesbank raporunda uzun s\u00fcredir sorun olan arz darbo\u011fazlar\u0131n\u0131n azald\u0131\u011f\u0131 ve \u015firketlerin birikmi\u015f sipari\u015flerinin hala y\u00fcksek oldu\u011fu ve enerji fiyatlar\u0131n\u0131n d\u00fc\u015fmesinin ekonomideki toparlanmay\u0131 destekledi\u011fi belirtilerek, \u201cG\u00fc\u00e7l\u00fc bir \u015fekilde artan \u00e7al\u0131\u015fan \u00fccretleri sayesinde enflasyon \u00e7ok y\u00fcksek kalmas\u0131na ra\u011fmen hane halk\u0131n\u0131n reel gelirleri istikrar kazan\u0131yor.&#8221; denildi.<\/p>\n<p>\u0130stihdam\u0131n artt\u0131\u011f\u0131na ve son zamanlarda olduk\u00e7a zay\u0131f olan kamu harcamalar\u0131n\u0131n yeniden toparland\u0131\u011f\u0131na yer verilen raporda, nisan-d\u00f6neminde gayri safi yurt i\u00e7i has\u0131lada ya\u015fanacak hafif art\u0131\u015fla resesyonun sona ermesinin beklendi\u011fi aktar\u0131ld\u0131.<\/p>\n<p>Bundesbank raporunda, sanayideki d\u0131\u015f talebin d\u00fc\u015fmeye devam edece\u011fi ve bunun \u00fcretim ve ihracat \u00fczerinde bask\u0131 olu\u015fturaca\u011f\u0131 \u00f6ng\u00f6r\u00fcs\u00fcne de yer verildi.<\/p>\n<p>Alman ekonomisi, al\u0131\u015f\u0131lm\u0131\u015f\u0131n d\u0131\u015f\u0131ndaki y\u00fcksek enflasyon ve artan faiz oranlar\u0131n\u0131n t\u00fcketici harcamalar\u0131n\u0131 bask\u0131lamas\u0131n\u0131n etkisiyle y\u0131l\u0131n ilk \u00e7eyre\u011finde y\u00fczde 0,3 daralarak teknik olarak resesyona girmi\u015fti. \u00dclke ekonomisi ge\u00e7en y\u0131l\u0131n son \u00e7eyre\u011finde de y\u00fczde 0,5 daralm\u0131\u015ft\u0131.<\/p>\n<p>\u00dclke ekonomisi, Kovid-19 salg\u0131n\u0131 s\u00fcrecinde ortaya \u00e7\u0131kan dar bo\u011fazlar hafiflese de faizlerin y\u00fckselmesi, ekonomiye g\u00fcvenin azalmas\u0131 ve y\u00fcksek enflasyon ortam\u0131nda t\u00fcketicilerin sat\u0131n alma g\u00fcc\u00fcn\u00fcn d\u00fc\u015fmesinin sonucu i\u00e7 talebin durgunla\u015fmas\u0131ndan olumsuz etkileniyor.<\/p>\n<p>Bundesbank, 16 Haziran\u2019da yay\u0131nlad\u0131\u011f\u0131 yar\u0131y\u0131l raporunda \u00fclke ekonomisinin bu y\u0131l y\u00fczde 0,3 k\u00fc\u00e7\u00fclece\u011fini ve enflasyonun ise 2025\u2019e kadar hedefin \u00fczerinde kalaca\u011f\u0131n\u0131 \u00f6ng\u00f6rd\u00fc. Banka, ekonominin 2024&#8217;te y\u00fczde 1,2 ve 2025&#8217;te y\u00fczde 1,3 b\u00fcy\u00fcmesini bekliyor.<\/p>\n<p>                            <span class=\"detay-foto-editor\">&#13;<br \/>\n                                <a href=\"https:\/\/www.aa.com.tr\/tr\/p\/abonelik-talep-formu\/1001\" target=\"_blank\" style=\"font-size:12px; color:#444; text-decoration:none;\" rel=\"noopener\">&#13;<br \/>\n                                    Anadolu Ajans\u0131 web sitesinde, AA Haber Ak\u0131\u015f Sistemi (HAS) \u00fczerinden abonelere sunulan haberler, \u00f6zetlenerek yay\u0131mlanmaktad\u0131r. <b style=\"color:#1897F7\">Abonelik i\u00e7in l\u00fctfen ileti\u015fime ge\u00e7iniz.<\/b>&#13;<br \/>\n                                <\/a>&#13;<br \/>\n                            <\/span>\n                        <\/div>\n<p><script>\n\t  window.fbAsyncInit = function() {\n\t\tFB.init({\n\t\t  appId: '1855843514662870',\n\t\t  status : true, \/\/ check login status\n\t\t  cookie : true, \/\/ enable cookies to allow the server to access the session\n\t\t  xfbml  : true  \/\/ parse XFBML\n\t\t});\n\t  };<\/p>\n<p>\t  (function() {\n\t\tvar e = document.createElement('script');\n\t\te.src=\"https:\/\/connect.facebook.net\/tr_TR\/all.js\";\n\t\te.async = true;\n\t\tdocument.getElementById('fb-root').appendChild(e);\n\t  }());\n    <\/script><br \/>\n<br \/><br \/>\n<br \/><a href=\"https:\/\/www.aa.com.tr\/tr\/ekonomi\/bundesbank-alman-ekonomisindeki-resesyon-ikinci-ceyrekte-sona-erecek\/2931474\">Source link <\/a><\/p>\n","protected":false},"excerpt":{"rendered":"<p>Bundesbank&#8217;\u0131n ekonomiye y\u00f6nelik haziran ay\u0131 raporu yay\u0131mland\u0131. Raporda, Alman ekonomisinin ge\u00e7en y\u0131l\u0131n son \u00e7eyre\u011fi ve bu y\u0131l\u0131n ilk \u00e7eyre\u011finde art arda k\u00fc\u00e7\u00fclerek teknik olarak resesyona girdi\u011fi hat\u0131rlat\u0131larak, buna hane halk\u0131n\u0131n harcama iste\u011fini azaltarak ekonomiyi bask\u0131layan y\u00fcksek enflasyonun ve zay\u0131f d\u0131\u015f taleple sanayideki zay\u0131fl\u0131\u011f\u0131n neden oldu\u011fu belirtildi. Bundesbank raporunda uzun s\u00fcredir sorun olan arz darbo\u011fazlar\u0131n\u0131n azald\u0131\u011f\u0131 [&hellip;]<\/p>\n","protected":false},"author":1,"featured_media":8097,"comment_status":"","ping_status":"","sticky":false,"template":"","format":"standard","meta":[],"categories":[44],"tags":[],"_links":{"self":[{"href":"https:\/\/kraios.app\/news\/wp-json\/wp\/v2\/posts\/8096"}],"collection":[{"href":"https:\/\/kraios.app\/news\/wp-json\/wp\/v2\/posts"}],"about":[{"href":"https:\/\/kraios.app\/news\/wp-json\/wp\/v2\/types\/post"}],"author":[{"embeddable":true,"href":"https:\/\/kraios.app\/news\/wp-json\/wp\/v2\/users\/1"}],"replies":[{"embeddable":true,"href":"https:\/\/kraios.app\/news\/wp-json\/wp\/v2\/comments?post=8096"}],"version-history":[{"count":0,"href":"https:\/\/kraios.app\/news\/wp-json\/wp\/v2\/posts\/8096\/revisions"}],"wp:featuredmedia":[{"embeddable":true,"href":"https:\/\/kraios.app\/news\/wp-json\/wp\/v2\/media\/8097"}],"wp:attachment":[{"href":"https:\/\/kraios.app\/news\/wp-json\/wp\/v2\/media?parent=8096"}],"wp:term":[{"taxonomy":"category","embeddable":true,"href":"https:\/\/kraios.app\/news\/wp-json\/wp\/v2\/categories?post=8096"},{"taxonomy":"post_tag","embeddable":true,"href":"https:\/\/kraios.app\/news\/wp-json\/wp\/v2\/tags?post=8096"}],"curies":[{"name":"wp","href":"https:\/\/api.w.org\/{rel}","templated":true}]}}