{"id":8087,"date":"2023-06-26T13:20:10","date_gmt":"2023-06-26T13:20:10","guid":{"rendered":"https:\/\/kraios.app\/news\/gundem\/2023\/06\/26\/sirbistanin-serbest-biraktigi-3-kosova-polisi-ulkelerine-ulasti\/"},"modified":"2023-06-26T13:20:10","modified_gmt":"2023-06-26T13:20:10","slug":"sirbistanin-serbest-biraktigi-3-kosova-polisi-ulkelerine-ulasti","status":"publish","type":"post","link":"https:\/\/kraios.app\/news\/gundem\/2023\/06\/26\/sirbistanin-serbest-biraktigi-3-kosova-polisi-ulkelerine-ulasti\/","title":{"rendered":"S\u0131rbistan&#8217;\u0131n serbest b\u0131rakt\u0131\u011f\u0131 3 Kosova polisi, \u00fclkelerine ula\u015ft\u0131"},"content":{"rendered":"<p><\/p>\n<div>\n<p>Kosoval\u0131 3 polis, s\u0131n\u0131r kap\u0131s\u0131nda \u0130\u00e7i\u015fleri Bakanl\u0131\u011f\u0131 yetkilileri ve meslekta\u015flar\u0131 taraf\u0131ndan kar\u015f\u0131land\u0131.<\/p>\n<p>Meslekta\u015flar\u0131 ile hasret gideren polislerin duyguland\u0131\u011f\u0131 g\u00f6zlendi.<\/p>\n<p>Kosova Ba\u015fbakan\u0131 Albin Kurti, sosyal medya hesab\u0131ndan yapt\u0131\u011f\u0131 payla\u015f\u0131mda, &#8220;Ka\u00e7\u0131r\u0131lan 3 polisin serbest b\u0131rak\u0131ld\u0131\u011f\u0131n\u0131 teyit ediyoruz. Ailelerine kavu\u015ftuklar\u0131 i\u00e7in sevinsek de bu ka\u00e7\u0131rma ciddi bir insan haklar\u0131 ihlalidir ve k\u0131nanmal\u0131d\u0131r. S\u0131rp sald\u0131rganl\u0131\u011f\u0131ndan hesap sorulmal\u0131d\u0131r.&#8221; ifadelerine yer verdi.<\/p>\n<p>S\u0131rbistan&#8217;da &#8220;silah bulundurduklar\u0131&#8221; ve &#8220;eylem yapmay\u0131 planlad\u0131klar\u0131&#8221; gerek\u00e7esiyle 14 Haziran&#8217;da iki \u00fclkenin s\u0131n\u0131r b\u00f6lgesinde g\u00f6zalt\u0131na al\u0131nan Kosoval\u0131 3 polis, tutuksuz yarg\u0131lanmak \u00fczere sabah saatlerinde serbest b\u0131rak\u0131lm\u0131\u015ft\u0131.<\/p>\n<h3>Kosova&#8217;n\u0131n kuzeyindeki gerginlik bir ayd\u0131r s\u00fcr\u00fcyor<\/h3>\n<p>Kosova&#8217;n\u0131n kuzeyinde S\u0131rplar\u0131n yo\u011fun oldu\u011fu Zve\u00e7an, Zubin Potok ve Leposavi\u00e7 belediyelerinde 23 Nisan&#8217;da yap\u0131lan yerel se\u00e7imleri kazanan Arnavut belediye ba\u015fkanlar\u0131n\u0131n g\u00f6reve ba\u015flamas\u0131, 26 May\u0131s&#8217;ta Kosoval\u0131 S\u0131rplar taraf\u0131ndan protesto edilmi\u015fti.<\/p>\n<p>Arnavut belediye ba\u015fkanlar\u0131n\u0131 korumak i\u00e7in b\u00f6lgeye g\u00f6nderilen Kosova polisi ile Kosoval\u0131 S\u0131rplar aras\u0131nda arbede ya\u015fanm\u0131\u015f, 29 May\u0131s&#8217;ta belediye binalar\u0131n\u0131 koruyan KFOR askerleri ile Kosoval\u0131 S\u0131rplar\u0131n kar\u015f\u0131 kar\u015f\u0131ya gelmesi sonucu 30 KFOR askeri yaralanm\u0131\u015ft\u0131.<\/p>\n<p>S\u0131rbistan, 14 Haziran&#8217;da Kosoval\u0131 emniyet mensuplar\u0131 olduklar\u0131 belirlenen 3 ki\u015fiyi &#8220;S\u0131rbistan&#8217;da eylem yapmay\u0131 planlad\u0131klar\u0131&#8221; gerek\u00e7esiyle iki \u00fclkenin s\u0131n\u0131r b\u00f6lgesinde g\u00f6zalt\u0131na alm\u0131\u015f, Kosova ise polislerin S\u0131rbistan taraf\u0131ndan &#8220;ka\u00e7\u0131r\u0131ld\u0131\u011f\u0131n\u0131&#8221; savunmu\u015ftu.<\/p>\n<p>Kosova polisi de farkl\u0131 gerek\u00e7elerle yakla\u015f\u0131k 10 Kosoval\u0131 S\u0131rp&#8217;\u0131 g\u00f6zalt\u0131na al\u0131rken, S\u0131rbistan ise bu ki\u015filerin bir an evvel serbest b\u0131rak\u0131lmas\u0131n\u0131 talep etmi\u015fti.<\/p>\n<p>Belirli aral\u0131klarla kar\u015f\u0131 kar\u015f\u0131ya gelen iki \u00fclkenin gerilmesindeki ana neden, S\u0131rbistan&#8217;\u0131n, tek tarafl\u0131 ba\u011f\u0131ms\u0131zl\u0131\u011f\u0131n\u0131 2008&#8217;de ilan eden Kosova&#8217;y\u0131 kendi topra\u011f\u0131 g\u00f6rmesi olarak ifade ediliyor.<\/p>\n<p>AB arabuluculu\u011funda 2011&#8217;de ba\u015flat\u0131lan Belgrad-Pri\u015ftine Diyalog S\u00fcreci kapsam\u0131nda ise ili\u015fkilerin normalle\u015fmesi ve nihayetinde iki \u00fclkenin birbirini tan\u0131mas\u0131 i\u00e7in ortak bir yol bulmaya \u00e7al\u0131\u015f\u0131l\u0131yor.<\/p>\n<p>                            <span class=\"detay-foto-editor\">&#13;<br \/>\n                                <a href=\"https:\/\/www.aa.com.tr\/tr\/p\/abonelik-talep-formu\/1001\" target=\"_blank\" style=\"font-size:12px; color:#444; text-decoration:none;\" rel=\"noopener\">&#13;<br \/>\n                                    Anadolu Ajans\u0131 web sitesinde, AA Haber Ak\u0131\u015f Sistemi (HAS) \u00fczerinden abonelere sunulan haberler, \u00f6zetlenerek yay\u0131mlanmaktad\u0131r. <b style=\"color:#1897F7\">Abonelik i\u00e7in l\u00fctfen ileti\u015fime ge\u00e7iniz.<\/b>&#13;<br \/>\n                                <\/a>&#13;<br \/>\n                            <\/span>\n                        <\/div>\n<p><script>\n\t  window.fbAsyncInit = function() {\n\t\tFB.init({\n\t\t  appId: '1855843514662870',\n\t\t  status : true, \/\/ check login status\n\t\t  cookie : true, \/\/ enable cookies to allow the server to access the session\n\t\t  xfbml  : true  \/\/ parse XFBML\n\t\t});\n\t  };<\/p>\n<p>\t  (function() {\n\t\tvar e = document.createElement('script');\n\t\te.src=\"https:\/\/connect.facebook.net\/tr_TR\/all.js\";\n\t\te.async = true;\n\t\tdocument.getElementById('fb-root').appendChild(e);\n\t  }());\n    <\/script><\/p>\n","protected":false},"excerpt":{"rendered":"<p>Kosoval\u0131 3 polis, s\u0131n\u0131r kap\u0131s\u0131nda \u0130\u00e7i\u015fleri Bakanl\u0131\u011f\u0131 yetkilileri ve meslekta\u015flar\u0131 taraf\u0131ndan kar\u015f\u0131land\u0131. Meslekta\u015flar\u0131 ile hasret gideren polislerin duyguland\u0131\u011f\u0131 g\u00f6zlendi. Kosova Ba\u015fbakan\u0131 Albin Kurti, sosyal medya hesab\u0131ndan yapt\u0131\u011f\u0131 payla\u015f\u0131mda, &#8220;Ka\u00e7\u0131r\u0131lan 3 polisin serbest b\u0131rak\u0131ld\u0131\u011f\u0131n\u0131 teyit ediyoruz. Ailelerine kavu\u015ftuklar\u0131 i\u00e7in sevinsek de bu ka\u00e7\u0131rma ciddi bir insan haklar\u0131 ihlalidir ve k\u0131nanmal\u0131d\u0131r. S\u0131rp sald\u0131rganl\u0131\u011f\u0131ndan hesap sorulmal\u0131d\u0131r.&#8221; ifadelerine yer [&hellip;]<\/p>\n","protected":false},"author":1,"featured_media":0,"comment_status":"","ping_status":"","sticky":false,"template":"","format":"standard","meta":[],"categories":[1],"tags":[],"_links":{"self":[{"href":"https:\/\/kraios.app\/news\/wp-json\/wp\/v2\/posts\/8087"}],"collection":[{"href":"https:\/\/kraios.app\/news\/wp-json\/wp\/v2\/posts"}],"about":[{"href":"https:\/\/kraios.app\/news\/wp-json\/wp\/v2\/types\/post"}],"author":[{"embeddable":true,"href":"https:\/\/kraios.app\/news\/wp-json\/wp\/v2\/users\/1"}],"replies":[{"embeddable":true,"href":"https:\/\/kraios.app\/news\/wp-json\/wp\/v2\/comments?post=8087"}],"version-history":[{"count":0,"href":"https:\/\/kraios.app\/news\/wp-json\/wp\/v2\/posts\/8087\/revisions"}],"wp:attachment":[{"href":"https:\/\/kraios.app\/news\/wp-json\/wp\/v2\/media?parent=8087"}],"wp:term":[{"taxonomy":"category","embeddable":true,"href":"https:\/\/kraios.app\/news\/wp-json\/wp\/v2\/categories?post=8087"},{"taxonomy":"post_tag","embeddable":true,"href":"https:\/\/kraios.app\/news\/wp-json\/wp\/v2\/tags?post=8087"}],"curies":[{"name":"wp","href":"https:\/\/api.w.org\/{rel}","templated":true}]}}