{"id":8063,"date":"2023-06-26T03:20:04","date_gmt":"2023-06-26T03:20:04","guid":{"rendered":"https:\/\/kraios.app\/news\/gundem\/2023\/06\/26\/ataturk-kultur-dil-ve-tarih-yuksek-kurumu-baskanligina-derya-ors-getirildi\/"},"modified":"2023-06-26T03:20:04","modified_gmt":"2023-06-26T03:20:04","slug":"ataturk-kultur-dil-ve-tarih-yuksek-kurumu-baskanligina-derya-ors-getirildi","status":"publish","type":"post","link":"https:\/\/kraios.app\/news\/gundem\/2023\/06\/26\/ataturk-kultur-dil-ve-tarih-yuksek-kurumu-baskanligina-derya-ors-getirildi\/","title":{"rendered":"Atat\u00fcrk K\u00fclt\u00fcr, Dil ve Tarih Y\u00fcksek Kurumu Ba\u015fkanl\u0131\u011f\u0131na Derya \u00d6rs getirildi"},"content":{"rendered":"<p>Atat\u00fcrk K\u00fclt\u00fcr, Dil ve Tarih Y\u00fcksek Kurumu Ba\u015fkanl\u0131\u011f\u0131na Derya \u00d6rs getirildi<\/p>\n","protected":false},"excerpt":{"rendered":"<p>Atat\u00fcrk K\u00fclt\u00fcr, Dil ve Tarih Y\u00fcksek Kurumu Ba\u015fkanl\u0131\u011f\u0131na Derya \u00d6rs getirildi<\/p>\n","protected":false},"author":1,"featured_media":8064,"comment_status":"","ping_status":"","sticky":false,"template":"","format":"standard","meta":[],"categories":[1],"tags":[],"_links":{"self":[{"href":"https:\/\/kraios.app\/news\/wp-json\/wp\/v2\/posts\/8063"}],"collection":[{"href":"https:\/\/kraios.app\/news\/wp-json\/wp\/v2\/posts"}],"about":[{"href":"https:\/\/kraios.app\/news\/wp-json\/wp\/v2\/types\/post"}],"author":[{"embeddable":true,"href":"https:\/\/kraios.app\/news\/wp-json\/wp\/v2\/users\/1"}],"replies":[{"embeddable":true,"href":"https:\/\/kraios.app\/news\/wp-json\/wp\/v2\/comments?post=8063"}],"version-history":[{"count":0,"href":"https:\/\/kraios.app\/news\/wp-json\/wp\/v2\/posts\/8063\/revisions"}],"wp:featuredmedia":[{"embeddable":true,"href":"https:\/\/kraios.app\/news\/wp-json\/wp\/v2\/media\/8064"}],"wp:attachment":[{"href":"https:\/\/kraios.app\/news\/wp-json\/wp\/v2\/media?parent=8063"}],"wp:term":[{"taxonomy":"category","embeddable":true,"href":"https:\/\/kraios.app\/news\/wp-json\/wp\/v2\/categories?post=8063"},{"taxonomy":"post_tag","embeddable":true,"href":"https:\/\/kraios.app\/news\/wp-json\/wp\/v2\/tags?post=8063"}],"curies":[{"name":"wp","href":"https:\/\/api.w.org\/{rel}","templated":true}]}}