{"id":8029,"date":"2023-06-25T17:15:23","date_gmt":"2023-06-25T17:15:23","guid":{"rendered":"https:\/\/kraios.app\/news\/gundem\/2023\/06\/25\/belarus-cumhurbaskani-lukasenko-putin-ile-telefonda-gorustu\/"},"modified":"2023-06-25T17:15:23","modified_gmt":"2023-06-25T17:15:23","slug":"belarus-cumhurbaskani-lukasenko-putin-ile-telefonda-gorustu","status":"publish","type":"post","link":"https:\/\/kraios.app\/news\/gundem\/2023\/06\/25\/belarus-cumhurbaskani-lukasenko-putin-ile-telefonda-gorustu\/","title":{"rendered":"Belarus Cumhurba\u015fkan\u0131 Luka\u015fenko, Putin ile telefonda g\u00f6r\u00fc\u015ft\u00fc"},"content":{"rendered":"<p><\/p>\n<div>\n<p>Belarus Cumhurba\u015fkanl\u0131\u011f\u0131 Bas\u0131n Servisinden yap\u0131lan a\u00e7\u0131klamaya g\u00f6re, Luka\u015fenko telefon diplomasisi yapt\u0131.<\/p>\n<p>Luka\u015fenko, sabah saatlerinde Putin ile telefon g\u00f6r\u00fc\u015fmesinde bulundu.<\/p>\n<h3>Nazarbayev ile telefon g\u00f6r\u00fc\u015fmesi<\/h3>\n<p>G\u00fcn\u00fcn ikinci yar\u0131s\u0131nda ise Luka\u015fenkov, eski Kazakistan Cumhurba\u015fkan\u0131 Nursultan Nazarbayev ile telefonda g\u00f6r\u00fc\u015ft\u00fc.<\/p>\n<p>G\u00f6r\u00fc\u015fmede, uluslararas\u0131 ve b\u00f6lgesel durumun yan\u0131 s\u0131ra Belarus-Kazakistan ili\u015fkileri ele al\u0131nd\u0131.<\/p>\n<h3>Wagner grubunun Rus y\u00f6netimine isyan\u0131<\/h3>\n<p>\u00d6zel g\u00fcvenlik \u015firketi Wagner&#8217;in kurucusu Yevgeniy Prigojin, Rus ordusunu Wagner&#8217;e sald\u0131r\u0131 d\u00fczenlemekle su\u00e7lay\u0131p kar\u015f\u0131l\u0131k vermekle tehdit etmi\u015f, Wagner sava\u015f\u00e7\u0131lar\u0131 Ukrayna&#8217;y\u0131 terk ederek s\u0131n\u0131rdaki Rostov b\u00f6lgesine girmi\u015fti.<\/p>\n<p>Bu durum \u00fczerine, Federal G\u00fcvenlik Servisi (FSB), &#8220;silahl\u0131 isyan&#8221; su\u00e7lamas\u0131yla ceza davas\u0131 a\u00e7m\u0131\u015ft\u0131.<\/p>\n<p>Rusya Devlet Ba\u015fkan\u0131 Vladimir Putin, Wagner&#8217;in isyan\u0131n\u0131 &#8220;vatana ihanet&#8221; olarak nitelendirmi\u015fti.<\/p>\n<p>Prigojin, Moskova&#8217;ya gideceklerini a\u00e7\u0131klam\u0131\u015f, Kremlin y\u00f6netimi ise \u00fclkenin pek \u00e7ok b\u00f6lgesinde g\u00fcvenlik \u00f6nlemlerini art\u0131rm\u0131\u015ft\u0131.<\/p>\n<p>Yevgeniy Prigojin&#8217;in, d\u00fcn Belarus Cumhurba\u015fkan\u0131 Aleksandr Luka\u015fenko&#8217;nun Rusya&#8217;da gerilimi azaltma \u00f6nerisini kabul etti\u011fi bildirilmi\u015fti.<\/p>\n<p>Prigojin, Rus kan\u0131 d\u00f6k\u00fclmesinin sorumlulu\u011funu anlad\u0131klar\u0131n\u0131 ve konvoylar\u0131n\u0131 geri \u00e7evirerek plana g\u00f6re saha kamplar\u0131na geri d\u00f6neceklerini a\u00e7\u0131klam\u0131\u015ft\u0131.<\/p>\n<p>Kremlin S\u00f6zc\u00fcs\u00fc Dmitriy Peskov, Prigojin&#8217;e y\u00f6nelik a\u00e7\u0131lan ceza davas\u0131n\u0131n kapanaca\u011f\u0131n\u0131, isyanc\u0131 liderinin Belarus&#8217;a gidece\u011fini bildirmi\u015fti.<\/p>\n<p>                            <span class=\"detay-foto-editor\">&#13;<br \/>\n                                <a href=\"https:\/\/www.aa.com.tr\/tr\/p\/abonelik-talep-formu\/1001\" target=\"_blank\" style=\"font-size:12px; color:#444; text-decoration:none;\" rel=\"noopener\">&#13;<br \/>\n                                    Anadolu Ajans\u0131 web sitesinde, AA Haber Ak\u0131\u015f Sistemi (HAS) \u00fczerinden abonelere sunulan haberler, \u00f6zetlenerek yay\u0131mlanmaktad\u0131r. <b style=\"color:#1897F7\">Abonelik i\u00e7in l\u00fctfen ileti\u015fime ge\u00e7iniz.<\/b>&#13;<br \/>\n                                <\/a>&#13;<br \/>\n                            <\/span>\n                        <\/div>\n<p><script>\n\t  window.fbAsyncInit = function() {\n\t\tFB.init({\n\t\t  appId: '1855843514662870',\n\t\t  status : true, \/\/ check login status\n\t\t  cookie : true, \/\/ enable cookies to allow the server to access the session\n\t\t  xfbml  : true  \/\/ parse XFBML\n\t\t});\n\t  };<\/p>\n<p>\t  (function() {\n\t\tvar e = document.createElement('script');\n\t\te.src=\"https:\/\/connect.facebook.net\/tr_TR\/all.js\";\n\t\te.async = true;\n\t\tdocument.getElementById('fb-root').appendChild(e);\n\t  }());\n    <\/script><\/p>\n","protected":false},"excerpt":{"rendered":"<p>Belarus Cumhurba\u015fkanl\u0131\u011f\u0131 Bas\u0131n Servisinden yap\u0131lan a\u00e7\u0131klamaya g\u00f6re, Luka\u015fenko telefon diplomasisi yapt\u0131. Luka\u015fenko, sabah saatlerinde Putin ile telefon g\u00f6r\u00fc\u015fmesinde bulundu. Nazarbayev ile telefon g\u00f6r\u00fc\u015fmesi G\u00fcn\u00fcn ikinci yar\u0131s\u0131nda ise Luka\u015fenkov, eski Kazakistan Cumhurba\u015fkan\u0131 Nursultan Nazarbayev ile telefonda g\u00f6r\u00fc\u015ft\u00fc. G\u00f6r\u00fc\u015fmede, uluslararas\u0131 ve b\u00f6lgesel durumun yan\u0131 s\u0131ra Belarus-Kazakistan ili\u015fkileri ele al\u0131nd\u0131. Wagner grubunun Rus y\u00f6netimine isyan\u0131 \u00d6zel g\u00fcvenlik \u015firketi [&hellip;]<\/p>\n","protected":false},"author":1,"featured_media":8030,"comment_status":"","ping_status":"","sticky":false,"template":"","format":"standard","meta":[],"categories":[1],"tags":[],"_links":{"self":[{"href":"https:\/\/kraios.app\/news\/wp-json\/wp\/v2\/posts\/8029"}],"collection":[{"href":"https:\/\/kraios.app\/news\/wp-json\/wp\/v2\/posts"}],"about":[{"href":"https:\/\/kraios.app\/news\/wp-json\/wp\/v2\/types\/post"}],"author":[{"embeddable":true,"href":"https:\/\/kraios.app\/news\/wp-json\/wp\/v2\/users\/1"}],"replies":[{"embeddable":true,"href":"https:\/\/kraios.app\/news\/wp-json\/wp\/v2\/comments?post=8029"}],"version-history":[{"count":0,"href":"https:\/\/kraios.app\/news\/wp-json\/wp\/v2\/posts\/8029\/revisions"}],"wp:featuredmedia":[{"embeddable":true,"href":"https:\/\/kraios.app\/news\/wp-json\/wp\/v2\/media\/8030"}],"wp:attachment":[{"href":"https:\/\/kraios.app\/news\/wp-json\/wp\/v2\/media?parent=8029"}],"wp:term":[{"taxonomy":"category","embeddable":true,"href":"https:\/\/kraios.app\/news\/wp-json\/wp\/v2\/categories?post=8029"},{"taxonomy":"post_tag","embeddable":true,"href":"https:\/\/kraios.app\/news\/wp-json\/wp\/v2\/tags?post=8029"}],"curies":[{"name":"wp","href":"https:\/\/api.w.org\/{rel}","templated":true}]}}