{"id":7981,"date":"2023-06-24T17:56:37","date_gmt":"2023-06-24T17:56:37","guid":{"rendered":"https:\/\/kraios.app\/news\/ekonomi\/2023\/06\/24\/bayburtta-cikarilan-kehribar-ekmek-kapisi-olacak\/"},"modified":"2023-06-24T17:56:37","modified_gmt":"2023-06-24T17:56:37","slug":"bayburtta-cikarilan-kehribar-ekmek-kapisi-olacak","status":"publish","type":"post","link":"https:\/\/kraios.app\/news\/ekonomi\/2023\/06\/24\/bayburtta-cikarilan-kehribar-ekmek-kapisi-olacak\/","title":{"rendered":"Bayburt&#8217;ta \u00e7\u0131kar\u0131lan kehribar &#8220;ekmek kap\u0131s\u0131&#8221; olacak"},"content":{"rendered":"<p> <br \/>\n<\/p>\n<div>\n<p>\u0130l Milli E\u011fitim M\u00fcd\u00fcrl\u00fc\u011f\u00fcn\u00fcn, Do\u011fu Karadeniz Projesi B\u00f6lge Kalk\u0131nma \u0130daresi Ba\u015fkanl\u0131\u011f\u0131 (DOKAP) deste\u011fiyle y\u00fcr\u00fctt\u00fc\u011f\u00fc &#8220;Y\u00f6resel \u00dcretim Yerinde \u0130stihdam Projesi&#8221; kapsam\u0131nda, Halk E\u011fitimi Merkezi M\u00fcd\u00fcrl\u00fc\u011f\u00fc b\u00fcnyesinde kehribar i\u015fleme at\u00f6lyesi kuruldu.<\/p>\n<p>K\u0131sa s\u00fcre \u00f6nce a\u00e7\u0131l\u0131\u015f\u0131 yap\u0131lan ve ilk etapta 12 kursiyerin e\u011fitim ald\u0131\u011f\u0131 at\u00f6lyeye ham getirilen kehribar, Kuyumculuk Teknolojisi B\u00f6l\u00fcm\u00fc \u00f6\u011fretmeni G\u00f6khan Polat nezaretinde i\u015flenerek tespih, y\u00fcz\u00fck, kolye, k\u00fcpe gibi aksesuar ve s\u00fcs e\u015fyalar\u0131na d\u00f6n\u00fc\u015ft\u00fcr\u00fcl\u00fcyor.<\/p>\n<p><img decoding=\"async\" alt=\"\" src=\"https:\/\/www.aa.com.tr\/uploads\/userFiles\/caec1b32-8257-4f58-87b0-6657c62b92b3\/New%20folder%20(19)%2FNew%20folder%20(12)%2FAA-31511821.jpg\"\/><\/p>\n<p>Proje sayesinde kehribar ta\u015f\u0131ndan y\u00f6reye \u00f6zg\u00fc hediyelik e\u015fya \u00fcretimiyle ilgili insan kayna\u011f\u0131n\u0131n yeti\u015ftirilmesi, bu \u00fcr\u00fcnlerin sunumunun yap\u0131laca\u011f\u0131 alanlar olu\u015fturularak kent ekonomisine ve istihdama katk\u0131 sa\u011flanmas\u0131 hedefleniyor.<\/p>\n<h3>&#8220;Bu at\u00f6lyede yap\u0131lacak \u00e7al\u0131\u015fmalar \u00e7ok \u00f6nemli&#8221;<\/h3>\n<p>\u0130l Milli E\u011fitim M\u00fcd\u00fcr\u00fc Rahmi G\u00fcney, AA muhabirine, bu ay a\u00e7\u0131lan at\u00f6lyede Ayd\u0131nc\u0131k k\u00f6y\u00fcnde \u00e7\u0131kan do\u011fal kehribar\u0131n i\u015flenmeye ba\u015flad\u0131\u011f\u0131n\u0131 s\u00f6yledi.<\/p>\n<p><img decoding=\"async\" alt=\"\" src=\"https:\/\/www.aa.com.tr\/uploads\/userFiles\/caec1b32-8257-4f58-87b0-6657c62b92b3\/New%20folder%20(19)%2FNew%20folder%20(12)%2FAA-31511819.jpg\"\/><\/p>\n<p>G\u00fcney, at\u00f6lyede e\u011fitim g\u00f6ren kursiyer say\u0131s\u0131n\u0131n ilerleyen zamanda artaca\u011f\u0131n\u0131 belirterek, &#8220;Kehribar at\u00f6lyesi ilimizin geli\u015fmesine, istihdama \u00e7ok ciddi kaynak sa\u011flayacak. Bayburt&#8217;ta \u00e7\u0131kan kehribar neredeyse alt\u0131nla yar\u0131\u015fan, 3&#8217;te 1 oran\u0131nda alt\u0131na e\u015f de\u011fer bir \u00fcr\u00fcn. \u00c7ok nadir bulunan, ilimizde de \u00e7ok nadir \u00e7\u0131kan organik bir madde. O nedenle bu at\u00f6lyede yap\u0131lacak \u00e7al\u0131\u015fmalar \u00e7ok \u00f6nemli diye d\u00fc\u015f\u00fcn\u00fcyorum.&#8221; diye konu\u015ftu.<\/p>\n<p>At\u00f6lye kurulmas\u0131ndaki as\u0131l amac\u0131n, b\u00f6lgenin kalk\u0131nmas\u0131na ve gen\u00e7 istihdam\u0131na katk\u0131 sa\u011flamak oldu\u011funa dikkati \u00e7eken G\u00fcney, \u015funlar\u0131 kaydetti:<\/p>\n<p>&#8220;Hemen kom\u015fu ilimiz Erzurum&#8217;da Oltu ta\u015f\u0131 ne kadar d\u00fcnya \u00e7ap\u0131nda me\u015fhur olmu\u015fsa ve bir\u00e7ok alanda b\u00f6lgenin kalk\u0131nmas\u0131na marka de\u011feri olarak katk\u0131 sunmu\u015fsa biz de ilimizde kursiyerlerimize, \u00f6\u011frencilerimize Bayburt kehribar\u0131n\u0131n i\u015flemesini \u00f6\u011fretip bunu ekonomiye kazand\u0131rmak istiyoruz. Zaten Bayburt turizm potansiyeli olan bir il. Yaylalar\u0131, \u00c7oruh Nehri ve di\u011fer do\u011fal g\u00fczelliklerini g\u00f6rmek i\u00e7in ilimize gelen misafirlere bu objelerin sat\u0131lmas\u0131yla \u00f6nemli bir girdi sa\u011flanaca\u011f\u0131n\u0131 d\u00fc\u015f\u00fcn\u00fcyoruz. Projeyi hayata ge\u00e7irmemizde destek veren Valimiz C\u00fcneyt Epcim ile DOKAP Ba\u015fkan\u0131 Hakan G\u00fcltekin&#8217;e te\u015fekk\u00fcrlerimizi sunuyoruz.&#8221;<\/p>\n<p><img decoding=\"async\" alt=\"\" src=\"https:\/\/www.aa.com.tr\/uploads\/userFiles\/caec1b32-8257-4f58-87b0-6657c62b92b3\/New%20folder%20(19)%2FNew%20folder%20(12)%2FAA-31511817.jpg\"\/><\/p>\n<p>At\u00f6lyede k\u0131sa s\u00fcrede seri \u00fcretime ge\u00e7ilece\u011fini anlatan G\u00fcney, Bayburt \u00dcniversitesi i\u015fbirli\u011fiyle kehribara co\u011frafi i\u015faret almak i\u00e7in bilimsel \u00e7al\u0131\u015fma yapt\u0131klar\u0131n\u0131 da bildirdi.<\/p>\n<p>Ta\u015f ustas\u0131 42 ya\u015f\u0131ndaki Bayram \u0130pek, eli yatk\u0131n oldu\u011fu i\u00e7in kursa ba\u015fvurdu\u011funu s\u00f6yledi.<\/p>\n<p>Yeni ba\u015flamas\u0131na kar\u015f\u0131n k\u0131sa s\u00fcrede kehribar i\u015flemeyi \u00f6\u011frendi\u011fini belirten \u0130pek, &#8220;Nasip olursa burada \u00f6\u011frendiklerimizden sonra at\u00f6lye a\u00e7may\u0131 d\u00fc\u015f\u00fcn\u00fcyorum. Hatta \u015fu anda gerekli aletleri, makineleri ald\u0131m. Yine valilik deste\u011fiyle bir at\u00f6lye yeri ayarlamaya \u00e7al\u0131\u015f\u0131yoruz. \u0130n\u015fallah kehribar\u0131 \u00e7\u0131kt\u0131\u011f\u0131 yerde i\u015fleyip t\u00fcm d\u00fcnyaya g\u00f6nderece\u011fiz. Amac\u0131m\u0131z, hedefimiz bu.&#8221; dedi.<\/p>\n<p>                            <span class=\"detay-foto-editor\">&#13;<br \/>\n                                <a href=\"https:\/\/www.aa.com.tr\/tr\/p\/abonelik-talep-formu\/1001\" target=\"_blank\" style=\"font-size:12px; color:#444; text-decoration:none;\" rel=\"noopener\">&#13;<br \/>\n                                    Anadolu Ajans\u0131 web sitesinde, AA Haber Ak\u0131\u015f Sistemi (HAS) \u00fczerinden abonelere sunulan haberler, \u00f6zetlenerek yay\u0131mlanmaktad\u0131r. <b style=\"color:#1897F7\">Abonelik i\u00e7in l\u00fctfen ileti\u015fime ge\u00e7iniz.<\/b>&#13;<br \/>\n                                <\/a>&#13;<br \/>\n                            <\/span>\n                        <\/div>\n<p><script>\n\t  window.fbAsyncInit = function() {\n\t\tFB.init({\n\t\t  appId: '1855843514662870',\n\t\t  status : true, \/\/ check login status\n\t\t  cookie : true, \/\/ enable cookies to allow the server to access the session\n\t\t  xfbml  : true  \/\/ parse XFBML\n\t\t});\n\t  };<\/p>\n<p>\t  (function() {\n\t\tvar e = document.createElement('script');\n\t\te.src=\"https:\/\/connect.facebook.net\/tr_TR\/all.js\";\n\t\te.async = true;\n\t\tdocument.getElementById('fb-root').appendChild(e);\n\t  }());\n    <\/script><br \/>\n<br \/><br \/>\n<br \/><a href=\"https:\/\/www.aa.com.tr\/tr\/ekonomi\/bayburtta-cikarilan-kehribar-ekmek-kapisi-olacak\/2930261\">Source link <\/a><\/p>\n","protected":false},"excerpt":{"rendered":"<p>\u0130l Milli E\u011fitim M\u00fcd\u00fcrl\u00fc\u011f\u00fcn\u00fcn, Do\u011fu Karadeniz Projesi B\u00f6lge Kalk\u0131nma \u0130daresi Ba\u015fkanl\u0131\u011f\u0131 (DOKAP) deste\u011fiyle y\u00fcr\u00fctt\u00fc\u011f\u00fc &#8220;Y\u00f6resel \u00dcretim Yerinde \u0130stihdam Projesi&#8221; kapsam\u0131nda, Halk E\u011fitimi Merkezi M\u00fcd\u00fcrl\u00fc\u011f\u00fc b\u00fcnyesinde kehribar i\u015fleme at\u00f6lyesi kuruldu. K\u0131sa s\u00fcre \u00f6nce a\u00e7\u0131l\u0131\u015f\u0131 yap\u0131lan ve ilk etapta 12 kursiyerin e\u011fitim ald\u0131\u011f\u0131 at\u00f6lyeye ham getirilen kehribar, Kuyumculuk Teknolojisi B\u00f6l\u00fcm\u00fc \u00f6\u011fretmeni G\u00f6khan Polat nezaretinde i\u015flenerek tespih, y\u00fcz\u00fck, [&hellip;]<\/p>\n","protected":false},"author":1,"featured_media":7982,"comment_status":"","ping_status":"","sticky":false,"template":"","format":"standard","meta":[],"categories":[44],"tags":[],"_links":{"self":[{"href":"https:\/\/kraios.app\/news\/wp-json\/wp\/v2\/posts\/7981"}],"collection":[{"href":"https:\/\/kraios.app\/news\/wp-json\/wp\/v2\/posts"}],"about":[{"href":"https:\/\/kraios.app\/news\/wp-json\/wp\/v2\/types\/post"}],"author":[{"embeddable":true,"href":"https:\/\/kraios.app\/news\/wp-json\/wp\/v2\/users\/1"}],"replies":[{"embeddable":true,"href":"https:\/\/kraios.app\/news\/wp-json\/wp\/v2\/comments?post=7981"}],"version-history":[{"count":0,"href":"https:\/\/kraios.app\/news\/wp-json\/wp\/v2\/posts\/7981\/revisions"}],"wp:featuredmedia":[{"embeddable":true,"href":"https:\/\/kraios.app\/news\/wp-json\/wp\/v2\/media\/7982"}],"wp:attachment":[{"href":"https:\/\/kraios.app\/news\/wp-json\/wp\/v2\/media?parent=7981"}],"wp:term":[{"taxonomy":"category","embeddable":true,"href":"https:\/\/kraios.app\/news\/wp-json\/wp\/v2\/categories?post=7981"},{"taxonomy":"post_tag","embeddable":true,"href":"https:\/\/kraios.app\/news\/wp-json\/wp\/v2\/tags?post=7981"}],"curies":[{"name":"wp","href":"https:\/\/api.w.org\/{rel}","templated":true}]}}