{"id":7963,"date":"2023-06-24T14:20:05","date_gmt":"2023-06-24T14:20:05","guid":{"rendered":"https:\/\/kraios.app\/news\/gundem\/2023\/06\/24\/ingiltere-rusyaya-seyahat-uyarisini-guncelledi\/"},"modified":"2023-06-24T14:20:05","modified_gmt":"2023-06-24T14:20:05","slug":"ingiltere-rusyaya-seyahat-uyarisini-guncelledi","status":"publish","type":"post","link":"https:\/\/kraios.app\/news\/gundem\/2023\/06\/24\/ingiltere-rusyaya-seyahat-uyarisini-guncelledi\/","title":{"rendered":"\u0130ngiltere Rusya&#8217;ya seyahat uyar\u0131s\u0131n\u0131 g\u00fcncelledi"},"content":{"rendered":"<p><\/p>\n<div>\n<p>D\u0131\u015fi\u015fleri Bakan\u0131 James Cleverly, geli\u015fmelere ili\u015fkin Twitter hesab\u0131ndan yapt\u0131\u011f\u0131 payla\u015f\u0131mda, &#8220;Rus ordusu ve Wagner grubunun dahil oldu\u011fu geli\u015fmeleri dikkatle izliyor ve m\u00fcttefiklerimizle yak\u0131n i\u015fbirli\u011fimize devam ediyoruz.&#8221; ifadesini kulland\u0131.<\/p>\n<p>D\u0131\u015fi\u015fleri Bakanl\u0131\u011f\u0131 ise Rusya-Ukrayna Sava\u015f\u0131&#8217;n\u0131n ba\u015flamas\u0131yla yay\u0131mlad\u0131\u011f\u0131 seyahat uyar\u0131lar\u0131n\u0131 g\u00fcncelledi. \u00dclkenin Ukrayna s\u0131n\u0131rlar\u0131, Moskova, St Petersburg ve Rostov&#8217;a seyahat uyar\u0131s\u0131 yinelendi.<\/p>\n<p>\u00d6zellikle Rostov&#8217;daki askeri gerilim ile g\u00fcvensizlik ortam\u0131na i\u015faret edilen a\u00e7\u0131klamada, &#8220;Rusya&#8217;da bulunman\u0131z gerekmiyorsa var olan ula\u015f\u0131m ara\u00e7lar\u0131yla \u00fclkeyi terk etmenizi \u015fiddetle tavsiye ediyoruz. D\u0131\u015fi\u015fleri Bakanl\u0131\u011f\u0131 uyar\u0131s\u0131n\u0131 dikkate almaman\u0131z halinde seyahat sigortan\u0131z ge\u00e7ersiz k\u0131l\u0131nabilir. Seyahat tavsiye edilmeyen noktalarda konsolosluk hizmetleri de k\u0131s\u0131tl\u0131d\u0131r.&#8221; ifadelerine yer verildi.<\/p>\n<p>Bu gece itibar\u0131yla \u00fclkenin g\u00fcneyindeki Rostov b\u00f6lgesinde de Wagner grubunun \u00e7e\u015fitli noktalar\u0131 i\u015fgal etti\u011fi belirtilen a\u00e7\u0131klamada, askeri hareketlilik konusunda uyar\u0131da bulunuldu.<\/p>\n<p>A\u00e7\u0131klamada \u015funlar kaydedildi:<\/p>\n<p>&#8220;Durum tahmin edilemez olmay\u0131 s\u00fcrd\u00fcrmekte ve herhangi bir uyar\u0131 olmaks\u0131z\u0131n gerginli\u011fin artma ihtimali bulunmaktad\u0131r. Bu d\u00f6nemde Moskova, St Petersburg ve Rusya&#8217;n\u0131n farkl\u0131 yerlerinde siyasi g\u00f6steriler yap\u0131labilir. Bu durumlarda yerel medyadaki a\u00e7\u0131klamalar\u0131 takip edip kalabal\u0131k toplant\u0131lardan ve mitinglerden ka\u00e7\u0131nman\u0131z tavsiye edilir.&#8221;<\/p>\n<p>Rusya&#8217;dan \u0130ngiltere ve Avrupa Birli\u011fi \u00fclkelerine u\u00e7u\u015f yap\u0131lmad\u0131\u011f\u0131 bilgisi de a\u00e7\u0131klamada hat\u0131rlat\u0131ld\u0131.<\/p>\n<h3>Wagner grubunun Rus y\u00f6netimine isyan\u0131<\/h3>\n<p>Wagner&#8217;in kurucusu Yevgeniy Prigojin, Rus ordusunu Wagner&#8217;e sald\u0131r\u0131 d\u00fczenlemekle su\u00e7lay\u0131p kar\u015f\u0131l\u0131k vermekle tehdit etmi\u015fti.<\/p>\n<p>Bu durum \u00fczerine Federal G\u00fcvenlik Servisi (FSB), &#8220;silahl\u0131 isyan&#8221; su\u00e7lamas\u0131yla ceza davas\u0131 a\u00e7m\u0131\u015ft\u0131.<\/p>\n<p>Rusya Savunma Bakanl\u0131\u011f\u0131ndan yap\u0131lan a\u00e7\u0131klamada, Wagner&#8217;in kamplar\u0131na sald\u0131r\u0131 d\u00fczenlendi\u011fi y\u00f6n\u00fcndeki iddialar yalanlanm\u0131\u015ft\u0131.<\/p>\n<p>Bakanl\u0131k, bu sabah yapt\u0131\u011f\u0131 a\u00e7\u0131klamada, t\u00fcm Wagner sava\u015f\u00e7\u0131lar\u0131na &#8220;ihtiyatl\u0131 olmalar\u0131&#8221; ve kolluk kuvvetleriyle ileti\u015fime ge\u00e7meleri \u00e7a\u011fr\u0131s\u0131nda bulunmu\u015ftu.<\/p>\n<p>                            <span class=\"detay-foto-editor\">&#13;<br \/>\n                                <a href=\"https:\/\/www.aa.com.tr\/tr\/p\/abonelik-talep-formu\/1001\" target=\"_blank\" style=\"font-size:12px; color:#444; text-decoration:none;\" rel=\"noopener\">&#13;<br \/>\n                                    Anadolu Ajans\u0131 web sitesinde, AA Haber Ak\u0131\u015f Sistemi (HAS) \u00fczerinden abonelere sunulan haberler, \u00f6zetlenerek yay\u0131mlanmaktad\u0131r. <b style=\"color:#1897F7\">Abonelik i\u00e7in l\u00fctfen ileti\u015fime ge\u00e7iniz.<\/b>&#13;<br \/>\n                                <\/a>&#13;<br \/>\n                            <\/span>\n                        <\/div>\n<p><script>\n\t  window.fbAsyncInit = function() {\n\t\tFB.init({\n\t\t  appId: '1855843514662870',\n\t\t  status : true, \/\/ check login status\n\t\t  cookie : true, \/\/ enable cookies to allow the server to access the session\n\t\t  xfbml  : true  \/\/ parse XFBML\n\t\t});\n\t  };<\/p>\n<p>\t  (function() {\n\t\tvar e = document.createElement('script');\n\t\te.src=\"https:\/\/connect.facebook.net\/tr_TR\/all.js\";\n\t\te.async = true;\n\t\tdocument.getElementById('fb-root').appendChild(e);\n\t  }());\n    <\/script><\/p>\n","protected":false},"excerpt":{"rendered":"<p>D\u0131\u015fi\u015fleri Bakan\u0131 James Cleverly, geli\u015fmelere ili\u015fkin Twitter hesab\u0131ndan yapt\u0131\u011f\u0131 payla\u015f\u0131mda, &#8220;Rus ordusu ve Wagner grubunun dahil oldu\u011fu geli\u015fmeleri dikkatle izliyor ve m\u00fcttefiklerimizle yak\u0131n i\u015fbirli\u011fimize devam ediyoruz.&#8221; ifadesini kulland\u0131. D\u0131\u015fi\u015fleri Bakanl\u0131\u011f\u0131 ise Rusya-Ukrayna Sava\u015f\u0131&#8217;n\u0131n ba\u015flamas\u0131yla yay\u0131mlad\u0131\u011f\u0131 seyahat uyar\u0131lar\u0131n\u0131 g\u00fcncelledi. \u00dclkenin Ukrayna s\u0131n\u0131rlar\u0131, Moskova, St Petersburg ve Rostov&#8217;a seyahat uyar\u0131s\u0131 yinelendi. \u00d6zellikle Rostov&#8217;daki askeri gerilim ile g\u00fcvensizlik [&hellip;]<\/p>\n","protected":false},"author":1,"featured_media":7964,"comment_status":"","ping_status":"","sticky":false,"template":"","format":"standard","meta":[],"categories":[1],"tags":[],"_links":{"self":[{"href":"https:\/\/kraios.app\/news\/wp-json\/wp\/v2\/posts\/7963"}],"collection":[{"href":"https:\/\/kraios.app\/news\/wp-json\/wp\/v2\/posts"}],"about":[{"href":"https:\/\/kraios.app\/news\/wp-json\/wp\/v2\/types\/post"}],"author":[{"embeddable":true,"href":"https:\/\/kraios.app\/news\/wp-json\/wp\/v2\/users\/1"}],"replies":[{"embeddable":true,"href":"https:\/\/kraios.app\/news\/wp-json\/wp\/v2\/comments?post=7963"}],"version-history":[{"count":0,"href":"https:\/\/kraios.app\/news\/wp-json\/wp\/v2\/posts\/7963\/revisions"}],"wp:featuredmedia":[{"embeddable":true,"href":"https:\/\/kraios.app\/news\/wp-json\/wp\/v2\/media\/7964"}],"wp:attachment":[{"href":"https:\/\/kraios.app\/news\/wp-json\/wp\/v2\/media?parent=7963"}],"wp:term":[{"taxonomy":"category","embeddable":true,"href":"https:\/\/kraios.app\/news\/wp-json\/wp\/v2\/categories?post=7963"},{"taxonomy":"post_tag","embeddable":true,"href":"https:\/\/kraios.app\/news\/wp-json\/wp\/v2\/tags?post=7963"}],"curies":[{"name":"wp","href":"https:\/\/api.w.org\/{rel}","templated":true}]}}