{"id":7961,"date":"2023-06-24T13:20:07","date_gmt":"2023-06-24T13:20:07","guid":{"rendered":"https:\/\/kraios.app\/news\/ekonomi\/2023\/06\/24\/bakan-yumaklidan-tuketici-sagliginin-korunmasina-yonelik-kontrollerle-ilgili-aciklama\/"},"modified":"2023-06-24T13:20:07","modified_gmt":"2023-06-24T13:20:07","slug":"bakan-yumaklidan-tuketici-sagliginin-korunmasina-yonelik-kontrollerle-ilgili-aciklama","status":"publish","type":"post","link":"https:\/\/kraios.app\/news\/ekonomi\/2023\/06\/24\/bakan-yumaklidan-tuketici-sagliginin-korunmasina-yonelik-kontrollerle-ilgili-aciklama\/","title":{"rendered":"Bakan Yumakl\u0131&#8217;dan t\u00fcketici sa\u011fl\u0131\u011f\u0131n\u0131n korunmas\u0131na y\u00f6nelik kontrollerle ilgili a\u00e7\u0131klama"},"content":{"rendered":"<p> <br \/>\n<\/p>\n<div>\n<p>\u0130zmir program\u0131 kapsam\u0131nda AK Parti \u0130zmir \u0130l Ba\u015fkanl\u0131\u011f\u0131n\u0131 ziyaret eden Yumakl\u0131, burada yapt\u0131\u011f\u0131 konu\u015fmada ormanlar\u0131n y\u00fczde 60&#8217;\u0131n\u0131n birinci ve ikinci derece yang\u0131n riski ta\u015f\u0131d\u0131\u011f\u0131n\u0131, bu konuda fark\u0131ndal\u0131k olu\u015fturmak i\u00e7in kentte \u00f6nemli bir tatbikat ger\u00e7ekle\u015ftirdiklerini s\u00f6yledi.<\/p>\n<p>Yumakl\u0131, orman yang\u0131nlar\u0131yla m\u00fccadelede vatanda\u015flar\u0131n deste\u011finin \u00e7ok \u00f6nemli oldu\u011funu dile getirerek vatanda\u015flar\u0131n kendilerine g\u00f6sterilen alanlar\u0131n d\u0131\u015f\u0131nda piknik gibi etkinlikler yapmamas\u0131n\u0131 istedi.<\/p>\n<p>G\u0131da denetimleriyle ilgili yay\u0131nlanan bir i\u00e7 talimat\u0131n kamuoyunda yanl\u0131\u015f anlamalara neden oldu\u011funa i\u015faret eden Bakan Yumakl\u0131, her y\u0131l yakla\u015f\u0131k 2 milyon g\u0131da denetimi yap\u0131ld\u0131\u011f\u0131n\u0131, ekiplerin planlamalar ve kendilerine gelen ihbarlar kapsam\u0131nda sahada t\u00fcm unsurlar\u0131 dikkate alarak denetim yapt\u0131\u011f\u0131n\u0131 aktard\u0131.<\/p>\n<p>Bakan Yumakl\u0131, \u015f\u00f6yle konu\u015ftu:<\/p>\n<p>&#8220;Bu konuyla alakal\u0131 bir i\u00e7 talimat\u0131n kamuoyu taraf\u0131ndan yanl\u0131\u015f anla\u015f\u0131lmas\u0131 var. Bunu hakl\u0131 g\u00f6r\u00fcyorum a\u00e7\u0131k\u00e7as\u0131. Bizim bu konuda daha dikkatli olmam\u0131z gerekir. Bu tamamen bir i\u00e7 uygulaman\u0131n, i\u00e7 talimat\u0131n yay\u0131nlanmas\u0131yd\u0131. Arkada\u015flar\u0131m\u0131za da talimat\u0131 verdik. \u0130\u00e7 talimatlar\u0131 yenileyecekler. Kamuoyunun da bu hassasiyetini b\u00f6ylece gidermi\u015f olaca\u011f\u0131z.<\/p>\n<p>Bug\u00fcne kadar nas\u0131l yap\u0131l\u0131yorsa, ne denetimi yap\u0131l\u0131yorsa yine ayn\u0131s\u0131 yap\u0131lacak. Genele \u015famil olmas\u0131 m\u00fcmk\u00fcn de\u011fil ama elbette orada bir yanl\u0131\u015f anlama olu\u015fmu\u015f. Denetimin i\u00e7eri\u011finde ve niteli\u011finde bir de\u011fi\u015fim olmas\u0131n\u0131n imkan\u0131 yok, s\u00f6z konusu bile de\u011fil. T\u00fcrkiye&#8217;nin b\u00fct\u00fcn g\u0131da g\u00fcvenli\u011fi, g\u0131da g\u00fcvencesi \u00fczerinde olan bir bakanl\u0131\u011f\u0131n bir \u00fcr\u00fcnle an\u0131larak o \u00fcr\u00fcn \u00fczerinden tan\u0131mlanmas\u0131n\u0131 d\u00fc\u015f\u00fcnemiyorum.&#8221;<\/p>\n<h3>Lahmacun denetimi \u00f6rne\u011fi<\/h3>\n<p>Konu\u015fmas\u0131nda lahmacun \u00fczerinden denetim \u00f6rne\u011fi veren Yumakl\u0131, \u015funlar\u0131 kaydetti:<\/p>\n<p>&#8220;Art\u0131k lahmacunun i\u00e7erisinde her \u015fey olacak m\u0131? Kesinlikle s\u00f6z konusu de\u011fil. E\u011fer siz bir lahmacun yiyecekseniz onun i\u00e7erisinde olmas\u0131 gereken neyse onun malzemesini benim arkada\u015flar\u0131m ayn\u0131 \u015fekilde kontrol edecekler ve denetleyecekler. Bu zamana kadar ne yap\u0131ld\u0131ysa, ne olmas\u0131 gerekiyorsa, neye izin verilmesi gerekiyorsa ayn\u0131 \u015fekilde devam edecek. Bunun d\u0131\u015f\u0131nda bir \u00fcr\u00fcn\u00fcn i\u00e7erisindeki malzemelerin &#8216;Art\u0131k istedi\u011finiz gibi bunu yapabilirsiniz&#8217; \u015feklinde izin verilmesi veya buna izin verecek bir talimat\u0131n yay\u0131nlanmas\u0131 s\u00f6z konusu bile de\u011fil.&#8221;<\/p>\n<p>Yumakl\u0131, T\u00fcrkiye&#8217;nin g\u0131da g\u00fcvenli\u011finin emanet edildi\u011fi bir bakanl\u0131\u011f\u0131n bu \u015fekilde g\u00fcndem olmas\u0131n\u0131n \u00e7ok ho\u015f olmad\u0131\u011f\u0131n\u0131, vatanda\u015flar\u0131n kafas\u0131nda hi\u00e7bir \u015fekilde \u015f\u00fcphe olu\u015fmamas\u0131 gerekti\u011fini de belirterek, &#8220;Vatanda\u015flar\u0131m\u0131z m\u00fcsterih olsunlar. Biz her zaman buraday\u0131z. Bu t\u00fcr k\u00f6t\u00fc kullan\u0131mlara hi\u00e7bir \u015fekilde izin vermeyece\u011fiz. Zerre kadar da tahamm\u00fcl\u00fcm\u00fcz ve bununla ilgili herhangi bir ho\u015fg\u00f6r\u00fcm\u00fcz olamaz.&#8221; ifadelerini kulland\u0131.<\/p>\n<p>                            <span class=\"detay-foto-editor\">&#13;<br \/>\n                                <a href=\"https:\/\/www.aa.com.tr\/tr\/p\/abonelik-talep-formu\/1001\" target=\"_blank\" style=\"font-size:12px; color:#444; text-decoration:none;\" rel=\"noopener\">&#13;<br \/>\n                                    Anadolu Ajans\u0131 web sitesinde, AA Haber Ak\u0131\u015f Sistemi (HAS) \u00fczerinden abonelere sunulan haberler, \u00f6zetlenerek yay\u0131mlanmaktad\u0131r. <b style=\"color:#1897F7\">Abonelik i\u00e7in l\u00fctfen ileti\u015fime ge\u00e7iniz.<\/b>&#13;<br \/>\n                                <\/a>&#13;<br \/>\n                            <\/span>\n                        <\/div>\n<p><script>\n\t  window.fbAsyncInit = function() {\n\t\tFB.init({\n\t\t  appId: '1855843514662870',\n\t\t  status : true, \/\/ check login status\n\t\t  cookie : true, \/\/ enable cookies to allow the server to access the session\n\t\t  xfbml  : true  \/\/ parse XFBML\n\t\t});\n\t  };<\/p>\n<p>\t  (function() {\n\t\tvar e = document.createElement('script');\n\t\te.src=\"https:\/\/connect.facebook.net\/tr_TR\/all.js\";\n\t\te.async = true;\n\t\tdocument.getElementById('fb-root').appendChild(e);\n\t  }());\n    <\/script><br \/>\n<br \/><br \/>\n<br \/><a href=\"https:\/\/www.aa.com.tr\/tr\/ekonomi\/bakan-yumaklidan-tuketici-sagliginin-korunmasina-yonelik-kontrollerle-ilgili-aciklama\/2930345\">Source link <\/a><\/p>\n","protected":false},"excerpt":{"rendered":"<p>\u0130zmir program\u0131 kapsam\u0131nda AK Parti \u0130zmir \u0130l Ba\u015fkanl\u0131\u011f\u0131n\u0131 ziyaret eden Yumakl\u0131, burada yapt\u0131\u011f\u0131 konu\u015fmada ormanlar\u0131n y\u00fczde 60&#8217;\u0131n\u0131n birinci ve ikinci derece yang\u0131n riski ta\u015f\u0131d\u0131\u011f\u0131n\u0131, bu konuda fark\u0131ndal\u0131k olu\u015fturmak i\u00e7in kentte \u00f6nemli bir tatbikat ger\u00e7ekle\u015ftirdiklerini s\u00f6yledi. Yumakl\u0131, orman yang\u0131nlar\u0131yla m\u00fccadelede vatanda\u015flar\u0131n deste\u011finin \u00e7ok \u00f6nemli oldu\u011funu dile getirerek vatanda\u015flar\u0131n kendilerine g\u00f6sterilen alanlar\u0131n d\u0131\u015f\u0131nda piknik gibi etkinlikler yapmamas\u0131n\u0131 [&hellip;]<\/p>\n","protected":false},"author":1,"featured_media":7962,"comment_status":"","ping_status":"","sticky":false,"template":"","format":"standard","meta":[],"categories":[44],"tags":[],"_links":{"self":[{"href":"https:\/\/kraios.app\/news\/wp-json\/wp\/v2\/posts\/7961"}],"collection":[{"href":"https:\/\/kraios.app\/news\/wp-json\/wp\/v2\/posts"}],"about":[{"href":"https:\/\/kraios.app\/news\/wp-json\/wp\/v2\/types\/post"}],"author":[{"embeddable":true,"href":"https:\/\/kraios.app\/news\/wp-json\/wp\/v2\/users\/1"}],"replies":[{"embeddable":true,"href":"https:\/\/kraios.app\/news\/wp-json\/wp\/v2\/comments?post=7961"}],"version-history":[{"count":0,"href":"https:\/\/kraios.app\/news\/wp-json\/wp\/v2\/posts\/7961\/revisions"}],"wp:featuredmedia":[{"embeddable":true,"href":"https:\/\/kraios.app\/news\/wp-json\/wp\/v2\/media\/7962"}],"wp:attachment":[{"href":"https:\/\/kraios.app\/news\/wp-json\/wp\/v2\/media?parent=7961"}],"wp:term":[{"taxonomy":"category","embeddable":true,"href":"https:\/\/kraios.app\/news\/wp-json\/wp\/v2\/categories?post=7961"},{"taxonomy":"post_tag","embeddable":true,"href":"https:\/\/kraios.app\/news\/wp-json\/wp\/v2\/tags?post=7961"}],"curies":[{"name":"wp","href":"https:\/\/api.w.org\/{rel}","templated":true}]}}