{"id":7916,"date":"2023-06-23T23:20:04","date_gmt":"2023-06-23T23:20:04","guid":{"rendered":"https:\/\/kraios.app\/news\/gundem\/2023\/06\/23\/rus-devleti-ile-wagner-grubu-arasinda-kriz-cikti\/"},"modified":"2023-06-23T23:20:04","modified_gmt":"2023-06-23T23:20:04","slug":"rus-devleti-ile-wagner-grubu-arasinda-kriz-cikti","status":"publish","type":"post","link":"https:\/\/kraios.app\/news\/gundem\/2023\/06\/23\/rus-devleti-ile-wagner-grubu-arasinda-kriz-cikti\/","title":{"rendered":"Rus devleti ile Wagner grubu aras\u0131nda kriz \u00e7\u0131kt\u0131"},"content":{"rendered":"<p><\/p>\n<div>\n<p>Rus g\u00fcvenlik \u015firketi Wagner&#8217;in kurucusu Yevgeniy Prigojin&#8217;in, Rus ordusunu Wagner&#8217;e sald\u0131r\u0131 d\u00fczenlemekle su\u00e7lamas\u0131 ve kar\u015f\u0131l\u0131k vermekle tehdit etmesinin ard\u0131ndan \u00fclkenin Federal G\u00fcvenlik Servisi (FSB) &#8220;silahl\u0131 isyan&#8221; su\u00e7lamas\u0131yla ceza davas\u0131 a\u00e7t\u0131.<\/p>\n<p>Prigojin, Telegram kanal\u0131ndan yapt\u0131\u011f\u0131 a\u00e7\u0131klamada, Rus ordusunun Wagner&#8217;in kamplar\u0131na sald\u0131r\u0131 d\u00fczenledi\u011fini ileri s\u00fcrd\u00fc.<\/p>\n<p>Rusya Savunma Bakanl\u0131\u011f\u0131n\u0131n Wagner&#8217;i kand\u0131rd\u0131\u011f\u0131n\u0131 ve ortadan kald\u0131rmak istedi\u011fini savunan Prigojin, &#8220;Rusya Savunma Bakanl\u0131\u011f\u0131na taviz vermeye, silahlar\u0131m\u0131z\u0131 teslim etmeye ve ileride \u00fclkemizin ne \u015fekilde korunaca\u011f\u0131 konusunda \u00e7\u00f6z\u00fcm bulmaya haz\u0131rd\u0131k.&#8221; dedi.<\/p>\n<p>Prigojin, &#8220;Bug\u00fcn bizim kamplar\u0131m\u0131za f\u00fczelerle sald\u0131r\u0131 d\u00fczenlediler. \u00c7ok say\u0131da askerimiz \u00f6ld\u00fc.&#8221; iddias\u0131nda bulundu.<\/p>\n<p>Wagner&#8217;in buna kar\u015f\u0131l\u0131k verece\u011fini vurgulayan Prigojin, \u015fu \u015fekilde devam etti:<\/p>\n<p>&#8220;Wagner konseyi karar ald\u0131. \u00dclkemizin askeri y\u00f6netiminin yapt\u0131\u011f\u0131 k\u00f6t\u00fcl\u00fc\u011f\u00fcn durdurulmas\u0131 gerekiyor. Bug\u00fcn adamlar\u0131m\u0131z\u0131 \u00f6ld\u00fcren ve 10 binlerce Rus askerin \u00f6l\u00fcm\u00fcne neden olanlar cezaland\u0131r\u0131lacak. Herkesi buna kar\u015f\u0131 koymamaya \u00e7a\u011f\u0131r\u0131yorum. Kar\u015f\u0131m\u0131za \u00e7\u0131kan\u0131 tehdit olarak kabul edece\u011fiz ve an\u0131nda yok edece\u011fiz. Yolumuzu kesmeye \u00e7al\u0131\u015fmay\u0131n. Ba\u015flatt\u0131\u011f\u0131m\u0131z\u0131 sonland\u0131rd\u0131ktan sonra tekrar cepheye d\u00f6nece\u011fiz ve \u00fclkemizi korumaya devam edece\u011fiz. Askerlerimizi \u00f6ld\u00fcrenleri yok edece\u011fiz ve adaleti sa\u011flayaca\u011f\u0131z. 25 bin insan\u0131m\u0131z var ve \u00fclkedeki kaosu \u00e7\u00f6zmeye gidiyoruz. 25 bin ki\u015filik taktik ve stratejik g\u00fcc\u00fcm\u00fcz bekliyor. Herkesi bize kat\u0131lmaya davet ediyorum. Bu bir askeri darbe de\u011fil. Bu adalet harekat\u0131d\u0131r. Eylemlerimiz orduya engel de\u011fil. Rus askerlerinin bir\u00e7o\u011fu bizi destekliyor. Bize destek mesajlar\u0131 g\u00f6nderiyor.&#8221;<\/p>\n<p>Rusya Savunma Bakan\u0131 Sergey \u015eoygu&#8217;nun &#8220;Wagner&#8217;i yok etmek amac\u0131yla operasyon d\u00fczenlemek i\u00e7in Rostov b\u00f6lgesine geldi\u011fini ve top\u00e7u birlikleri ile hava kuvvetlerini bunun i\u00e7in kulland\u0131\u011f\u0131n\u0131&#8221; savunan Prigojin, b\u00f6lgede sava\u015fta \u00f6len 2 binden fazla Rus askerinin cesetlerinin bulundu\u011funu ve kay\u0131plar\u0131n\u0131n gizlendi\u011fini \u00f6ne s\u00fcrd\u00fc.<\/p>\n<h3>Rusya Savunma Bakanl\u0131\u011f\u0131 sald\u0131r\u0131y\u0131 yalanlad\u0131<\/h3>\n<p>Rusya Savunma Bakanl\u0131\u011f\u0131ndan yap\u0131lan a\u00e7\u0131klamada ise Wagner&#8217;in kamplar\u0131na dair sosyal medyada yer alan g\u00f6r\u00fcnt\u00fclerin &#8220;sahte&#8221; ve &#8220;provakasyon&#8221; oldu\u011fu belirtildi.<\/p>\n<p>Kremlin S\u00f6zc\u00fcs\u00fc Dmitriy Peskov da konuya ili\u015fkin yapt\u0131\u011f\u0131 a\u00e7\u0131klamada, Rusya Devlet Ba\u015fkan\u0131 Vladimir Putin&#8217;e olayla ilgili bilgi verildi\u011fini ve bu konuda gerekli \u00f6nlemlerin al\u0131nd\u0131\u011f\u0131n\u0131 bildirdi.<\/p>\n<h3>FSB devreye girdi<\/h3>\n<p>Rusya Ulusal Ter\u00f6rle M\u00fccadele Komitesinden yap\u0131lan a\u00e7\u0131klamada ise Prigojin&#8217;in a\u00e7\u0131klamalar\u0131n\u0131n ger\u00e7ek olmad\u0131\u011f\u0131 kaydedilerek, &#8220;FSB silahl\u0131 isyan \u00e7a\u011fr\u0131s\u0131nda bulunulmas\u0131na kar\u015f\u0131 ceza davas\u0131 a\u00e7t\u0131. Gayrime\u015fru eylemlere derhal son verilmesini talep ediyoruz.&#8221; ifadeleri kullan\u0131ld\u0131.<\/p>\n<h3>Moskova&#8217;da g\u00fcvenlik \u00f6nlemleri art\u0131r\u0131ld\u0131<\/h3>\n<p>Rus devleti ile g\u00fcvenlik \u015firketi Wagner aras\u0131ndaki kriz nedeniyle Moskova&#8217;da g\u00fcvenlik \u00f6nlemleri art\u0131r\u0131ld\u0131.<\/p>\n<p>Rus bas\u0131n\u0131nda \u00e7\u0131kan haberlere g\u00f6re, Moskova&#8217;daki \u00f6nemli tesisler, devlet kurumlar\u0131 ve ula\u015f\u0131m altyap\u0131 tesislerinin tamam\u0131 g\u00fc\u00e7l\u00fc koruma alt\u0131na al\u0131nd\u0131.<\/p>\n<p>Sosyal medyada, Moskova caddelerinde askeri ara\u00e7lar\u0131n varl\u0131\u011f\u0131na ili\u015fkin g\u00f6r\u00fcnt\u00fcler payla\u015f\u0131l\u0131yor.<\/p>\n<h3>Rus G\u00fcvenlik Servisi, Wagner \u00fcyelerine &#8220;Prigojin&#8217;i yakalay\u0131n&#8221; \u00e7a\u011fr\u0131s\u0131 yapt\u0131<\/h3>\n<p>Rusya Federal G\u00fcvenlik Servisi (FSB), Rus g\u00fcvenlik \u015firketi Wagner \u00fcyelerine, \u015firketin kurucusu Yevgeniy Prigojin&#8217;in yakalanmas\u0131 \u00e7a\u011fr\u0131s\u0131nda bulundu.<\/p>\n<p>FSB&#8217;den yap\u0131lan a\u00e7\u0131klamada, Prigojin&#8217;in a\u00e7\u0131klamalar\u0131 ve eylemlerinin &#8220;silahl\u0131 bir i\u00e7 \u00e7at\u0131\u015fman\u0131n ba\u015flat\u0131lmas\u0131 i\u00e7in \u00e7a\u011fr\u0131&#8221; oldu\u011fu bildirdi.<\/p>\n<p>Prigojin&#8217;in a\u00e7\u0131klamalar\u0131 nedeniyle ceza davas\u0131 a\u00e7\u0131ld\u0131\u011f\u0131 hat\u0131rlat\u0131lan a\u00e7\u0131klamada, &#8220;Wagner&#8217;i sava\u015f\u00e7\u0131lar\u0131n\u0131 hata yapmamaya, Prigojin&#8217;in su\u00e7 i\u00e7erikli emirlerine uymamaya ve yakalamaya \u00e7a\u011f\u0131r\u0131yoruz.&#8221; ifadeleri kullan\u0131ld\u0131.<\/p>\n<p>Rusya Ba\u015fsavc\u0131l\u0131\u011f\u0131ndan yap\u0131lan a\u00e7\u0131klamada ise &#8220;Prigojin&#8217;in Rusya&#8217;da silahl\u0131 isyan d\u00fczenleme y\u00f6n\u00fcndeki eylemlerine ili\u015fkin ba\u015flat\u0131lan soru\u015fturma yasal ve do\u011frudur. Eylemleri de\u011ferlendirilecek.&#8221; ifadelerine yer verildi.<\/p>\n<h3>Rus komutanlar, Wagner&#8217;e &#8220;durma \u00e7a\u011fr\u0131s\u0131&#8221; yapt\u0131<\/h3>\n<p>Rus komutanlar, Rus g\u00fcvenlik \u015firketi Wagner&#8217;e &#8220;durma&#8221; \u00e7a\u011fr\u0131s\u0131nda bulundu.<\/p>\n<p>Rusya&#8217;n\u0131n Ukrayna&#8217;daki birliklerinden sorumlu komutan\u0131 Sergey Surovikin, sosyal medyadan g\u00f6r\u00fcnt\u00fcl\u00fc mesaj yay\u0131nlad\u0131.<\/p>\n<p>Wagner&#8217;i durmaya \u00e7a\u011f\u0131ran Surovikin, &#8220;Birlikte \u00e7ok zor bir yoldan ge\u00e7tik. Birlikte sava\u015ft\u0131k, riskler ya\u015fad\u0131k, kay\u0131plar verdik, zaferler kazand\u0131k. Ayn\u0131 kandan askerleriz. Durmaya \u00e7a\u011f\u0131r\u0131yorum. D\u00fc\u015fman\u0131m\u0131z i\u00e7 siyaset durumunun k\u00f6t\u00fcle\u015fmesini bekliyor. D\u00fc\u015fman\u0131n eline koz vermemeliyiz.&#8221; ifadelerini kulland\u0131.<\/p>\n<p>Rus Korgenerali Vladimir Alekseyev de &#8220;Niyetiniz ne olursa olsun, yapt\u0131klar\u0131n\u0131z \u00fclke ve devlet ba\u015fkan\u0131n\u0131n arkas\u0131ndan b\u0131\u00e7ak saplamakt\u0131r. Rusya ve Silahl\u0131 Kuvvetlerinin imaj\u0131na bundan daha b\u00fcy\u00fck bir darbe olamaz. B\u00f6yle bir provokasyonu ancak \u00fclkeye d\u00fc\u015fman olan yapabilir.&#8221; de\u011ferlendirmesinde bulundu.<\/p>\n<h3>&#8220;Kiev y\u00f6netimi, Prigojin&#8217;in k\u0131\u015fk\u0131rt\u0131c\u0131 eylemlerini kullan\u0131yor&#8221;<\/h3>\n<p>Rusya Savunma Bakanl\u0131\u011f\u0131ndan yap\u0131lan a\u00e7\u0131klamada ise &#8220;Kiev y\u00f6netimi, Prigojin&#8217;in durumu bozma y\u00f6n\u00fcndeki k\u0131\u015fk\u0131rt\u0131c\u0131 eylemlerini kullanarak, Bahmut y\u00f6n\u00fcnde Ukrayna Silahl\u0131 Kuvvetlerine ba\u011fl\u0131 35. Deniz Tugay\u0131 ve 36. Mekanize Tugay\u0131&#8217;n\u0131 sald\u0131r\u0131 operasyon ba\u015flatmak i\u00e7in konu\u015fland\u0131r\u0131yor.&#8221; ifadelerine yer verildi.<\/p>\n<p>                            <span class=\"detay-foto-editor\">&#13;<br \/>\n                                <a href=\"https:\/\/www.aa.com.tr\/tr\/p\/abonelik-talep-formu\/1001\" target=\"_blank\" style=\"font-size:12px; color:#444; text-decoration:none;\" rel=\"noopener\">&#13;<br \/>\n                                    Anadolu Ajans\u0131 web sitesinde, AA Haber Ak\u0131\u015f Sistemi (HAS) \u00fczerinden abonelere sunulan haberler, \u00f6zetlenerek yay\u0131mlanmaktad\u0131r. <b style=\"color:#1897F7\">Abonelik i\u00e7in l\u00fctfen ileti\u015fime ge\u00e7iniz.<\/b>&#13;<br \/>\n                                <\/a>&#13;<br \/>\n                            <\/span>\n                        <\/div>\n<p><script>\n\t  window.fbAsyncInit = function() {\n\t\tFB.init({\n\t\t  appId: '1855843514662870',\n\t\t  status : true, \/\/ check login status\n\t\t  cookie : true, \/\/ enable cookies to allow the server to access the session\n\t\t  xfbml  : true  \/\/ parse XFBML\n\t\t});\n\t  };<\/p>\n<p>\t  (function() {\n\t\tvar e = document.createElement('script');\n\t\te.src=\"https:\/\/connect.facebook.net\/tr_TR\/all.js\";\n\t\te.async = true;\n\t\tdocument.getElementById('fb-root').appendChild(e);\n\t  }());\n    <\/script><\/p>\n","protected":false},"excerpt":{"rendered":"<p>Rus g\u00fcvenlik \u015firketi Wagner&#8217;in kurucusu Yevgeniy Prigojin&#8217;in, Rus ordusunu Wagner&#8217;e sald\u0131r\u0131 d\u00fczenlemekle su\u00e7lamas\u0131 ve kar\u015f\u0131l\u0131k vermekle tehdit etmesinin ard\u0131ndan \u00fclkenin Federal G\u00fcvenlik Servisi (FSB) &#8220;silahl\u0131 isyan&#8221; su\u00e7lamas\u0131yla ceza davas\u0131 a\u00e7t\u0131. Prigojin, Telegram kanal\u0131ndan yapt\u0131\u011f\u0131 a\u00e7\u0131klamada, Rus ordusunun Wagner&#8217;in kamplar\u0131na sald\u0131r\u0131 d\u00fczenledi\u011fini ileri s\u00fcrd\u00fc. Rusya Savunma Bakanl\u0131\u011f\u0131n\u0131n Wagner&#8217;i kand\u0131rd\u0131\u011f\u0131n\u0131 ve ortadan kald\u0131rmak istedi\u011fini savunan Prigojin, &#8220;Rusya [&hellip;]<\/p>\n","protected":false},"author":1,"featured_media":7917,"comment_status":"","ping_status":"","sticky":false,"template":"","format":"standard","meta":[],"categories":[1],"tags":[],"_links":{"self":[{"href":"https:\/\/kraios.app\/news\/wp-json\/wp\/v2\/posts\/7916"}],"collection":[{"href":"https:\/\/kraios.app\/news\/wp-json\/wp\/v2\/posts"}],"about":[{"href":"https:\/\/kraios.app\/news\/wp-json\/wp\/v2\/types\/post"}],"author":[{"embeddable":true,"href":"https:\/\/kraios.app\/news\/wp-json\/wp\/v2\/users\/1"}],"replies":[{"embeddable":true,"href":"https:\/\/kraios.app\/news\/wp-json\/wp\/v2\/comments?post=7916"}],"version-history":[{"count":0,"href":"https:\/\/kraios.app\/news\/wp-json\/wp\/v2\/posts\/7916\/revisions"}],"wp:featuredmedia":[{"embeddable":true,"href":"https:\/\/kraios.app\/news\/wp-json\/wp\/v2\/media\/7917"}],"wp:attachment":[{"href":"https:\/\/kraios.app\/news\/wp-json\/wp\/v2\/media?parent=7916"}],"wp:term":[{"taxonomy":"category","embeddable":true,"href":"https:\/\/kraios.app\/news\/wp-json\/wp\/v2\/categories?post=7916"},{"taxonomy":"post_tag","embeddable":true,"href":"https:\/\/kraios.app\/news\/wp-json\/wp\/v2\/tags?post=7916"}],"curies":[{"name":"wp","href":"https:\/\/api.w.org\/{rel}","templated":true}]}}