{"id":7895,"date":"2023-06-23T19:20:05","date_gmt":"2023-06-23T19:20:05","guid":{"rendered":"https:\/\/kraios.app\/news\/ekonomi\/2023\/06\/23\/hazine-ve-maliye-bakani-simsekten-turkiyenin-kara-parayla-mucadelesinde-kararlilik-vurgusu\/"},"modified":"2023-06-23T19:20:05","modified_gmt":"2023-06-23T19:20:05","slug":"hazine-ve-maliye-bakani-simsekten-turkiyenin-kara-parayla-mucadelesinde-kararlilik-vurgusu","status":"publish","type":"post","link":"https:\/\/kraios.app\/news\/ekonomi\/2023\/06\/23\/hazine-ve-maliye-bakani-simsekten-turkiyenin-kara-parayla-mucadelesinde-kararlilik-vurgusu\/","title":{"rendered":"Hazine ve Maliye Bakan\u0131 \u015eim\u015fek&#8217;ten T\u00fcrkiye&#8217;nin kara parayla m\u00fccadelesinde kararl\u0131l\u0131k vurgusu"},"content":{"rendered":"<p> <br \/>\n<\/p>\n<div>\n<p>Hazine ve Maliye Bakan\u0131 Mehmet \u015eim\u015fek, AA muhabirine, FATF&#8217;\u0131n genel kurul toplant\u0131s\u0131na ve burada T\u00fcrkiye&#8217;ye y\u00f6nelik al\u0131nan karara ili\u015fkin de\u011ferlendirmede bulundu.<\/p>\n<p>FATF&#8217;\u0131n Haziran 2023 toplant\u0131lar\u0131n\u0131n tamamland\u0131\u011f\u0131 bilgisini veren \u015eim\u015fek, ilgili kurulu\u015fca yay\u0131mlanan kamuoyu duyurusunda T\u00fcrkiye&#8217;nin atm\u0131\u015f oldu\u011fu olumlu ad\u0131mlar ile etkililik alan\u0131ndaki geli\u015fmelere dikkatin \u00e7ekildi\u011fini s\u00f6yledi.<\/p>\n<p>\u015eim\u015fek, &#8220;FATF taraf\u0131ndan \u00fclkemize y\u00f6nelik belirlenen 7 eksiklik, son toplant\u0131da 2&#8217;ye indirildi. T\u00fcrkiye&#8217;nin kara para ve ter\u00f6r\u00fcn finansman\u0131yla m\u00fccadelesi kararl\u0131l\u0131kla devam etmektedir. En k\u0131sa s\u00fcrede bu eksiklikleri de tamamlayarak T\u00fcrkiye&#8217;nin gri listeden \u00e7\u0131kar\u0131lmas\u0131 sa\u011flanacakt\u0131r.&#8221; diye konu\u015ftu.<\/p>\n<p>FATF standartlar\u0131na uyum kapsam\u0131nda T\u00fcrkiye&#8217;nin en ba\u015far\u0131l\u0131 \u00fclkeler aras\u0131na girdi\u011fini ortaya koyacak raporun da yak\u0131n tarihte yay\u0131mlanaca\u011f\u0131n\u0131 vurgulayan \u015eim\u015fek, \u015fu de\u011ferlendirmede bulundu:<\/p>\n<p>&#8220;Bundan sonraki s\u00fcre\u00e7te, FATF ve ilgili t\u00fcm kurumlarla i\u015fbirli\u011fi i\u00e7inde gerekli ad\u0131mlar at\u0131lmaya devam edilecek ve \u00fclkemizin hak etmedi\u011fi gri liste s\u00fcrecinden en k\u0131sa s\u00fcrede \u00e7\u0131kmas\u0131 i\u00e7in gereken ad\u0131mlar at\u0131lacakt\u0131r. T\u00fcm kamu kurum ve kurulu\u015flar\u0131 s\u00f6z konusu kalan unsurlar\u0131n en k\u0131sa s\u00fcrede giderilmesi amac\u0131yla MASAK koordinasyonunda yo\u011fun \u015fekilde \u00e7al\u0131\u015fmaya devam ediyor, &#8216;gri liste&#8217; s\u00fcrecinin sonland\u0131r\u0131lmas\u0131 i\u00e7in t\u00fcm imkanlar seferber ediliyor.&#8221;<\/p>\n<h3>&#8220;T\u00fcrkiye \u00e7ok ciddi ad\u0131mlar att\u0131&#8221;<\/h3>\n<p>MASAK&#8217;\u0131n internet sitesinde yer alan a\u00e7\u0131klamada da FATF&#8217;\u0131n kara paran\u0131n aklanmas\u0131, ter\u00f6rizmin ve kitle imha silahlar\u0131n\u0131n yay\u0131lmas\u0131n\u0131n finansman\u0131yla m\u00fccadele kapsam\u0131nda uluslararas\u0131 standartlar\u0131 belirleyici bir kurulu\u015f oldu\u011funa i\u015faret edilerek, bu kurulu\u015fun, g\u00f6rev kapsam\u0131 ba\u011flam\u0131nda \u00fclkelerin teknik uyum (mevzuat) ve etkililik (uygulama) durumlar\u0131n\u0131 da kar\u015f\u0131l\u0131kl\u0131 de\u011ferlendirme raporlar\u0131 marifetiyle de\u011ferlendirdi\u011fi bildirildi.<\/p>\n<p>T\u00fcrkiye&#8217;ye y\u00f6nelik 2019 y\u0131l\u0131nda yay\u0131mlanan kar\u015f\u0131l\u0131kl\u0131 de\u011ferlendirme raporu ve sonras\u0131nda haz\u0131rlanan izleme d\u00f6nemi sonras\u0131 raporla birlikte \u00fclkenin Ekim 2021&#8217;de &#8220;gri liste&#8221; olarak da bilinen &#8220;art\u0131r\u0131lm\u0131\u015f izlemeye tabi \u00fclkeler&#8221; listesine FATF taraf\u0131ndan dahil edildi\u011fi an\u0131msat\u0131lan a\u00e7\u0131klamada, &#8220;Kar\u015f\u0131l\u0131kl\u0131 de\u011ferlendirme s\u00fcrecinden bu yana \u00fclkemiz, kara paran\u0131n aklanmas\u0131, ter\u00f6rizmin ve kitle imha silahlar\u0131n\u0131n yay\u0131lmas\u0131n\u0131n finansman\u0131yla m\u00fccadele kapsam\u0131nda \u00e7ok ciddi ad\u0131mlar att\u0131 ve bu husus FATF taraf\u0131ndan da onand\u0131. Zira Ekim 2021&#8217;de FATF taraf\u0131ndan yay\u0131mlanan kamuoyu duyurusunda \u00fclkemize y\u00f6nelik yay\u0131mlanan b\u00f6l\u00fcm\u00fcnde 7 eksikli\u011fe de\u011finilmekte iken Haziran 2023 Genel Kurulu sonras\u0131nda yay\u0131mlanan duyuruda bunlar 2&#8217;ye indirilmi\u015ftir.&#8221; ifadesine yer verildi.<\/p>\n<p>A\u00e7\u0131klamada, T\u00fcrkiye&#8217;nin teknik uyum ba\u011flam\u0131nda \u00e7ok say\u0131da \u00fclkenin \u00f6n\u00fcne ge\u00e7erek 40 FATF tavsiyesinde \u00e7ok geni\u015f \u00f6l\u00e7\u00fcde uyumlu hale geldi\u011fine vurgu yap\u0131larak, \u015funlar kaydedildi:<\/p>\n<p>&#8220;Bu ba\u011flamda, \u00fcye \u00fclkelerin ortalama 9 FATF tavsiyesinde eksikli\u011fi bulundu\u011fu dikkate al\u0131nd\u0131\u011f\u0131nda, \u00fclkemizin s\u00f6z konusu tavsiyeler ba\u011flam\u0131nda ne denli uyumlu oldu\u011fu da ortaya \u00e7\u0131kmaktad\u0131r. Sonu\u00e7 olarak, \u00fclkemizin FATF s\u00fcreci ile ilgili olarak baz\u0131 bas\u0131n organlar\u0131nda yay\u0131mlanan ger\u00e7ek d\u0131\u015f\u0131 haberlere itibar edilmemesi ve yaln\u0131zca Bakanl\u0131\u011f\u0131m\u0131zca yap\u0131lacak bilgilendirmenin esas al\u0131nmas\u0131 gerekmektedir. Bu ba\u011flamda t\u00fcm kamu kurum ve kurulu\u015flar\u0131m\u0131z\u0131n yo\u011fun \u00e7al\u0131\u015fmalar\u0131n\u0131n ve \u00e7abalar\u0131n\u0131n k\u0131sa s\u00fcrede sonu\u00e7 verece\u011fine inanc\u0131m\u0131z tamd\u0131r.&#8221;<\/p>\n<p>                            <span class=\"detay-foto-editor\">&#13;<br \/>\n                                <a href=\"https:\/\/www.aa.com.tr\/tr\/p\/abonelik-talep-formu\/1001\" target=\"_blank\" style=\"font-size:12px; color:#444; text-decoration:none;\" rel=\"noopener\">&#13;<br \/>\n                                    Anadolu Ajans\u0131 web sitesinde, AA Haber Ak\u0131\u015f Sistemi (HAS) \u00fczerinden abonelere sunulan haberler, \u00f6zetlenerek yay\u0131mlanmaktad\u0131r. <b style=\"color:#1897F7\">Abonelik i\u00e7in l\u00fctfen ileti\u015fime ge\u00e7iniz.<\/b>&#13;<br \/>\n                                <\/a>&#13;<br \/>\n                            <\/span>\n                        <\/div>\n<p><script>\n\t  window.fbAsyncInit = function() {\n\t\tFB.init({\n\t\t  appId: '1855843514662870',\n\t\t  status : true, \/\/ check login status\n\t\t  cookie : true, \/\/ enable cookies to allow the server to access the session\n\t\t  xfbml  : true  \/\/ parse XFBML\n\t\t});\n\t  };<\/p>\n<p>\t  (function() {\n\t\tvar e = document.createElement('script');\n\t\te.src=\"https:\/\/connect.facebook.net\/tr_TR\/all.js\";\n\t\te.async = true;\n\t\tdocument.getElementById('fb-root').appendChild(e);\n\t  }());\n    <\/script><br \/>\n<br \/><br \/>\n<br \/><a href=\"https:\/\/www.aa.com.tr\/tr\/ekonomi\/hazine-ve-maliye-bakani-simsekten-turkiyenin-kara-parayla-mucadelesinde-kararlilik-vurgusu\/2929745\">Source link <\/a><\/p>\n","protected":false},"excerpt":{"rendered":"<p>Hazine ve Maliye Bakan\u0131 Mehmet \u015eim\u015fek, AA muhabirine, FATF&#8217;\u0131n genel kurul toplant\u0131s\u0131na ve burada T\u00fcrkiye&#8217;ye y\u00f6nelik al\u0131nan karara ili\u015fkin de\u011ferlendirmede bulundu. FATF&#8217;\u0131n Haziran 2023 toplant\u0131lar\u0131n\u0131n tamamland\u0131\u011f\u0131 bilgisini veren \u015eim\u015fek, ilgili kurulu\u015fca yay\u0131mlanan kamuoyu duyurusunda T\u00fcrkiye&#8217;nin atm\u0131\u015f oldu\u011fu olumlu ad\u0131mlar ile etkililik alan\u0131ndaki geli\u015fmelere dikkatin \u00e7ekildi\u011fini s\u00f6yledi. \u015eim\u015fek, &#8220;FATF taraf\u0131ndan \u00fclkemize y\u00f6nelik belirlenen 7 eksiklik, son [&hellip;]<\/p>\n","protected":false},"author":1,"featured_media":7896,"comment_status":"","ping_status":"","sticky":false,"template":"","format":"standard","meta":[],"categories":[44],"tags":[],"_links":{"self":[{"href":"https:\/\/kraios.app\/news\/wp-json\/wp\/v2\/posts\/7895"}],"collection":[{"href":"https:\/\/kraios.app\/news\/wp-json\/wp\/v2\/posts"}],"about":[{"href":"https:\/\/kraios.app\/news\/wp-json\/wp\/v2\/types\/post"}],"author":[{"embeddable":true,"href":"https:\/\/kraios.app\/news\/wp-json\/wp\/v2\/users\/1"}],"replies":[{"embeddable":true,"href":"https:\/\/kraios.app\/news\/wp-json\/wp\/v2\/comments?post=7895"}],"version-history":[{"count":0,"href":"https:\/\/kraios.app\/news\/wp-json\/wp\/v2\/posts\/7895\/revisions"}],"wp:featuredmedia":[{"embeddable":true,"href":"https:\/\/kraios.app\/news\/wp-json\/wp\/v2\/media\/7896"}],"wp:attachment":[{"href":"https:\/\/kraios.app\/news\/wp-json\/wp\/v2\/media?parent=7895"}],"wp:term":[{"taxonomy":"category","embeddable":true,"href":"https:\/\/kraios.app\/news\/wp-json\/wp\/v2\/categories?post=7895"},{"taxonomy":"post_tag","embeddable":true,"href":"https:\/\/kraios.app\/news\/wp-json\/wp\/v2\/tags?post=7895"}],"curies":[{"name":"wp","href":"https:\/\/api.w.org\/{rel}","templated":true}]}}